{"id":148344,"date":"2026-09-01T17:02:37","date_gmt":"2026-09-01T20:02:37","guid":{"rendered":"https:\/\/noticiasbahia360.com.br\/?p=148344"},"modified":"2026-09-01T17:02:37","modified_gmt":"2026-09-01T20:02:37","slug":"vlt-inicia-operacao-com-passageiros-na-parada-marisqueiras-nesta-terca-feira-1o","status":"publish","type":"post","link":"https:\/\/noticiasbahia360.com.br\/?p=148344","title":{"rendered":"VLT inicia opera\u00e7\u00e3o com passageiros na Parada Marisqueiras nesta ter\u00e7a-feira (1\u00ba)"},"content":{"rendered":"<div>\n<div>\n<figure><img decoding=\"async\" src=\"http:\/\/noticiasbahia360.com.br\/wp-content\/uploads\/2026\/09\/VLT-inicia-operacao-com-passageiros-na-Parada-Marisqueiras-nesta-terca-feira-foto-divulgacao-.jpg\" alt=\"VLT\"><figcaption>Foto: Divulga\u00e7\u00e3o <\/figcaption><\/figure>\n<\/div>\n<p class=\"wp-block-paragraph\">O Ve\u00edculo Leve sobre Trilhos (VLT) come\u00e7ou a operar com passageiros, nesta ter\u00e7a-feira (1\u00ba), na Parada Marisqueiras, em S\u00e3o Jo\u00e3o do Cabrito, Sub\u00farbio Ferrovi\u00e1rio de Salvador. A nova opera\u00e7\u00e3o, conduzida pela Companhia de Transportes do Estado da Bahia (CTB), amplia a mobilidade na regi\u00e3o e permite que os passageiros cheguem \u00e0 Esta\u00e7\u00e3o Cal\u00e7ada em apenas 20 minutos. Os vag\u00f5es tamb\u00e9m contam com espa\u00e7os destinados ao transporte adequado de pescados e mariscos.<\/p>\n<p class=\"wp-block-paragraph\">Em opera\u00e7\u00e3o assistida, o trajeto entre a Parada Marisqueiras e a Esta\u00e7\u00e3o Cal\u00e7ada passa pelas paradas Uni\u00e3o, Lobato, Pedreira e Baixa do Fiscal. O per\u00edodo de testes permite acompanhar a utiliza\u00e7\u00e3o do servi\u00e7o, a demanda dos passageiros e os ajustes necess\u00e1rios \u00e0 opera\u00e7\u00e3o. O atendimento ocorre de segunda a sexta-feira, das 7h \u00e0s 16h.<\/p>\n<p class=\"wp-block-paragraph\">A primeira sa\u00edda da Parada Marisqueiras est\u00e1 prevista para as 7h, e a \u00faltima viagem com origem em S\u00e3o Jo\u00e3o do Cabrito acontece \u00e0s 15h40. Aos s\u00e1bados, s\u00e3o realizadas viagens quinzenais. Desde o in\u00edcio da opera\u00e7\u00e3o assistida, no final de junho, mais de 80 mil passageiros j\u00e1 utilizaram o VLT entre a Parada Lobato e a Esta\u00e7\u00e3o Cal\u00e7ada. De acordo com o secret\u00e1rio da Casa Civil do estado, Eracy Lafuente, a expectativa \u00e9 ampliar o n\u00famero de passageiros gradualmente.<\/p>\n<p class=\"wp-block-paragraph\"><em>Siga o Acorda Cidade no\u00a0<\/em><a href=\"https:\/\/news.google.com\/search?q=acorda%20cidade&amp;hl=pt-BR&amp;gl=BR&amp;ceid=BR%3Apt-419\"><strong><em>Google Not\u00edcias<\/em><\/strong><\/a><em>\u00a0e receba os principais destaques do dia. Participe tamb\u00e9m dos nossos canais no\u00a0<\/em><a href=\"https:\/\/www.whatsapp.com\/channel\/0029Va6Rb4v3WHTNnsh8WI3N\"><strong><em>WhatsApp<\/em><\/strong><\/a><em>\u00a0e\u00a0<\/em><a href=\"https:\/\/www.youtube.com\/@acordacidadenoticias\/videos\"><strong>YouTube<\/strong><\/a><em>\u00a0e do grupo no\u00a0<\/em><a href=\"https:\/\/t.me\/+sSz0khrgARA0ZmRh\"><strong><em>Telegram<\/em><\/strong><\/a><em>.<\/em><a href=\"https:\/\/www.acordacidade.com.br\/colunas\/dilton-e-feito\/\"><\/a><\/p>\n<\/div>\n","protected":false},"excerpt":{"rendered":"<p>Foto: Divulga\u00e7\u00e3o O Ve\u00edculo Leve sobre Trilhos (VLT) come\u00e7ou a operar com passageiros, nesta ter\u00e7a-feira<\/p>\n","protected":false},"author":1,"featured_media":148345,"comment_status":"closed","ping_status":"closed","sticky":false,"template":"","format":"gallery","meta":{"footnotes":""},"categories":[8,9,6,57,56,10],"tags":[],"class_list":["post-148344","post","type-post","status-publish","format-gallery","has-post-thumbnail","hentry","category-bahia","category-brasil","category-feira-de-santana","category-mundo","category-policia","category-politica","post_format-post-format-gallery"],"featured_image_urls":{"full":["https:\/\/noticiasbahia360.com.br\/wp-content\/uploads\/2026\/09\/VLT-inicia-operacao-com-passageiros-na-Parada-Marisqueiras-nesta-terca-feira-foto-divulgacao-.jpg",1200,675,false],"thumbnail":["https:\/\/noticiasbahia360.com.br\/wp-content\/uploads\/2026\/09\/VLT-inicia-operacao-com-passageiros-na-Parada-Marisqueiras-nesta-terca-feira-foto-divulgacao--150x150.jpg",150,150,true],"medium":["https:\/\/noticiasbahia360.com.br\/wp-content\/uploads\/2026\/09\/VLT-inicia-operacao-com-passageiros-na-Parada-Marisqueiras-nesta-terca-feira-foto-divulgacao--300x169.jpg",300,169,true],"medium_large":["https:\/\/noticiasbahia360.com.br\/wp-content\/uploads\/2026\/09\/VLT-inicia-operacao-com-passageiros-na-Parada-Marisqueiras-nesta-terca-feira-foto-divulgacao--768x432.jpg",640,360,true],"large":["https:\/\/noticiasbahia360.com.br\/wp-content\/uploads\/2026\/09\/VLT-inicia-operacao-com-passageiros-na-Parada-Marisqueiras-nesta-terca-feira-foto-divulgacao--1024x576.jpg",640,360,true],"1536x1536":["https:\/\/noticiasbahia360.com.br\/wp-content\/uploads\/2026\/09\/VLT-inicia-operacao-com-passageiros-na-Parada-Marisqueiras-nesta-terca-feira-foto-divulgacao-.jpg",1200,675,false],"2048x2048":["https:\/\/noticiasbahia360.com.br\/wp-content\/uploads\/2026\/09\/VLT-inicia-operacao-com-passageiros-na-Parada-Marisqueiras-nesta-terca-feira-foto-divulgacao-.jpg",1200,675,false],"chromenews-featured":["https:\/\/noticiasbahia360.com.br\/wp-content\/uploads\/2026\/09\/VLT-inicia-operacao-com-passageiros-na-Parada-Marisqueiras-nesta-terca-feira-foto-divulgacao--1024x576.jpg",1024,576,true],"chromenews-large":["https:\/\/noticiasbahia360.com.br\/wp-content\/uploads\/2026\/09\/VLT-inicia-operacao-com-passageiros-na-Parada-Marisqueiras-nesta-terca-feira-foto-divulgacao--825x575.jpg",825,575,true],"chromenews-medium":["https:\/\/noticiasbahia360.com.br\/wp-content\/uploads\/2026\/09\/VLT-inicia-operacao-com-passageiros-na-Parada-Marisqueiras-nesta-terca-feira-foto-divulgacao--590x410.jpg",590,410,true]},"author_info":{"display_name":"noticiasbahia360.com.br","author_link":"https:\/\/noticiasbahia360.com.br\/?author=1"},"category_info":"<a href=\"https:\/\/noticiasbahia360.com.br\/?cat=8\" rel=\"category\">Bahia<\/a> <a href=\"https:\/\/noticiasbahia360.com.br\/?cat=9\" rel=\"category\">Brasil<\/a> <a href=\"https:\/\/noticiasbahia360.com.br\/?cat=6\" rel=\"category\">Feira de Santana<\/a> <a href=\"https:\/\/noticiasbahia360.com.br\/?cat=57\" rel=\"category\">Mundo<\/a> <a href=\"https:\/\/noticiasbahia360.com.br\/?cat=56\" rel=\"category\">Pol\u00edcia<\/a> <a href=\"https:\/\/noticiasbahia360.com.br\/?cat=10\" rel=\"category\">Pol\u00edtica<\/a>","tag_info":"Pol\u00edtica","comment_count":"0","_links":{"self":[{"href":"https:\/\/noticiasbahia360.com.br\/index.php?rest_route=\/wp\/v2\/posts\/148344","targetHints":{"allow":["GET"]}}],"collection":[{"href":"https:\/\/noticiasbahia360.com.br\/index.php?rest_route=\/wp\/v2\/posts"}],"about":[{"href":"https:\/\/noticiasbahia360.com.br\/index.php?rest_route=\/wp\/v2\/types\/post"}],"author":[{"embeddable":true,"href":"https:\/\/noticiasbahia360.com.br\/index.php?rest_route=\/wp\/v2\/users\/1"}],"replies":[{"embeddable":true,"href":"https:\/\/noticiasbahia360.com.br\/index.php?rest_route=%2Fwp%2Fv2%2Fcomments&post=148344"}],"version-history":[{"count":0,"href":"https:\/\/noticiasbahia360.com.br\/index.php?rest_route=\/wp\/v2\/posts\/148344\/revisions"}],"wp:featuredmedia":[{"embeddable":true,"href":"https:\/\/noticiasbahia360.com.br\/index.php?rest_route=\/wp\/v2\/media\/148345"}],"wp:attachment":[{"href":"https:\/\/noticiasbahia360.com.br\/index.php?rest_route=%2Fwp%2Fv2%2Fmedia&parent=148344"}],"wp:term":[{"taxonomy":"category","embeddable":true,"href":"https:\/\/noticiasbahia360.com.br\/index.php?rest_route=%2Fwp%2Fv2%2Fcategories&post=148344"},{"taxonomy":"post_tag","embeddable":true,"href":"https:\/\/noticiasbahia360.com.br\/index.php?rest_route=%2Fwp%2Fv2%2Ftags&post=148344"}],"curies":[{"name":"wp","href":"https:\/\/api.w.org\/{rel}","templated":true}]}}