{"id":148346,"date":"2026-09-01T17:02:38","date_gmt":"2026-09-01T20:02:38","guid":{"rendered":"https:\/\/noticiasbahia360.com.br\/?p=148346"},"modified":"2026-09-01T17:02:38","modified_gmt":"2026-09-01T20:02:38","slug":"criancas-mortas-por-afogamento-em-paramirim-sao-sepultadas-em-cerimonia-marcada-por-forte-comocao","status":"publish","type":"post","link":"https:\/\/noticiasbahia360.com.br\/?p=148346","title":{"rendered":"Crian\u00e7as mortas por afogamento em Paramirim s\u00e3o sepultadas em cerim\u00f4nia marcada por forte como\u00e7\u00e3o"},"content":{"rendered":"<div>\n<div>\n<figure><img decoding=\"async\" src=\"http:\/\/noticiasbahia360.com.br\/wp-content\/uploads\/2026\/09\/3231-velorio-de-criancas-afogadas-em-paramirim.jpg\" alt=\"velorio-de-criancas-afogadas-em-paramirim\"><figcaption>Foto: WhatsApp\/Achei Sudoeste<br \/>\n<\/figcaption><\/figure>\n<\/div>\n<p class=\"wp-block-paragraph\">Sob forte como\u00e7\u00e3o e ora\u00e7\u00f5es, foram sepultadas na segunda-feira (31) as quatro crian\u00e7as que morreram v\u00edtimas de afogamento no \u00faltimo domingo (30), em um a\u00e7ude na comunidade rural de Salina Branca, em Paramirim, regi\u00e3o sudoeste da Bahia.<\/p>\n<p class=\"wp-block-paragraph\">Uma cerim\u00f4nia religiosa marcou a despedida das v\u00edtimas, que foi acompanhada por familiares e moradores da cidade.<\/p>\n<p class=\"wp-block-paragraph\">De acordo com o site Achei Sudoeste, parceiro do Acorda Cidade, os caix\u00f5es das crian\u00e7as, todos da cor branca, foram posicionados juntos, e a cerim\u00f4nia foi presidida pelo bispo da Diocese de Livramento de Nossa Senhora, que realizou o rito de encomenda\u00e7\u00e3o e ora\u00e7\u00e3o.<\/p>\n<figure class=\"wp-block-image size-full\"><img fetchpriority=\"high\" decoding=\"async\" width=\"1200\" height=\"698\" src=\"http:\/\/noticiasbahia360.com.br\/wp-content\/uploads\/2026\/09\/Quatro-criancas-da-mesma-familia-morrem-afogadas-em-reservatorio-na-Bahia-foto-divulgacao-.jpg\" alt=\"Quatro crian\u00e7as da mesma fam\u00edlia morrem afogadas em reservat\u00f3rio na Bahia\" class=\"wp-image-686336\" srcset=\"http:\/\/noticiasbahia360.com.br\/wp-content\/uploads\/2026\/09\/Quatro-criancas-da-mesma-familia-morrem-afogadas-em-reservatorio-na-Bahia-foto-divulgacao-.jpg 1200w, https:\/\/uploads.acordacidade.com.br\/2026\/08\/Quatro-criancas-da-mesma-familia-morrem-afogadas-em-reservatorio-na-Bahia-foto-divulgacao--750x436.jpg 750w, https:\/\/uploads.acordacidade.com.br\/2026\/08\/Quatro-criancas-da-mesma-familia-morrem-afogadas-em-reservatorio-na-Bahia-foto-divulgacao--1000x582.jpg 1000w, https:\/\/uploads.acordacidade.com.br\/2026\/08\/Quatro-criancas-da-mesma-familia-morrem-afogadas-em-reservatorio-na-Bahia-foto-divulgacao--450x262.jpg 450w, https:\/\/uploads.acordacidade.com.br\/2026\/08\/Quatro-criancas-da-mesma-familia-morrem-afogadas-em-reservatorio-na-Bahia-foto-divulgacao--150x87.jpg 150w\" sizes=\"(max-width: 1200px) 100vw, 1200px\"><figcaption class=\"wp-element-caption\">Foto: Reprodu\u00e7\u00e3o \/ Achei Sudoeste <\/figcaption><\/figure>\n<h2 id=\"h-como-ocorreu-a-tragedia\" class=\"wp-block-heading\">Como ocorreu a trag\u00e9dia<\/h2>\n<p class=\"wp-block-paragraph\">As quatro crian\u00e7as que morreram afogadas na tarde de domingo (30), em um a\u00e7ude na zona rural de Paramirim, regi\u00e3o sudoeste da Bahia, estavam dentro de um equipamento utilizado como bebedouro ou cocho de alimentar animais. A trag\u00e9dia ocorreu na comunidade de Salina Branca e causou grande como\u00e7\u00e3o em toda a regi\u00e3o.<\/p>\n<p class=\"wp-block-paragraph\">Os irm\u00e3os Jeferson Davi da Silva Oliveira, de 9 anos; Jacson Diego Silva Oliveira, de 6 anos; e Jos\u00e9 Diogo da Silva Oliveira, de 3 anos; e do primo deles, Lorenzo Almeida Cardoso, de 8 anos, n\u00e3o sabiam nadar e submergiram ap\u00f3s a embarca\u00e7\u00e3o improvisada afundar nas \u00e1guas do reservat\u00f3rio. No momento do acidente, as crian\u00e7as tamb\u00e9m n\u00e3o usavam nenhum tipo de equipamento de prote\u00e7\u00e3o.<\/p>\n<p class=\"wp-block-paragraph\">De acordo com o relato da Pol\u00edcia Militar, uma guarni\u00e7\u00e3o da 46\u00aa Companhia Independente foi acionada por volta das 15h de domingo para atender \u00e0 ocorr\u00eancia. Ap\u00f3s chegarem no local, moradores informaram que, no total, havia duas pessoas adultas e cinco crian\u00e7as na embarca\u00e7\u00e3o quando o acidente ocorreu.<\/p>\n<h3 class=\"wp-block-heading\">Leia mais:<\/h3>\n<p class=\"wp-block-paragraph\"><a href=\"https:\/\/www.acordacidade.com.br\/bahia\/prefeitura-de-paramirim-suspende-aulas-apos-morte-de-quatro-criancas-por-afogamento-governador-lamenta-tragedia\/\">Prefeitura de Paramirim suspende aulas ap\u00f3s morte de quatro crian\u00e7as por afogamento; governador lamenta trag\u00e9dia<\/a><\/p>\n<p class=\"wp-block-paragraph\"><a href=\"https:\/\/www.acordacidade.com.br\/bahia\/quatro-criancas-da-mesma-familia-morrem-afogadas-em-reservatorio-na-bahia\/\">Quatro crian\u00e7as da mesma fam\u00edlia morrem afogadas em reservat\u00f3rio na Bahia<\/a><\/p>\n<p class=\"wp-block-paragraph\"><a href=\"https:\/\/www.acordacidade.com.br\/bahia\/criancas-que-morreram-afogadas-em-acude-de-paramirim-usavam-bebedouro-de-animais-como-embarcacao\/\" data-type=\"link\" data-id=\"https:\/\/www.acordacidade.com.br\/bahia\/criancas-que-morreram-afogadas-em-acude-de-paramirim-usavam-bebedouro-de-animais-como-embarcacao\/\">Crian\u00e7as que morreram afogadas em a\u00e7ude de Paramirim usavam bebedouro de animais como embarca\u00e7\u00e3o<\/a><\/p>\n<p class=\"wp-block-paragraph\"><em>Siga o Acorda Cidade no\u00a0<\/em><a href=\"https:\/\/news.google.com\/search?q=acorda%20cidade&amp;hl=pt-BR&amp;gl=BR&amp;ceid=BR%3Apt-419\"><strong><em>Google Not\u00edcias<\/em><\/strong><\/a><em>\u00a0e receba os principais destaques do dia. Participe tamb\u00e9m dos nossos canais no\u00a0<\/em><a href=\"https:\/\/www.whatsapp.com\/channel\/0029Va6Rb4v3WHTNnsh8WI3N\"><strong><em>WhatsApp<\/em><\/strong><\/a><em>\u00a0e\u00a0<\/em><a href=\"https:\/\/www.youtube.com\/@acordacidadenoticias\/videos\"><strong>YouTube<\/strong><\/a><em>\u00a0e do grupo no\u00a0<\/em><a href=\"https:\/\/t.me\/+sSz0khrgARA0ZmRh\"><strong><em>Telegram<\/em><\/strong><\/a><em>.<\/em><\/p>\n<\/div>\n","protected":false},"excerpt":{"rendered":"<p>Foto: WhatsApp\/Achei Sudoeste Sob forte como\u00e7\u00e3o e ora\u00e7\u00f5es, foram sepultadas na segunda-feira (31) as quatro<\/p>\n","protected":false},"author":1,"featured_media":148347,"comment_status":"closed","ping_status":"closed","sticky":false,"template":"","format":"gallery","meta":{"footnotes":""},"categories":[8,9,6,57,56,10],"tags":[],"class_list":["post-148346","post","type-post","status-publish","format-gallery","has-post-thumbnail","hentry","category-bahia","category-brasil","category-feira-de-santana","category-mundo","category-policia","category-politica","post_format-post-format-gallery"],"featured_image_urls":{"full":["https:\/\/noticiasbahia360.com.br\/wp-content\/uploads\/2026\/09\/3231-velorio-de-criancas-afogadas-em-paramirim.jpg",1200,800,false],"thumbnail":["https:\/\/noticiasbahia360.com.br\/wp-content\/uploads\/2026\/09\/3231-velorio-de-criancas-afogadas-em-paramirim-150x150.jpg",150,150,true],"medium":["https:\/\/noticiasbahia360.com.br\/wp-content\/uploads\/2026\/09\/3231-velorio-de-criancas-afogadas-em-paramirim-300x200.jpg",300,200,true],"medium_large":["https:\/\/noticiasbahia360.com.br\/wp-content\/uploads\/2026\/09\/3231-velorio-de-criancas-afogadas-em-paramirim-768x512.jpg",640,427,true],"large":["https:\/\/noticiasbahia360.com.br\/wp-content\/uploads\/2026\/09\/3231-velorio-de-criancas-afogadas-em-paramirim-1024x683.jpg",640,427,true],"1536x1536":["https:\/\/noticiasbahia360.com.br\/wp-content\/uploads\/2026\/09\/3231-velorio-de-criancas-afogadas-em-paramirim.jpg",1200,800,false],"2048x2048":["https:\/\/noticiasbahia360.com.br\/wp-content\/uploads\/2026\/09\/3231-velorio-de-criancas-afogadas-em-paramirim.jpg",1200,800,false],"chromenews-featured":["https:\/\/noticiasbahia360.com.br\/wp-content\/uploads\/2026\/09\/3231-velorio-de-criancas-afogadas-em-paramirim-1024x683.jpg",1024,683,true],"chromenews-large":["https:\/\/noticiasbahia360.com.br\/wp-content\/uploads\/2026\/09\/3231-velorio-de-criancas-afogadas-em-paramirim-825x575.jpg",825,575,true],"chromenews-medium":["https:\/\/noticiasbahia360.com.br\/wp-content\/uploads\/2026\/09\/3231-velorio-de-criancas-afogadas-em-paramirim-590x410.jpg",590,410,true]},"author_info":{"display_name":"noticiasbahia360.com.br","author_link":"https:\/\/noticiasbahia360.com.br\/?author=1"},"category_info":"<a href=\"https:\/\/noticiasbahia360.com.br\/?cat=8\" rel=\"category\">Bahia<\/a> <a href=\"https:\/\/noticiasbahia360.com.br\/?cat=9\" rel=\"category\">Brasil<\/a> <a href=\"https:\/\/noticiasbahia360.com.br\/?cat=6\" rel=\"category\">Feira de Santana<\/a> <a href=\"https:\/\/noticiasbahia360.com.br\/?cat=57\" rel=\"category\">Mundo<\/a> <a href=\"https:\/\/noticiasbahia360.com.br\/?cat=56\" rel=\"category\">Pol\u00edcia<\/a> <a href=\"https:\/\/noticiasbahia360.com.br\/?cat=10\" rel=\"category\">Pol\u00edtica<\/a>","tag_info":"Pol\u00edtica","comment_count":"0","_links":{"self":[{"href":"https:\/\/noticiasbahia360.com.br\/index.php?rest_route=\/wp\/v2\/posts\/148346","targetHints":{"allow":["GET"]}}],"collection":[{"href":"https:\/\/noticiasbahia360.com.br\/index.php?rest_route=\/wp\/v2\/posts"}],"about":[{"href":"https:\/\/noticiasbahia360.com.br\/index.php?rest_route=\/wp\/v2\/types\/post"}],"author":[{"embeddable":true,"href":"https:\/\/noticiasbahia360.com.br\/index.php?rest_route=\/wp\/v2\/users\/1"}],"replies":[{"embeddable":true,"href":"https:\/\/noticiasbahia360.com.br\/index.php?rest_route=%2Fwp%2Fv2%2Fcomments&post=148346"}],"version-history":[{"count":0,"href":"https:\/\/noticiasbahia360.com.br\/index.php?rest_route=\/wp\/v2\/posts\/148346\/revisions"}],"wp:featuredmedia":[{"embeddable":true,"href":"https:\/\/noticiasbahia360.com.br\/index.php?rest_route=\/wp\/v2\/media\/148347"}],"wp:attachment":[{"href":"https:\/\/noticiasbahia360.com.br\/index.php?rest_route=%2Fwp%2Fv2%2Fmedia&parent=148346"}],"wp:term":[{"taxonomy":"category","embeddable":true,"href":"https:\/\/noticiasbahia360.com.br\/index.php?rest_route=%2Fwp%2Fv2%2Fcategories&post=148346"},{"taxonomy":"post_tag","embeddable":true,"href":"https:\/\/noticiasbahia360.com.br\/index.php?rest_route=%2Fwp%2Fv2%2Ftags&post=148346"}],"curies":[{"name":"wp","href":"https:\/\/api.w.org\/{rel}","templated":true}]}}