{"id":148349,"date":"2026-09-01T17:02:39","date_gmt":"2026-09-01T20:02:39","guid":{"rendered":"https:\/\/noticiasbahia360.com.br\/?p=148349"},"modified":"2026-09-01T17:02:39","modified_gmt":"2026-09-01T20:02:39","slug":"justica-determina-revogacao-de-prisao-do-deputado-binho-galinha","status":"publish","type":"post","link":"https:\/\/noticiasbahia360.com.br\/?p=148349","title":{"rendered":"Justi\u00e7a determina revoga\u00e7\u00e3o de pris\u00e3o do deputado Binho Galinha"},"content":{"rendered":"<div>\n<div>\n<figure><img decoding=\"async\" src=\"http:\/\/noticiasbahia360.com.br\/wp-content\/uploads\/2026\/09\/Binho-Galinha_-foto-divulgacao.jpg\" alt=\"Binho Galinha\"><figcaption>Foto: Reprodu\u00e7\u00e3o\/Redes Sociais<\/figcaption><\/figure>\n<\/div>\n<p class=\"wp-block-paragraph\">O advogado Gamil Foppel informou, em publica\u00e7\u00e3o nas redes sociais, a revoga\u00e7\u00e3o de uma das ordens de pris\u00e3o contra o deputado estadual Binho Galinha. Segundo a defesa, a decis\u00e3o representa o in\u00edcio da revis\u00e3o de atos considerados ilegais no processo que envolve o parlamentar.<\/p>\n<p class=\"wp-block-paragraph\">Apesar da revoga\u00e7\u00e3o, Binho Galinha permanece preso em raz\u00e3o de outra ordem de pris\u00e3o, cuja legalidade est\u00e1 sendo analisada pelo Superior Tribunal de Justi\u00e7a (STJ). A defesa afirma confiar em uma decis\u00e3o favor\u00e1vel tamb\u00e9m nesse processo, com o consequente restabelecimento da liberdade do deputado.<\/p>\n<figure class=\"wp-block-image size-full\"><img fetchpriority=\"high\" fetchpriority=\"high\" decoding=\"async\" width=\"1200\" height=\"806\" src=\"http:\/\/noticiasbahia360.com.br\/wp-content\/uploads\/2026\/09\/Gamil-Foppel.jpg\" alt=\"Advogado Gamil Foppel, defesa de Binho Galinha\" class=\"wp-image-686937\" srcset=\"http:\/\/noticiasbahia360.com.br\/wp-content\/uploads\/2026\/09\/Gamil-Foppel.jpg 1200w, https:\/\/uploads.acordacidade.com.br\/2026\/09\/Gamil-Foppel-750x504.jpg 750w, https:\/\/uploads.acordacidade.com.br\/2026\/09\/Gamil-Foppel-1000x672.jpg 1000w, https:\/\/uploads.acordacidade.com.br\/2026\/09\/Gamil-Foppel-450x302.jpg 450w, https:\/\/uploads.acordacidade.com.br\/2026\/09\/Gamil-Foppel-150x101.jpg 150w\" sizes=\"(max-width: 1200px) 100vw, 1200px\"><figcaption class=\"wp-element-caption\">Foto: Divulga\u00e7\u00e3o<\/figcaption><\/figure>\n<p class=\"wp-block-paragraph\">Na publica\u00e7\u00e3o, Gamil Foppel classificou a decis\u00e3o de primeira inst\u00e2ncia como marcada por \u201cm\u00faltiplas ilegalidades\u201d e afirmou que os atos da magistrada ainda ser\u00e3o submetidos \u00e0s inst\u00e2ncias superiores. <\/p>\n<p class=\"wp-block-paragraph\">A defesa tamb\u00e9m declarou confian\u00e7a na Justi\u00e7a brasileira e disse esperar que as supostas irregularidades sejam corrigidas durante o julgamento dos recursos.<\/p>\n<p class=\"wp-block-paragraph\"><em>Siga o Acorda Cidade no\u00a0<\/em><a href=\"https:\/\/news.google.com\/search?q=acorda%20cidade&amp;hl=pt-BR&amp;gl=BR&amp;ceid=BR%3Apt-419\"><strong><em>Google Not\u00edcias<\/em><\/strong><\/a><em>\u00a0e receba os principais destaques do dia. Participe tamb\u00e9m dos nossos canais no\u00a0<\/em><a href=\"https:\/\/www.whatsapp.com\/channel\/0029Va6Rb4v3WHTNnsh8WI3N\"><strong><em>WhatsApp<\/em><\/strong><\/a><em>\u00a0e\u00a0<\/em><a href=\"https:\/\/www.youtube.com\/@acordacidadenoticias\/videos\"><strong>YouTube<\/strong><\/a><em>\u00a0e do grupo no\u00a0<\/em><a href=\"https:\/\/t.me\/+sSz0khrgARA0ZmRh\"><strong><em>Telegram<\/em><\/strong><\/a><em>.<\/em><\/p>\n<\/div>\n","protected":false},"excerpt":{"rendered":"<p>Foto: Reprodu\u00e7\u00e3o\/Redes Sociais O advogado Gamil Foppel informou, em publica\u00e7\u00e3o nas redes sociais, a revoga\u00e7\u00e3o<\/p>\n","protected":false},"author":1,"featured_media":148350,"comment_status":"closed","ping_status":"closed","sticky":false,"template":"","format":"gallery","meta":{"footnotes":""},"categories":[8,9,6,57,56,10],"tags":[],"class_list":["post-148349","post","type-post","status-publish","format-gallery","has-post-thumbnail","hentry","category-bahia","category-brasil","category-feira-de-santana","category-mundo","category-policia","category-politica","post_format-post-format-gallery"],"featured_image_urls":{"full":["https:\/\/noticiasbahia360.com.br\/wp-content\/uploads\/2026\/09\/Binho-Galinha_-foto-divulgacao.jpg",1200,780,false],"thumbnail":["https:\/\/noticiasbahia360.com.br\/wp-content\/uploads\/2026\/09\/Binho-Galinha_-foto-divulgacao-150x150.jpg",150,150,true],"medium":["https:\/\/noticiasbahia360.com.br\/wp-content\/uploads\/2026\/09\/Binho-Galinha_-foto-divulgacao-300x195.jpg",300,195,true],"medium_large":["https:\/\/noticiasbahia360.com.br\/wp-content\/uploads\/2026\/09\/Binho-Galinha_-foto-divulgacao-768x499.jpg",640,416,true],"large":["https:\/\/noticiasbahia360.com.br\/wp-content\/uploads\/2026\/09\/Binho-Galinha_-foto-divulgacao-1024x666.jpg",640,416,true],"1536x1536":["https:\/\/noticiasbahia360.com.br\/wp-content\/uploads\/2026\/09\/Binho-Galinha_-foto-divulgacao.jpg",1200,780,false],"2048x2048":["https:\/\/noticiasbahia360.com.br\/wp-content\/uploads\/2026\/09\/Binho-Galinha_-foto-divulgacao.jpg",1200,780,false],"chromenews-featured":["https:\/\/noticiasbahia360.com.br\/wp-content\/uploads\/2026\/09\/Binho-Galinha_-foto-divulgacao-1024x666.jpg",1024,666,true],"chromenews-large":["https:\/\/noticiasbahia360.com.br\/wp-content\/uploads\/2026\/09\/Binho-Galinha_-foto-divulgacao-825x575.jpg",825,575,true],"chromenews-medium":["https:\/\/noticiasbahia360.com.br\/wp-content\/uploads\/2026\/09\/Binho-Galinha_-foto-divulgacao-590x410.jpg",590,410,true]},"author_info":{"display_name":"noticiasbahia360.com.br","author_link":"https:\/\/noticiasbahia360.com.br\/?author=1"},"category_info":"<a href=\"https:\/\/noticiasbahia360.com.br\/?cat=8\" rel=\"category\">Bahia<\/a> <a href=\"https:\/\/noticiasbahia360.com.br\/?cat=9\" rel=\"category\">Brasil<\/a> <a href=\"https:\/\/noticiasbahia360.com.br\/?cat=6\" rel=\"category\">Feira de Santana<\/a> <a href=\"https:\/\/noticiasbahia360.com.br\/?cat=57\" rel=\"category\">Mundo<\/a> <a href=\"https:\/\/noticiasbahia360.com.br\/?cat=56\" rel=\"category\">Pol\u00edcia<\/a> <a href=\"https:\/\/noticiasbahia360.com.br\/?cat=10\" rel=\"category\">Pol\u00edtica<\/a>","tag_info":"Pol\u00edtica","comment_count":"0","_links":{"self":[{"href":"https:\/\/noticiasbahia360.com.br\/index.php?rest_route=\/wp\/v2\/posts\/148349","targetHints":{"allow":["GET"]}}],"collection":[{"href":"https:\/\/noticiasbahia360.com.br\/index.php?rest_route=\/wp\/v2\/posts"}],"about":[{"href":"https:\/\/noticiasbahia360.com.br\/index.php?rest_route=\/wp\/v2\/types\/post"}],"author":[{"embeddable":true,"href":"https:\/\/noticiasbahia360.com.br\/index.php?rest_route=\/wp\/v2\/users\/1"}],"replies":[{"embeddable":true,"href":"https:\/\/noticiasbahia360.com.br\/index.php?rest_route=%2Fwp%2Fv2%2Fcomments&post=148349"}],"version-history":[{"count":0,"href":"https:\/\/noticiasbahia360.com.br\/index.php?rest_route=\/wp\/v2\/posts\/148349\/revisions"}],"wp:featuredmedia":[{"embeddable":true,"href":"https:\/\/noticiasbahia360.com.br\/index.php?rest_route=\/wp\/v2\/media\/148350"}],"wp:attachment":[{"href":"https:\/\/noticiasbahia360.com.br\/index.php?rest_route=%2Fwp%2Fv2%2Fmedia&parent=148349"}],"wp:term":[{"taxonomy":"category","embeddable":true,"href":"https:\/\/noticiasbahia360.com.br\/index.php?rest_route=%2Fwp%2Fv2%2Fcategories&post=148349"},{"taxonomy":"post_tag","embeddable":true,"href":"https:\/\/noticiasbahia360.com.br\/index.php?rest_route=%2Fwp%2Fv2%2Ftags&post=148349"}],"curies":[{"name":"wp","href":"https:\/\/api.w.org\/{rel}","templated":true}]}}