{"id":148354,"date":"2026-09-01T18:00:57","date_gmt":"2026-09-01T21:00:57","guid":{"rendered":"https:\/\/noticiasbahia360.com.br\/?p=148354"},"modified":"2026-09-01T18:00:57","modified_gmt":"2026-09-01T21:00:57","slug":"expofeira-comeca-neste-domingo-6-com-entrada-gratuita-e-parque-aberto-a-partir-das-10h","status":"publish","type":"post","link":"https:\/\/noticiasbahia360.com.br\/?p=148354","title":{"rendered":"Expofeira come\u00e7a neste domingo (6) com entrada gratuita e Parque aberto a partir das 10h"},"content":{"rendered":"<div>\n<div>\n<figure><img decoding=\"async\" src=\"http:\/\/noticiasbahia360.com.br\/wp-content\/uploads\/2026\/09\/Expofeira.jpg\" alt=\"Expofeira\"><figcaption>Foto: ACM<\/figcaption><\/figure>\n<\/div>\n<p class=\"wp-block-paragraph\">A 47\u00aa Exposi\u00e7\u00e3o Agropecu\u00e1ria de Feira de Santana ser\u00e1 aberta oficialmente na tarde de domingo (6), mas o Parque de Exposi\u00e7\u00e3o Jo\u00e3o Martins da Silva estar\u00e1 aberto \u00e0 visita\u00e7\u00e3o do p\u00fablico a partir das 10h \u2013 todos os dias, fechar\u00e1 \u00e0s 22h. A entrada \u00e9 gratuita.<\/p>\n<p class=\"wp-block-paragraph\">A antecipa\u00e7\u00e3o tem como objetivo oferecer mais um per\u00edodo de lazer para os feirenses e visitantes. Tradicionalmente, o domingo \u00e9 um dos dias em que o Parque de Exposi\u00e7\u00e3o registra maior presen\u00e7a de p\u00fablico, principalmente de crian\u00e7as.<\/p>\n<p class=\"wp-block-paragraph\">Neste ano, entretanto, o feriado de 7 de Setembro, que cair\u00e1 em uma segunda-feira, deve aumentar o fluxo de visitantes ao Parque de Exposi\u00e7\u00e3o nesses dois dias.<\/p>\n<p class=\"wp-block-paragraph\">\u00c9 uma op\u00e7\u00e3o para pais ou respons\u00e1veis pelos pequenos lev\u00e1-los \u00e0 Expofeira, para que, curiosos como s\u00e3o, iniciem ou ampliem seus conhecimentos e estimulem o respeito pelo mundo animal. Os adultos tamb\u00e9m podem aproveitar o que lhes \u00e9 oferecido.<\/p>\n<p class=\"wp-block-paragraph\">A Expofeira, ao longo dos anos, tornou-se, durante oito dias, uma op\u00e7\u00e3o de divers\u00e3o para toda a regi\u00e3o. Al\u00e9m dos animais, centenas de pontos comerciais tempor\u00e1rios vendem as deliciosas comidas regionais.<\/p>\n<p class=\"wp-block-paragraph\"><em>As informa\u00e7\u00f5es s\u00e3o da Secretraria de Comunica\u00e7\u00e3o Social de Feira de Santana (Secom)<\/em>.<\/p>\n<p class=\"wp-block-paragraph\"><em>Siga o Acorda Cidade no\u00a0<\/em><a href=\"https:\/\/news.google.com\/search?q=acorda%20cidade&amp;hl=pt-BR&amp;gl=BR&amp;ceid=BR%3Apt-419\"><strong><em>Google Not\u00edcias<\/em><\/strong><\/a><em>\u00a0e receba os principais destaques do dia. Participe tamb\u00e9m dos nossos canais no\u00a0<\/em><a href=\"https:\/\/www.whatsapp.com\/channel\/0029Va6Rb4v3WHTNnsh8WI3N\"><strong><em>WhatsApp<\/em><\/strong><\/a><em>\u00a0e\u00a0<\/em><a href=\"https:\/\/www.youtube.com\/@acordacidadenoticias\/videos\"><strong>YouTube<\/strong><\/a><em>\u00a0e do grupo no\u00a0<\/em><a href=\"https:\/\/t.me\/+sSz0khrgARA0ZmRh\"><strong><em>Telegram<\/em><\/strong><\/a><em>.<\/em><\/p>\n<\/div>\n","protected":false},"excerpt":{"rendered":"<p>Foto: ACM A 47\u00aa Exposi\u00e7\u00e3o Agropecu\u00e1ria de Feira de Santana ser\u00e1 aberta oficialmente na tarde<\/p>\n","protected":false},"author":1,"featured_media":148355,"comment_status":"closed","ping_status":"closed","sticky":false,"template":"","format":"gallery","meta":{"footnotes":""},"categories":[8,9,6,57,56,10],"tags":[],"class_list":["post-148354","post","type-post","status-publish","format-gallery","has-post-thumbnail","hentry","category-bahia","category-brasil","category-feira-de-santana","category-mundo","category-policia","category-politica","post_format-post-format-gallery"],"featured_image_urls":{"full":["https:\/\/noticiasbahia360.com.br\/wp-content\/uploads\/2026\/09\/Expofeira.jpg",1200,799,false],"thumbnail":["https:\/\/noticiasbahia360.com.br\/wp-content\/uploads\/2026\/09\/Expofeira-150x150.jpg",150,150,true],"medium":["https:\/\/noticiasbahia360.com.br\/wp-content\/uploads\/2026\/09\/Expofeira-300x200.jpg",300,200,true],"medium_large":["https:\/\/noticiasbahia360.com.br\/wp-content\/uploads\/2026\/09\/Expofeira-768x511.jpg",640,426,true],"large":["https:\/\/noticiasbahia360.com.br\/wp-content\/uploads\/2026\/09\/Expofeira-1024x682.jpg",640,426,true],"1536x1536":["https:\/\/noticiasbahia360.com.br\/wp-content\/uploads\/2026\/09\/Expofeira.jpg",1200,799,false],"2048x2048":["https:\/\/noticiasbahia360.com.br\/wp-content\/uploads\/2026\/09\/Expofeira.jpg",1200,799,false],"chromenews-featured":["https:\/\/noticiasbahia360.com.br\/wp-content\/uploads\/2026\/09\/Expofeira-1024x682.jpg",1024,682,true],"chromenews-large":["https:\/\/noticiasbahia360.com.br\/wp-content\/uploads\/2026\/09\/Expofeira-825x575.jpg",825,575,true],"chromenews-medium":["https:\/\/noticiasbahia360.com.br\/wp-content\/uploads\/2026\/09\/Expofeira-590x410.jpg",590,410,true]},"author_info":{"display_name":"noticiasbahia360.com.br","author_link":"https:\/\/noticiasbahia360.com.br\/?author=1"},"category_info":"<a href=\"https:\/\/noticiasbahia360.com.br\/?cat=8\" rel=\"category\">Bahia<\/a> <a href=\"https:\/\/noticiasbahia360.com.br\/?cat=9\" rel=\"category\">Brasil<\/a> <a href=\"https:\/\/noticiasbahia360.com.br\/?cat=6\" rel=\"category\">Feira de Santana<\/a> <a href=\"https:\/\/noticiasbahia360.com.br\/?cat=57\" rel=\"category\">Mundo<\/a> <a href=\"https:\/\/noticiasbahia360.com.br\/?cat=56\" rel=\"category\">Pol\u00edcia<\/a> <a href=\"https:\/\/noticiasbahia360.com.br\/?cat=10\" rel=\"category\">Pol\u00edtica<\/a>","tag_info":"Pol\u00edtica","comment_count":"0","_links":{"self":[{"href":"https:\/\/noticiasbahia360.com.br\/index.php?rest_route=\/wp\/v2\/posts\/148354","targetHints":{"allow":["GET"]}}],"collection":[{"href":"https:\/\/noticiasbahia360.com.br\/index.php?rest_route=\/wp\/v2\/posts"}],"about":[{"href":"https:\/\/noticiasbahia360.com.br\/index.php?rest_route=\/wp\/v2\/types\/post"}],"author":[{"embeddable":true,"href":"https:\/\/noticiasbahia360.com.br\/index.php?rest_route=\/wp\/v2\/users\/1"}],"replies":[{"embeddable":true,"href":"https:\/\/noticiasbahia360.com.br\/index.php?rest_route=%2Fwp%2Fv2%2Fcomments&post=148354"}],"version-history":[{"count":0,"href":"https:\/\/noticiasbahia360.com.br\/index.php?rest_route=\/wp\/v2\/posts\/148354\/revisions"}],"wp:featuredmedia":[{"embeddable":true,"href":"https:\/\/noticiasbahia360.com.br\/index.php?rest_route=\/wp\/v2\/media\/148355"}],"wp:attachment":[{"href":"https:\/\/noticiasbahia360.com.br\/index.php?rest_route=%2Fwp%2Fv2%2Fmedia&parent=148354"}],"wp:term":[{"taxonomy":"category","embeddable":true,"href":"https:\/\/noticiasbahia360.com.br\/index.php?rest_route=%2Fwp%2Fv2%2Fcategories&post=148354"},{"taxonomy":"post_tag","embeddable":true,"href":"https:\/\/noticiasbahia360.com.br\/index.php?rest_route=%2Fwp%2Fv2%2Ftags&post=148354"}],"curies":[{"name":"wp","href":"https:\/\/api.w.org\/{rel}","templated":true}]}}