{"id":148356,"date":"2026-09-01T18:00:58","date_gmt":"2026-09-01T21:00:58","guid":{"rendered":"https:\/\/noticiasbahia360.com.br\/?p=148356"},"modified":"2026-09-01T18:00:58","modified_gmt":"2026-09-01T21:00:58","slug":"salvador-tera-cinco-voos-diretos-por-semana-para-o-chile-durante-o-verao","status":"publish","type":"post","link":"https:\/\/noticiasbahia360.com.br\/?p=148356","title":{"rendered":"Salvador ter\u00e1 cinco voos diretos por semana para o Chile durante o ver\u00e3o"},"content":{"rendered":"<div>\n<div>\n<figure><img decoding=\"async\" src=\"http:\/\/noticiasbahia360.com.br\/wp-content\/uploads\/2026\/09\/Aeroporto-de-Salvador-Bahia-Airport-Foto-Will-Recarey.jpg\" alt=\"Aeroporto Internacional de Salvador\"><figcaption>Aeroporto Internacional de Salvador | Foto:  Will Recarey<\/figcaption><\/figure>\n<\/div>\n<p class=\"wp-block-paragraph\">Salvador vai ampliar a sua conectividade internacional durante a alta temporada de ver\u00e3o, com cinco frequ\u00eancias semanais de voos diretos para Santiago, no Chile, operadas por Latam Airlines e SKY Airline. A Latam Airlines anunciou uma nova rota entre a capital baiana e Santiago, com in\u00edcio das opera\u00e7\u00f5es programado para o dia 3 de janeiro de 2027, enquanto a SKY Airline retomar\u00e1 a liga\u00e7\u00e3o direta entre as duas cidades em 28 de dezembro de 2026. Juntas, as duas opera\u00e7\u00f5es ampliam a oferta de voos diretos entre a Bahia e um dos principais mercados emissores de turistas da Am\u00e9rica do Sul.<\/p>\n<p class=\"wp-block-paragraph\">A nova rota da Latam contar\u00e1 com tr\u00eas frequ\u00eancias semanais, com voos diretos entre Salvador e Santiago, facilitando o deslocamento entre a Bahia e a capital chilena, sem necessidade de conex\u00f5es. As partidas de Salvador ocorrer\u00e3o \u00e0s quartas, sextas e domingos, \u00e0s 21h15, com chegada a Santiago \u00e0s 3h do dia seguinte. No sentido inverso, os voos partir\u00e3o da capital chilena \u00e0s segundas, quintas e s\u00e1bados, \u00e0s 4h30, com chegada a Salvador \u00e0s 10h (hor\u00e1rios locais). A partir de mar\u00e7o, a opera\u00e7\u00e3o contar\u00e1 com uma frequ\u00eancia semanal.<\/p>\n<p class=\"wp-block-paragraph\">A SKY Airline tamb\u00e9m refor\u00e7ar\u00e1 a liga\u00e7\u00e3o entre Salvador e Santiago durante a alta temporada. A rota contar\u00e1 com duas frequ\u00eancias semanais, \u00e0s segundas e sextas-feiras. Os voos partir\u00e3o de Santiago \u00e0s 9h30, com chegada a Salvador \u00e0s 15h. No sentido inverso, as decolagens ocorrer\u00e3o \u00e0s 16h10, com chegada \u00e0 capital chilena \u00e0s 22h20 (hor\u00e1rios locais). A expectativa \u00e9 que a opera\u00e7\u00e3o seja mantida de forma regular e definitiva.\u00a0<\/p>\n<p class=\"wp-block-paragraph\">A volta da liga\u00e7\u00e3o direta com Santiago refor\u00e7a a estrat\u00e9gia de amplia\u00e7\u00e3o da conectividade internacional do Salvador Bahia Airport e contribui para a atra\u00e7\u00e3o de visitantes sul-americanos \u00e0 Bahia, impulsionando o turismo, os neg\u00f3cios e o interc\u00e2mbio cultural. Al\u00e9m de atender \u00e0 demanda entre Bahia e Chile, a amplia\u00e7\u00e3o da oferta entre Salvador e Santiago fortalece as possibilidades de conex\u00e3o por meio do hub da GOL em Salvador, permitindo que passageiros de diversas <a href=\"https:\/\/www.acordacidade.com.br\/tag\/cidades\/\" data-type=\"post_tag\" data-id=\"35519\">cidades<\/a> do Nordeste tenham acesso ao destino com mais conveni\u00eancia e consolidando o aeroporto como o principal centro de conex\u00f5es da companhia na regi\u00e3o.<\/p>\n<h2 id=\"h-reforco-do-turismo-internacional\" class=\"wp-block-heading\">Refor\u00e7o do turismo internacional<\/h2>\n<p class=\"wp-block-paragraph\">Com a nova rota, Salvador ter\u00e1 liga\u00e7\u00e3o direta com sete destinos internacionais: Santiago (operado pela SKY Airline e Latam), Buenos Aires (GOL, Aerol\u00edneas Argentinas e SKY Airline), Montevid\u00e9u (SKY Airline), Cidade do Panam\u00e1 (Copa Airlines), Lisboa (TAP Air Portugal), Madrid (Air Europa) e Paris (Air France).<\/p>\n<p class=\"wp-block-paragraph\">A variedade de destinos tem refletido na chegada de turistas internacionais na capital baiana. Apenas no 1\u00ba semestre de 2026, foram 152 mil passageiros desembarcando de voos internacionais, um crescimento de 19% em compara\u00e7\u00e3o ao mesmo per\u00edodo do ano anterior.<\/p>\n<p class=\"wp-block-paragraph\">\u201cO Salvador Bahia Airport tem trabalhado continuamente para ampliar a conectividade internacional de Salvador, aproximando a Bahia de mercados estrat\u00e9gicos e criando possibilidades para quem chega e parte do estado. A amplia\u00e7\u00e3o das liga\u00e7\u00f5es diretas com destinos como Santiago fortalece n\u00e3o apenas a oferta de voos, mas tamb\u00e9m a capacidade de atrair mais visitantes, movimentar a cadeia do turismo e gerar novas oportunidades para a economia baiana. Nosso objetivo \u00e9 seguir avan\u00e7ando nessa agenda, construindo, junto \u00e0s companhias a\u00e9reas e aos parceiros do setor, uma conectividade cada vez mais ampla e diversificada para Salvador e para toda a Bahia\u201d, afirma Julio Ribas, CEO da VINCI Airports no Brasil.\u00a0\u00a0<\/p>\n<p class=\"wp-block-paragraph\"><em>Siga o Acorda Cidade no\u00a0<\/em><a href=\"https:\/\/news.google.com\/search?q=acorda%20cidade&amp;hl=pt-BR&amp;gl=BR&amp;ceid=BR%3Apt-419\"><strong><em>Google Not\u00edcias<\/em><\/strong><\/a><em>\u00a0e receba os principais destaques do dia. Participe tamb\u00e9m dos nossos canais no\u00a0<\/em><a href=\"https:\/\/www.whatsapp.com\/channel\/0029Va6Rb4v3WHTNnsh8WI3N\"><strong><em>WhatsApp<\/em><\/strong><\/a><em>\u00a0e\u00a0<\/em><a href=\"https:\/\/www.youtube.com\/@acordacidadenoticias\/videos\"><strong>YouTube<\/strong><\/a><em>\u00a0e do grupo no\u00a0<\/em><a href=\"https:\/\/t.me\/+sSz0khrgARA0ZmRh\"><strong><em>Telegram<\/em><\/strong><\/a><em>.<\/em><\/p>\n<\/div>\n","protected":false},"excerpt":{"rendered":"<p>Aeroporto Internacional de Salvador | Foto: Will Recarey Salvador vai ampliar a sua conectividade internacional<\/p>\n","protected":false},"author":1,"featured_media":148357,"comment_status":"closed","ping_status":"closed","sticky":false,"template":"","format":"gallery","meta":{"footnotes":""},"categories":[8,9,6,57,56,10],"tags":[],"class_list":["post-148356","post","type-post","status-publish","format-gallery","has-post-thumbnail","hentry","category-bahia","category-brasil","category-feira-de-santana","category-mundo","category-policia","category-politica","post_format-post-format-gallery"],"featured_image_urls":{"full":["https:\/\/noticiasbahia360.com.br\/wp-content\/uploads\/2026\/09\/Aeroporto-de-Salvador-Bahia-Airport-Foto-Will-Recarey.jpg",1200,800,false],"thumbnail":["https:\/\/noticiasbahia360.com.br\/wp-content\/uploads\/2026\/09\/Aeroporto-de-Salvador-Bahia-Airport-Foto-Will-Recarey-150x150.jpg",150,150,true],"medium":["https:\/\/noticiasbahia360.com.br\/wp-content\/uploads\/2026\/09\/Aeroporto-de-Salvador-Bahia-Airport-Foto-Will-Recarey-300x200.jpg",300,200,true],"medium_large":["https:\/\/noticiasbahia360.com.br\/wp-content\/uploads\/2026\/09\/Aeroporto-de-Salvador-Bahia-Airport-Foto-Will-Recarey-768x512.jpg",640,427,true],"large":["https:\/\/noticiasbahia360.com.br\/wp-content\/uploads\/2026\/09\/Aeroporto-de-Salvador-Bahia-Airport-Foto-Will-Recarey-1024x683.jpg",640,427,true],"1536x1536":["https:\/\/noticiasbahia360.com.br\/wp-content\/uploads\/2026\/09\/Aeroporto-de-Salvador-Bahia-Airport-Foto-Will-Recarey.jpg",1200,800,false],"2048x2048":["https:\/\/noticiasbahia360.com.br\/wp-content\/uploads\/2026\/09\/Aeroporto-de-Salvador-Bahia-Airport-Foto-Will-Recarey.jpg",1200,800,false],"chromenews-featured":["https:\/\/noticiasbahia360.com.br\/wp-content\/uploads\/2026\/09\/Aeroporto-de-Salvador-Bahia-Airport-Foto-Will-Recarey-1024x683.jpg",1024,683,true],"chromenews-large":["https:\/\/noticiasbahia360.com.br\/wp-content\/uploads\/2026\/09\/Aeroporto-de-Salvador-Bahia-Airport-Foto-Will-Recarey-825x575.jpg",825,575,true],"chromenews-medium":["https:\/\/noticiasbahia360.com.br\/wp-content\/uploads\/2026\/09\/Aeroporto-de-Salvador-Bahia-Airport-Foto-Will-Recarey-590x410.jpg",590,410,true]},"author_info":{"display_name":"noticiasbahia360.com.br","author_link":"https:\/\/noticiasbahia360.com.br\/?author=1"},"category_info":"<a href=\"https:\/\/noticiasbahia360.com.br\/?cat=8\" rel=\"category\">Bahia<\/a> <a href=\"https:\/\/noticiasbahia360.com.br\/?cat=9\" rel=\"category\">Brasil<\/a> <a href=\"https:\/\/noticiasbahia360.com.br\/?cat=6\" rel=\"category\">Feira de Santana<\/a> <a href=\"https:\/\/noticiasbahia360.com.br\/?cat=57\" rel=\"category\">Mundo<\/a> <a href=\"https:\/\/noticiasbahia360.com.br\/?cat=56\" rel=\"category\">Pol\u00edcia<\/a> <a href=\"https:\/\/noticiasbahia360.com.br\/?cat=10\" rel=\"category\">Pol\u00edtica<\/a>","tag_info":"Pol\u00edtica","comment_count":"0","_links":{"self":[{"href":"https:\/\/noticiasbahia360.com.br\/index.php?rest_route=\/wp\/v2\/posts\/148356","targetHints":{"allow":["GET"]}}],"collection":[{"href":"https:\/\/noticiasbahia360.com.br\/index.php?rest_route=\/wp\/v2\/posts"}],"about":[{"href":"https:\/\/noticiasbahia360.com.br\/index.php?rest_route=\/wp\/v2\/types\/post"}],"author":[{"embeddable":true,"href":"https:\/\/noticiasbahia360.com.br\/index.php?rest_route=\/wp\/v2\/users\/1"}],"replies":[{"embeddable":true,"href":"https:\/\/noticiasbahia360.com.br\/index.php?rest_route=%2Fwp%2Fv2%2Fcomments&post=148356"}],"version-history":[{"count":0,"href":"https:\/\/noticiasbahia360.com.br\/index.php?rest_route=\/wp\/v2\/posts\/148356\/revisions"}],"wp:featuredmedia":[{"embeddable":true,"href":"https:\/\/noticiasbahia360.com.br\/index.php?rest_route=\/wp\/v2\/media\/148357"}],"wp:attachment":[{"href":"https:\/\/noticiasbahia360.com.br\/index.php?rest_route=%2Fwp%2Fv2%2Fmedia&parent=148356"}],"wp:term":[{"taxonomy":"category","embeddable":true,"href":"https:\/\/noticiasbahia360.com.br\/index.php?rest_route=%2Fwp%2Fv2%2Fcategories&post=148356"},{"taxonomy":"post_tag","embeddable":true,"href":"https:\/\/noticiasbahia360.com.br\/index.php?rest_route=%2Fwp%2Fv2%2Ftags&post=148356"}],"curies":[{"name":"wp","href":"https:\/\/api.w.org\/{rel}","templated":true}]}}