{"id":148358,"date":"2026-09-01T18:00:59","date_gmt":"2026-09-01T21:00:59","guid":{"rendered":"https:\/\/noticiasbahia360.com.br\/?p=148358"},"modified":"2026-09-01T18:00:59","modified_gmt":"2026-09-01T21:00:59","slug":"toffoli-autoriza-retomada-da-campanha-eleitoral-de-renan-santos-nas-redes","status":"publish","type":"post","link":"https:\/\/noticiasbahia360.com.br\/?p=148358","title":{"rendered":"Toffoli autoriza retomada da campanha eleitoral de Renan Santos nas redes"},"content":{"rendered":"<div>\n<div>\n<figure><img decoding=\"async\" src=\"http:\/\/noticiasbahia360.com.br\/wp-content\/uploads\/2026\/09\/Renan-Santos-foto-reproducao-Youtube-.jpg\" alt=\"Renan Santos\"><figcaption>Foto: Reprodu\u00e7\u00e3o \/ Youtube <\/figcaption><\/figure>\n<\/div>\n<p class=\"wp-block-paragraph\">O ministro Dias Toffoli, do Tribunal Superior Eleitoral (TSE), autorizou nesta ter\u00e7a-feira (1\u00ba) a retomada da campanha digital de Renan Santos, candidato do Miss\u00e3o \u00e0 Presid\u00eancia da Rep\u00fablica nas elei\u00e7\u00f5es deste ano. A decis\u00e3o ocorre ap\u00f3s o magistrado ter determinado, no fim de semana, a suspens\u00e3o parcial das atividades digitais da chapa.<\/p>\n<p class=\"wp-block-paragraph\">Agora, com a nova decis\u00e3o, a campanha poder\u00e1 fazer propaganda eleitoral nos sites, blogs, redes sociais, aplicativos de mensagens e outras plataformas de internet que tenham sido previamente registrados no sistema da Justi\u00e7a Eleitoral. Toffoli tamb\u00e9m autorizou a participa\u00e7\u00e3o de Renan Santos em debates em r\u00e1dio, televis\u00e3o, podcasts e outros meios de comunica\u00e7\u00e3o.<\/p>\n<p class=\"wp-block-paragraph\">O ministro liberou ainda o repasse de recursos do Fundo Eleitoral para a chapa e a utiliza\u00e7\u00e3o de valores que eventualmente j\u00e1 tenham sido recebidos.<\/p>\n<p class=\"wp-block-paragraph\">Na decis\u00e3o, Toffoli determinou que as plataformas digitais restabele\u00e7am, em at\u00e9 duas horas, os perfis informados pela campanha e registrados no TSE. Em caso de descumprimento, foi estabelecida multa de R$ 10 mil por hora para cada perfil que n\u00e3o for reativado.<\/p>\n<p class=\"wp-block-paragraph\">A defesa de Renan Santos havia contestado a decis\u00e3o anterior, que apontava ind\u00edcios de irregularidades relacionados aos perfis de <a href=\"https:\/\/www.acordacidade.com.br\/tag\/redes-sociais\/\" data-type=\"post_tag\" data-id=\"33857\">redes sociais<\/a> informados pelo candidato e pelo vice, Aroldo Medina.<\/p>\n<p class=\"wp-block-paragraph\">Apesar da libera\u00e7\u00e3o da campanha, Toffoli deu prazo adicional de 72 horas para que Renan informe \u00e0 Justi\u00e7a Eleitoral a data de cria\u00e7\u00e3o de cada perfil e quando eles passaram a ser utilizados para propaganda eleitoral.<\/p>\n<p class=\"wp-block-paragraph\">A decis\u00e3o faz parte da an\u00e1lise do pedido de registro da candidatura de Renan Santos \u00e0 Presid\u00eancia.<\/p>\n<p class=\"wp-block-paragraph\"><em>Siga o Acorda Cidade no\u00a0<\/em><a href=\"https:\/\/news.google.com\/search?q=acorda%20cidade&amp;hl=pt-BR&amp;gl=BR&amp;ceid=BR%3Apt-419\"><strong><em>Google Not\u00edcias<\/em><\/strong><\/a><em>\u00a0e receba os principais destaques do dia. Participe tamb\u00e9m dos nossos canais no\u00a0<\/em><a href=\"https:\/\/www.whatsapp.com\/channel\/0029Va6Rb4v3WHTNnsh8WI3N\"><strong><em>WhatsApp<\/em><\/strong><\/a><em>\u00a0e\u00a0<\/em><a href=\"https:\/\/www.youtube.com\/@acordacidadenoticias\/videos\"><strong>YouTube<\/strong><\/a><em>\u00a0e do grupo no\u00a0<\/em><a href=\"https:\/\/t.me\/+sSz0khrgARA0ZmRh\"><strong><em>Telegram<\/em><\/strong><\/a><em>.<\/em><\/p>\n<\/div>\n","protected":false},"excerpt":{"rendered":"<p>Foto: Reprodu\u00e7\u00e3o \/ Youtube O ministro Dias Toffoli, do Tribunal Superior Eleitoral (TSE), autorizou nesta<\/p>\n","protected":false},"author":1,"featured_media":148359,"comment_status":"closed","ping_status":"closed","sticky":false,"template":"","format":"gallery","meta":{"footnotes":""},"categories":[8,9,6,57,56,10],"tags":[],"class_list":["post-148358","post","type-post","status-publish","format-gallery","has-post-thumbnail","hentry","category-bahia","category-brasil","category-feira-de-santana","category-mundo","category-policia","category-politica","post_format-post-format-gallery"],"featured_image_urls":{"full":["https:\/\/noticiasbahia360.com.br\/wp-content\/uploads\/2026\/09\/Renan-Santos-foto-reproducao-Youtube-.jpg",1200,675,false],"thumbnail":["https:\/\/noticiasbahia360.com.br\/wp-content\/uploads\/2026\/09\/Renan-Santos-foto-reproducao-Youtube--150x150.jpg",150,150,true],"medium":["https:\/\/noticiasbahia360.com.br\/wp-content\/uploads\/2026\/09\/Renan-Santos-foto-reproducao-Youtube--300x169.jpg",300,169,true],"medium_large":["https:\/\/noticiasbahia360.com.br\/wp-content\/uploads\/2026\/09\/Renan-Santos-foto-reproducao-Youtube--768x432.jpg",640,360,true],"large":["https:\/\/noticiasbahia360.com.br\/wp-content\/uploads\/2026\/09\/Renan-Santos-foto-reproducao-Youtube--1024x576.jpg",640,360,true],"1536x1536":["https:\/\/noticiasbahia360.com.br\/wp-content\/uploads\/2026\/09\/Renan-Santos-foto-reproducao-Youtube-.jpg",1200,675,false],"2048x2048":["https:\/\/noticiasbahia360.com.br\/wp-content\/uploads\/2026\/09\/Renan-Santos-foto-reproducao-Youtube-.jpg",1200,675,false],"chromenews-featured":["https:\/\/noticiasbahia360.com.br\/wp-content\/uploads\/2026\/09\/Renan-Santos-foto-reproducao-Youtube--1024x576.jpg",1024,576,true],"chromenews-large":["https:\/\/noticiasbahia360.com.br\/wp-content\/uploads\/2026\/09\/Renan-Santos-foto-reproducao-Youtube--825x575.jpg",825,575,true],"chromenews-medium":["https:\/\/noticiasbahia360.com.br\/wp-content\/uploads\/2026\/09\/Renan-Santos-foto-reproducao-Youtube--590x410.jpg",590,410,true]},"author_info":{"display_name":"noticiasbahia360.com.br","author_link":"https:\/\/noticiasbahia360.com.br\/?author=1"},"category_info":"<a href=\"https:\/\/noticiasbahia360.com.br\/?cat=8\" rel=\"category\">Bahia<\/a> <a href=\"https:\/\/noticiasbahia360.com.br\/?cat=9\" rel=\"category\">Brasil<\/a> <a href=\"https:\/\/noticiasbahia360.com.br\/?cat=6\" rel=\"category\">Feira de Santana<\/a> <a href=\"https:\/\/noticiasbahia360.com.br\/?cat=57\" rel=\"category\">Mundo<\/a> <a href=\"https:\/\/noticiasbahia360.com.br\/?cat=56\" rel=\"category\">Pol\u00edcia<\/a> <a href=\"https:\/\/noticiasbahia360.com.br\/?cat=10\" rel=\"category\">Pol\u00edtica<\/a>","tag_info":"Pol\u00edtica","comment_count":"0","_links":{"self":[{"href":"https:\/\/noticiasbahia360.com.br\/index.php?rest_route=\/wp\/v2\/posts\/148358","targetHints":{"allow":["GET"]}}],"collection":[{"href":"https:\/\/noticiasbahia360.com.br\/index.php?rest_route=\/wp\/v2\/posts"}],"about":[{"href":"https:\/\/noticiasbahia360.com.br\/index.php?rest_route=\/wp\/v2\/types\/post"}],"author":[{"embeddable":true,"href":"https:\/\/noticiasbahia360.com.br\/index.php?rest_route=\/wp\/v2\/users\/1"}],"replies":[{"embeddable":true,"href":"https:\/\/noticiasbahia360.com.br\/index.php?rest_route=%2Fwp%2Fv2%2Fcomments&post=148358"}],"version-history":[{"count":0,"href":"https:\/\/noticiasbahia360.com.br\/index.php?rest_route=\/wp\/v2\/posts\/148358\/revisions"}],"wp:featuredmedia":[{"embeddable":true,"href":"https:\/\/noticiasbahia360.com.br\/index.php?rest_route=\/wp\/v2\/media\/148359"}],"wp:attachment":[{"href":"https:\/\/noticiasbahia360.com.br\/index.php?rest_route=%2Fwp%2Fv2%2Fmedia&parent=148358"}],"wp:term":[{"taxonomy":"category","embeddable":true,"href":"https:\/\/noticiasbahia360.com.br\/index.php?rest_route=%2Fwp%2Fv2%2Fcategories&post=148358"},{"taxonomy":"post_tag","embeddable":true,"href":"https:\/\/noticiasbahia360.com.br\/index.php?rest_route=%2Fwp%2Fv2%2Ftags&post=148358"}],"curies":[{"name":"wp","href":"https:\/\/api.w.org\/{rel}","templated":true}]}}