{"id":148360,"date":"2026-09-01T18:01:00","date_gmt":"2026-09-01T21:01:00","guid":{"rendered":"https:\/\/noticiasbahia360.com.br\/?p=148360"},"modified":"2026-09-01T18:01:00","modified_gmt":"2026-09-01T21:01:00","slug":"prefeitura-de-feira-de-santana-desapropria-grande-area-as-margens-da-lagoa-salgada","status":"publish","type":"post","link":"https:\/\/noticiasbahia360.com.br\/?p=148360","title":{"rendered":"Prefeitura de Feira de Santana desapropria grande \u00e1rea \u00e0s margens da Lagoa Salgada"},"content":{"rendered":"<div>\n<div>\n<figure><img decoding=\"async\" src=\"http:\/\/noticiasbahia360.com.br\/wp-content\/uploads\/2026\/09\/Lagoa-Salgada-passa-por-limpeza3.jpg\" alt=\"Lagoa Salgada passa por limpeza\"><figcaption>Lagoa Salgada (Arquivo) | Foto: Jorge Magalh\u00e3es<\/figcaption><\/figure>\n<\/div>\n<p class=\"wp-block-paragraph\">A Prefeitura de Feira de Santana vai desapropriar mais de 110 mil metros quadrados de um terreno que margeia a Lagoa Salgada, localizada na zona leste.<\/p>\n<p class=\"wp-block-paragraph\">A medida \u00e9 parte do plano de recupera\u00e7\u00e3o, urbaniza\u00e7\u00e3o e preserva\u00e7\u00e3o do corpo d\u2019\u00e1gua. A \u00e1rea anunciada \u00e9 superior a dez campos de futebol, considerando as medidas oficiais.<\/p>\n<p class=\"wp-block-paragraph\">Fontes oficiais informam que a Lagoa Salgada tem \u00e1rea superior a cem hectares \u2013 o que corresponde a mais de cem campos de futebol juntos.<\/p>\n<p class=\"wp-block-paragraph\">Al\u00e9m do bairro que tem o seu nome, a lagoa margeia uma grande extens\u00e3o da Avenida N\u00f3ide Cerqueira.<\/p>\n<p class=\"wp-block-paragraph\">Recuperar a lagoa e transform\u00e1-la em um amplo espa\u00e7o de lazer, focado na natureza, \u00e9 uma das metas da Prefeitura de Feira de Santana.<\/p>\n<p class=\"wp-block-paragraph\">Tamb\u00e9m foram anunciadas desapropria\u00e7\u00f5es de terras na Rua Conc\u00f3rdia, no bairro Caseb, e no Parque Get\u00falio Vargas, que ganhar\u00e3o equipamentos p\u00fablicos.<\/p>\n<p class=\"wp-block-paragraph\">No Caseb, bairro da zona leste, a Prefeitura de Feira vai construir uma moderna escola nos 4,7 mil metros quadrados do terreno, localizado na Rua da Conc\u00f3rdia.<\/p>\n<p class=\"wp-block-paragraph\">J\u00e1 no Parque Get\u00falio Vargas, o munic\u00edpio vai construir uma pra\u00e7a nos mais de 400 metros quadrados que ser\u00e3o desapropriados na Rua Angra dos Reis.<\/p>\n<p class=\"wp-block-paragraph\"><em>Com informa\u00e7\u00f5es da Secretaria Municipal de Comunica\u00e7\u00e3o Social de Feira de Santana <\/em><\/p>\n<p class=\"wp-block-paragraph\"><em>Siga o Acorda Cidade no\u00a0<\/em><a href=\"https:\/\/news.google.com\/search?q=acorda%20cidade&amp;hl=pt-BR&amp;gl=BR&amp;ceid=BR%3Apt-419\"><strong><em>Google Not\u00edcias<\/em><\/strong><\/a><em>\u00a0e receba os principais destaques do dia. Participe tamb\u00e9m dos nossos canais no\u00a0<\/em><a href=\"https:\/\/www.whatsapp.com\/channel\/0029Va6Rb4v3WHTNnsh8WI3N\"><strong><em>WhatsApp<\/em><\/strong><\/a><em>\u00a0e\u00a0<\/em><a href=\"https:\/\/www.youtube.com\/@acordacidadenoticias\/videos\"><strong>YouTube<\/strong><\/a><em>\u00a0e do grupo no\u00a0<\/em><a href=\"https:\/\/t.me\/+sSz0khrgARA0ZmRh\"><strong><em>Telegram<\/em><\/strong><\/a><em>.<\/em><a href=\"https:\/\/www.acordacidade.com.br\/colunas\/dilton-e-feito\/\"><\/a><\/p>\n<p class=\"wp-block-paragraph\">\n<\/div>\n","protected":false},"excerpt":{"rendered":"<p>Lagoa Salgada (Arquivo) | Foto: Jorge Magalh\u00e3es A Prefeitura de Feira de Santana vai desapropriar<\/p>\n","protected":false},"author":1,"featured_media":148361,"comment_status":"closed","ping_status":"closed","sticky":false,"template":"","format":"gallery","meta":{"footnotes":""},"categories":[8,9,6,57,56,10],"tags":[],"class_list":["post-148360","post","type-post","status-publish","format-gallery","has-post-thumbnail","hentry","category-bahia","category-brasil","category-feira-de-santana","category-mundo","category-policia","category-politica","post_format-post-format-gallery"],"featured_image_urls":{"full":["https:\/\/noticiasbahia360.com.br\/wp-content\/uploads\/2026\/09\/Lagoa-Salgada-passa-por-limpeza3.jpg",640,362,false],"thumbnail":["https:\/\/noticiasbahia360.com.br\/wp-content\/uploads\/2026\/09\/Lagoa-Salgada-passa-por-limpeza3-150x150.jpg",150,150,true],"medium":["https:\/\/noticiasbahia360.com.br\/wp-content\/uploads\/2026\/09\/Lagoa-Salgada-passa-por-limpeza3-300x170.jpg",300,170,true],"medium_large":["https:\/\/noticiasbahia360.com.br\/wp-content\/uploads\/2026\/09\/Lagoa-Salgada-passa-por-limpeza3.jpg",640,362,false],"large":["https:\/\/noticiasbahia360.com.br\/wp-content\/uploads\/2026\/09\/Lagoa-Salgada-passa-por-limpeza3.jpg",640,362,false],"1536x1536":["https:\/\/noticiasbahia360.com.br\/wp-content\/uploads\/2026\/09\/Lagoa-Salgada-passa-por-limpeza3.jpg",640,362,false],"2048x2048":["https:\/\/noticiasbahia360.com.br\/wp-content\/uploads\/2026\/09\/Lagoa-Salgada-passa-por-limpeza3.jpg",640,362,false],"chromenews-featured":["https:\/\/noticiasbahia360.com.br\/wp-content\/uploads\/2026\/09\/Lagoa-Salgada-passa-por-limpeza3.jpg",640,362,false],"chromenews-large":["https:\/\/noticiasbahia360.com.br\/wp-content\/uploads\/2026\/09\/Lagoa-Salgada-passa-por-limpeza3.jpg",640,362,false],"chromenews-medium":["https:\/\/noticiasbahia360.com.br\/wp-content\/uploads\/2026\/09\/Lagoa-Salgada-passa-por-limpeza3-590x362.jpg",590,362,true]},"author_info":{"display_name":"noticiasbahia360.com.br","author_link":"https:\/\/noticiasbahia360.com.br\/?author=1"},"category_info":"<a href=\"https:\/\/noticiasbahia360.com.br\/?cat=8\" rel=\"category\">Bahia<\/a> <a href=\"https:\/\/noticiasbahia360.com.br\/?cat=9\" rel=\"category\">Brasil<\/a> <a href=\"https:\/\/noticiasbahia360.com.br\/?cat=6\" rel=\"category\">Feira de Santana<\/a> <a href=\"https:\/\/noticiasbahia360.com.br\/?cat=57\" rel=\"category\">Mundo<\/a> <a href=\"https:\/\/noticiasbahia360.com.br\/?cat=56\" rel=\"category\">Pol\u00edcia<\/a> <a href=\"https:\/\/noticiasbahia360.com.br\/?cat=10\" rel=\"category\">Pol\u00edtica<\/a>","tag_info":"Pol\u00edtica","comment_count":"0","_links":{"self":[{"href":"https:\/\/noticiasbahia360.com.br\/index.php?rest_route=\/wp\/v2\/posts\/148360","targetHints":{"allow":["GET"]}}],"collection":[{"href":"https:\/\/noticiasbahia360.com.br\/index.php?rest_route=\/wp\/v2\/posts"}],"about":[{"href":"https:\/\/noticiasbahia360.com.br\/index.php?rest_route=\/wp\/v2\/types\/post"}],"author":[{"embeddable":true,"href":"https:\/\/noticiasbahia360.com.br\/index.php?rest_route=\/wp\/v2\/users\/1"}],"replies":[{"embeddable":true,"href":"https:\/\/noticiasbahia360.com.br\/index.php?rest_route=%2Fwp%2Fv2%2Fcomments&post=148360"}],"version-history":[{"count":0,"href":"https:\/\/noticiasbahia360.com.br\/index.php?rest_route=\/wp\/v2\/posts\/148360\/revisions"}],"wp:featuredmedia":[{"embeddable":true,"href":"https:\/\/noticiasbahia360.com.br\/index.php?rest_route=\/wp\/v2\/media\/148361"}],"wp:attachment":[{"href":"https:\/\/noticiasbahia360.com.br\/index.php?rest_route=%2Fwp%2Fv2%2Fmedia&parent=148360"}],"wp:term":[{"taxonomy":"category","embeddable":true,"href":"https:\/\/noticiasbahia360.com.br\/index.php?rest_route=%2Fwp%2Fv2%2Fcategories&post=148360"},{"taxonomy":"post_tag","embeddable":true,"href":"https:\/\/noticiasbahia360.com.br\/index.php?rest_route=%2Fwp%2Fv2%2Ftags&post=148360"}],"curies":[{"name":"wp","href":"https:\/\/api.w.org\/{rel}","templated":true}]}}