{"id":148362,"date":"2026-09-01T19:03:09","date_gmt":"2026-09-01T22:03:09","guid":{"rendered":"https:\/\/noticiasbahia360.com.br\/?p=148362"},"modified":"2026-09-01T19:03:09","modified_gmt":"2026-09-01T22:03:09","slug":"propaganda-eleitoral-emissoras-cedem-espaco-de-graca-enquanto-partidos-recebem-verba-do-fundo-partidario","status":"publish","type":"post","link":"https:\/\/noticiasbahia360.com.br\/?p=148362","title":{"rendered":"Propaganda eleitoral: emissoras cedem espa\u00e7o de gra\u00e7a enquanto partidos recebem verba do fundo partid\u00e1rio"},"content":{"rendered":"<div>\n<div>\n<figure><img decoding=\"async\" src=\"http:\/\/noticiasbahia360.com.br\/wp-content\/uploads\/2026\/09\/Dilton-Coutinho.jpg\" alt=\"Dilton Coutinho\"><figcaption>Dilton Coutinho | Foto: Beatriz Rosado\/ Acorda Cidade<\/figcaption><\/figure>\n<\/div>\n<p class=\"wp-block-paragraph\">Todos os anos de <a href=\"https:\/\/www.acordacidade.com.br\/tag\/eleicao\/\" data-type=\"post_tag\" data-id=\"35934\">elei\u00e7\u00e3o<\/a>, com a proximidade da data em que os brasileiros v\u00e3o escolher seus representantes nas urnas, r\u00e1dio e televis\u00e3o iniciam a exibi\u00e7\u00e3o da propaganda eleitoral gratuita, programa\u00e7\u00e3o que \u00e9 obrigat\u00f3ria por lei e as emissoras t\u00eam a obriga\u00e7\u00e3o de veicular.<\/p>\n<p class=\"wp-block-paragraph\">Durante o programa Acorda Cidade de segunda (31), o radialista Dilton Coutinho destacou como essa obrigatoriedade atrapalha as programa\u00e7\u00f5es das emissoras de r\u00e1dio e televis\u00e3o, sem nenhuma contrapartida financeira, j\u00e1 que, apesar de os partidos pol\u00edticos receberem bilh\u00f5es de reais para o financiamento das campanhas eleitorais, a programa\u00e7\u00e3o para r\u00e1dio e TV \u00e9 gratuita, as emissoras nada recebem.<\/p>\n<p class=\"wp-block-paragraph\">\u201c\u00c9 um transtorno na programa\u00e7\u00e3o. Al\u00e9m dos hor\u00e1rios maiores com 50 minutos da programa\u00e7\u00e3o, h\u00e1 mais 70 minutos de spots pulverizados durante toda a programa\u00e7\u00e3o das emissoras\u201d, explicou.<\/p>\n<h2 id=\"h-cade-as-propostas\" class=\"wp-block-heading\">Cad\u00ea as propostas?<\/h2>\n<p class=\"wp-block-paragraph\">Para Dilton, um detalhe que n\u00e3o pode passar despercebido \u00e9 o atual formato dos programas eleitorais, que, na opini\u00e3o dele, j\u00e1 perdeu o sentido.<\/p>\n<p class=\"wp-block-paragraph\">\u201cEsse formato de propaganda eleitoral n\u00e3o define mais nenhum voto, a exemplo dos debates. Os programas e os debates est\u00e3o servindo apenas para agress\u00f5es m\u00fatuas. Propostas vagas.\u201d<\/p>\n<h2 id=\"h-quem-paga-a-conta\" class=\"wp-block-heading\">Quem paga a conta?<\/h2>\n<p class=\"wp-block-paragraph\">Dilton lembra que vivemos mudan\u00e7as constantes e cont\u00ednuas e destaca que as nossas leis n\u00e3o acompanham essas mudan\u00e7as. Ele defende que o espa\u00e7o deveria ser remunerado, j\u00e1 que, quando a lei foi criada, n\u00e3o existia o financiamento p\u00fablico. Atualmente a realidade \u00e9 outra. Somente para as campanhas eleitorais de 2026, s\u00e3o quase 5 bilh\u00f5es de reais de fundo eleitoral para financiar as campanhas pol\u00edticas.<\/p>\n<p class=\"wp-block-paragraph\">\u201cQuando foi criada a lei, n\u00e3o existia o financiamento p\u00fablico e cada um ia buscar seus recursos. Agora, n\u00f3s, contribuintes, pagamos a campanha. Esse dinheiro deveria ir para a\u00e7\u00f5es sociais, infraestrutura, sa\u00fade, educa\u00e7\u00e3o, servi\u00e7os b\u00e1sicos. Mas n\u00e3o. Hoje a popula\u00e7\u00e3o paga a distribui\u00e7\u00e3o em torno de R$ 5 bilh\u00f5es, dinheiro p\u00fablico para o pol\u00edtico fazer a campanha. Ele se elege e vai ser remunerado.\u201d<\/p>\n<p class=\"wp-block-paragraph\">Diante dos fatos, fica o questionamento: \u201cPor que n\u00e3o muda a lei? Lei caduca! As emissoras sofrem altera\u00e7\u00f5es substanciais em suas programa\u00e7\u00f5es, e o dinheiro p\u00fablico serve para financiar as campanhas. Lembrando mais uma vez: quando a lei foi criada, n\u00e3o existia o dinheiro p\u00fablico. Agora existe! Quase R$ 5 bilh\u00f5es. E as emissoras, porque \u00e9 uma concess\u00e3o p\u00fablica e por for\u00e7a de lei, t\u00eam que dar isso de gra\u00e7a. N\u00e3o \u00e9 justo. Se h\u00e1 dinheiro para pagar, por que o hor\u00e1rio tem que ser gratuito para as emissoras? Essa, pelo menos, \u00e9 a minha opini\u00e3o\u201d, concluiu Dilton Coutinho.<\/p>\n<p class=\"wp-block-paragraph\"><strong>Leia tamb\u00e9m: <a href=\"https:\/\/www.acordacidade.com.br\/politica\/eleicoes\/programa-acorda-cidade-vai-comecar-mais-cedo-a-partir-desta-sexta-28-entenda-a-mudanca\/\">Programa Acorda Cidade vai come\u00e7ar mais cedo a partir desta sexta (28); entenda a mudan\u00e7a<\/a><\/strong><\/p>\n<p class=\"wp-block-paragraph\"><em>Siga o Acorda Cidade no\u00a0<\/em><a href=\"https:\/\/news.google.com\/search?q=acorda%20cidade&amp;hl=pt-BR&amp;gl=BR&amp;ceid=BR%3Apt-419\"><strong><em>Google Not\u00edcias<\/em><\/strong><\/a><em>\u00a0e receba os principais destaques do dia. Participe tamb\u00e9m dos nossos canais no\u00a0<\/em><a href=\"https:\/\/www.whatsapp.com\/channel\/0029Va6Rb4v3WHTNnsh8WI3N\"><strong><em>WhatsApp<\/em><\/strong><\/a><em>\u00a0e\u00a0<\/em><a href=\"https:\/\/www.youtube.com\/@acordacidadenoticias\/videos\"><strong>YouTube<\/strong><\/a><em>\u00a0e do grupo no\u00a0<\/em><a href=\"https:\/\/t.me\/+sSz0khrgARA0ZmRh\"><strong><em>Telegram<\/em><\/strong><\/a><em>.<\/em><a href=\"https:\/\/www.acordacidade.com.br\/colunas\/dilton-e-feito\/\"><\/a><\/p>\n<\/div>\n","protected":false},"excerpt":{"rendered":"<p>Dilton Coutinho | Foto: Beatriz Rosado\/ Acorda Cidade Todos os anos de elei\u00e7\u00e3o, com a<\/p>\n","protected":false},"author":1,"featured_media":148363,"comment_status":"closed","ping_status":"closed","sticky":false,"template":"","format":"gallery","meta":{"footnotes":""},"categories":[8,9,6,57,56,10],"tags":[],"class_list":["post-148362","post","type-post","status-publish","format-gallery","has-post-thumbnail","hentry","category-bahia","category-brasil","category-feira-de-santana","category-mundo","category-policia","category-politica","post_format-post-format-gallery"],"featured_image_urls":{"full":["https:\/\/noticiasbahia360.com.br\/wp-content\/uploads\/2026\/09\/Dilton-Coutinho.jpg",1200,900,false],"thumbnail":["https:\/\/noticiasbahia360.com.br\/wp-content\/uploads\/2026\/09\/Dilton-Coutinho-150x150.jpg",150,150,true],"medium":["https:\/\/noticiasbahia360.com.br\/wp-content\/uploads\/2026\/09\/Dilton-Coutinho-300x225.jpg",300,225,true],"medium_large":["https:\/\/noticiasbahia360.com.br\/wp-content\/uploads\/2026\/09\/Dilton-Coutinho-768x576.jpg",640,480,true],"large":["https:\/\/noticiasbahia360.com.br\/wp-content\/uploads\/2026\/09\/Dilton-Coutinho-1024x768.jpg",640,480,true],"1536x1536":["https:\/\/noticiasbahia360.com.br\/wp-content\/uploads\/2026\/09\/Dilton-Coutinho.jpg",1200,900,false],"2048x2048":["https:\/\/noticiasbahia360.com.br\/wp-content\/uploads\/2026\/09\/Dilton-Coutinho.jpg",1200,900,false],"chromenews-featured":["https:\/\/noticiasbahia360.com.br\/wp-content\/uploads\/2026\/09\/Dilton-Coutinho-1024x768.jpg",1024,768,true],"chromenews-large":["https:\/\/noticiasbahia360.com.br\/wp-content\/uploads\/2026\/09\/Dilton-Coutinho-825x575.jpg",825,575,true],"chromenews-medium":["https:\/\/noticiasbahia360.com.br\/wp-content\/uploads\/2026\/09\/Dilton-Coutinho-590x410.jpg",590,410,true]},"author_info":{"display_name":"noticiasbahia360.com.br","author_link":"https:\/\/noticiasbahia360.com.br\/?author=1"},"category_info":"<a href=\"https:\/\/noticiasbahia360.com.br\/?cat=8\" rel=\"category\">Bahia<\/a> <a href=\"https:\/\/noticiasbahia360.com.br\/?cat=9\" rel=\"category\">Brasil<\/a> <a href=\"https:\/\/noticiasbahia360.com.br\/?cat=6\" rel=\"category\">Feira de Santana<\/a> <a href=\"https:\/\/noticiasbahia360.com.br\/?cat=57\" rel=\"category\">Mundo<\/a> <a href=\"https:\/\/noticiasbahia360.com.br\/?cat=56\" rel=\"category\">Pol\u00edcia<\/a> <a href=\"https:\/\/noticiasbahia360.com.br\/?cat=10\" rel=\"category\">Pol\u00edtica<\/a>","tag_info":"Pol\u00edtica","comment_count":"0","_links":{"self":[{"href":"https:\/\/noticiasbahia360.com.br\/index.php?rest_route=\/wp\/v2\/posts\/148362","targetHints":{"allow":["GET"]}}],"collection":[{"href":"https:\/\/noticiasbahia360.com.br\/index.php?rest_route=\/wp\/v2\/posts"}],"about":[{"href":"https:\/\/noticiasbahia360.com.br\/index.php?rest_route=\/wp\/v2\/types\/post"}],"author":[{"embeddable":true,"href":"https:\/\/noticiasbahia360.com.br\/index.php?rest_route=\/wp\/v2\/users\/1"}],"replies":[{"embeddable":true,"href":"https:\/\/noticiasbahia360.com.br\/index.php?rest_route=%2Fwp%2Fv2%2Fcomments&post=148362"}],"version-history":[{"count":0,"href":"https:\/\/noticiasbahia360.com.br\/index.php?rest_route=\/wp\/v2\/posts\/148362\/revisions"}],"wp:featuredmedia":[{"embeddable":true,"href":"https:\/\/noticiasbahia360.com.br\/index.php?rest_route=\/wp\/v2\/media\/148363"}],"wp:attachment":[{"href":"https:\/\/noticiasbahia360.com.br\/index.php?rest_route=%2Fwp%2Fv2%2Fmedia&parent=148362"}],"wp:term":[{"taxonomy":"category","embeddable":true,"href":"https:\/\/noticiasbahia360.com.br\/index.php?rest_route=%2Fwp%2Fv2%2Fcategories&post=148362"},{"taxonomy":"post_tag","embeddable":true,"href":"https:\/\/noticiasbahia360.com.br\/index.php?rest_route=%2Fwp%2Fv2%2Ftags&post=148362"}],"curies":[{"name":"wp","href":"https:\/\/api.w.org\/{rel}","templated":true}]}}