{"id":148364,"date":"2026-09-01T19:03:11","date_gmt":"2026-09-01T22:03:11","guid":{"rendered":"https:\/\/noticiasbahia360.com.br\/?p=148364"},"modified":"2026-09-01T19:03:11","modified_gmt":"2026-09-01T22:03:11","slug":"pf-cumpre-ordem-judicial-e-afasta-tecnico-do-inss-investigado-por-fraudes-na-bahia","status":"publish","type":"post","link":"https:\/\/noticiasbahia360.com.br\/?p=148364","title":{"rendered":"PF cumpre ordem judicial e afasta t\u00e9cnico do INSS investigado por fraudes na Bahia"},"content":{"rendered":"<div>\n<div>\n<figure><img decoding=\"async\" src=\"http:\/\/noticiasbahia360.com.br\/wp-content\/uploads\/2026\/09\/inss-foto-fabio-rodrigues-pozzebom-agencia-brasil.jpg\" alt=\"INSS\"><figcaption>Foto: Fabio Rodrigues -Pozzebom\/Ag\u00eancia Brasil<\/figcaption><\/figure>\n<\/div>\n<p class=\"wp-block-paragraph\">A Pol\u00edcia Federal informa que, no \u00e2mbito da Opera\u00e7\u00e3o Colina, deflagrada no dia 19 de maio deste ano, foi cumprida determina\u00e7\u00e3o de afastamento cautelar de um t\u00e9cnico do Seguro Social, lotado no Instituto Nacional do Seguro Social (INSS), nesta ter\u00e7a-feira (1\u00ba). A ordem judicial foi expedida pela 17\u00aa Vara Federal Criminal da Se\u00e7\u00e3o Judici\u00e1ria da Bahia (SJBA), com o objetivo de desarticular um esquema de fraudes previdenci\u00e1rias.<\/p>\n<p class=\"wp-block-paragraph\">A fraude consistia na remarca\u00e7\u00e3o irregular de per\u00edcias m\u00e9dicas que possibilitaram a manuten\u00e7\u00e3o indevida dos benef\u00edcios.<\/p>\n<p class=\"wp-block-paragraph\">O avan\u00e7o das apura\u00e7\u00f5es revelou a exist\u00eancia de um esquema organizado, conduzido por servidor p\u00fablico que recebia vantagens financeiras indevidas como contrapartida pelas altera\u00e7\u00f5es il\u00edcitas efetuadas nos sistemas corporativos da autarquia. A investiga\u00e7\u00e3o identificou o fluxo desses pagamentos il\u00edcitos.<\/p>\n<p class=\"wp-block-paragraph\">Com o intuito de neutralizar o uso da fun\u00e7\u00e3o p\u00fablica para a continuidade delitiva, a decis\u00e3o judicial tamb\u00e9m determinou a proibi\u00e7\u00e3o imediata de o servidor acessar os sistemas corporativos, as bases de dados institucionais, as credenciais funcionais e as depend\u00eancias administrativas do INSS.<\/p>\n<p class=\"wp-block-paragraph\">O inqu\u00e9rito policial em curso apura o cometimento dos crimes de inser\u00e7\u00e3o de dados falsos em sistema de informa\u00e7\u00f5es, corrup\u00e7\u00e3o passiva e associa\u00e7\u00e3o criminosa.\u00a0<\/p>\n<p class=\"wp-block-paragraph\"><em>Siga o Acorda Cidade no\u00a0<\/em><a href=\"https:\/\/news.google.com\/search?q=acorda%20cidade&amp;hl=pt-BR&amp;gl=BR&amp;ceid=BR%3Apt-419\"><strong><em>Google Not\u00edcias<\/em><\/strong><\/a><em>\u00a0e receba os principais destaques do dia. Participe tamb\u00e9m dos nossos canais no\u00a0<\/em><a href=\"https:\/\/www.whatsapp.com\/channel\/0029Va6Rb4v3WHTNnsh8WI3N\"><strong><em>WhatsApp<\/em><\/strong><\/a><em>\u00a0e\u00a0<\/em><a href=\"https:\/\/www.youtube.com\/@acordacidadenoticias\/videos\"><strong>YouTube<\/strong><\/a><em>\u00a0e do grupo no\u00a0<\/em><a href=\"https:\/\/t.me\/+sSz0khrgARA0ZmRh\"><strong><em>Telegram<\/em><\/strong><\/a><em>.<\/em><a href=\"https:\/\/www.acordacidade.com.br\/colunas\/dilton-e-feito\/\"><\/a><\/p>\n<\/div>\n","protected":false},"excerpt":{"rendered":"<p>Foto: Fabio Rodrigues -Pozzebom\/Ag\u00eancia Brasil A Pol\u00edcia Federal informa que, no \u00e2mbito da Opera\u00e7\u00e3o Colina,<\/p>\n","protected":false},"author":1,"featured_media":148365,"comment_status":"closed","ping_status":"closed","sticky":false,"template":"","format":"gallery","meta":{"footnotes":""},"categories":[8,9,6,57,56,10],"tags":[],"class_list":["post-148364","post","type-post","status-publish","format-gallery","has-post-thumbnail","hentry","category-bahia","category-brasil","category-feira-de-santana","category-mundo","category-policia","category-politica","post_format-post-format-gallery"],"featured_image_urls":{"full":["https:\/\/noticiasbahia360.com.br\/wp-content\/uploads\/2026\/09\/inss-foto-fabio-rodrigues-pozzebom-agencia-brasil.jpg",1200,718,false],"thumbnail":["https:\/\/noticiasbahia360.com.br\/wp-content\/uploads\/2026\/09\/inss-foto-fabio-rodrigues-pozzebom-agencia-brasil-150x150.jpg",150,150,true],"medium":["https:\/\/noticiasbahia360.com.br\/wp-content\/uploads\/2026\/09\/inss-foto-fabio-rodrigues-pozzebom-agencia-brasil-300x180.jpg",300,180,true],"medium_large":["https:\/\/noticiasbahia360.com.br\/wp-content\/uploads\/2026\/09\/inss-foto-fabio-rodrigues-pozzebom-agencia-brasil-768x460.jpg",640,383,true],"large":["https:\/\/noticiasbahia360.com.br\/wp-content\/uploads\/2026\/09\/inss-foto-fabio-rodrigues-pozzebom-agencia-brasil-1024x613.jpg",640,383,true],"1536x1536":["https:\/\/noticiasbahia360.com.br\/wp-content\/uploads\/2026\/09\/inss-foto-fabio-rodrigues-pozzebom-agencia-brasil.jpg",1200,718,false],"2048x2048":["https:\/\/noticiasbahia360.com.br\/wp-content\/uploads\/2026\/09\/inss-foto-fabio-rodrigues-pozzebom-agencia-brasil.jpg",1200,718,false],"chromenews-featured":["https:\/\/noticiasbahia360.com.br\/wp-content\/uploads\/2026\/09\/inss-foto-fabio-rodrigues-pozzebom-agencia-brasil-1024x613.jpg",1024,613,true],"chromenews-large":["https:\/\/noticiasbahia360.com.br\/wp-content\/uploads\/2026\/09\/inss-foto-fabio-rodrigues-pozzebom-agencia-brasil-825x575.jpg",825,575,true],"chromenews-medium":["https:\/\/noticiasbahia360.com.br\/wp-content\/uploads\/2026\/09\/inss-foto-fabio-rodrigues-pozzebom-agencia-brasil-590x410.jpg",590,410,true]},"author_info":{"display_name":"noticiasbahia360.com.br","author_link":"https:\/\/noticiasbahia360.com.br\/?author=1"},"category_info":"<a href=\"https:\/\/noticiasbahia360.com.br\/?cat=8\" rel=\"category\">Bahia<\/a> <a href=\"https:\/\/noticiasbahia360.com.br\/?cat=9\" rel=\"category\">Brasil<\/a> <a href=\"https:\/\/noticiasbahia360.com.br\/?cat=6\" rel=\"category\">Feira de Santana<\/a> <a href=\"https:\/\/noticiasbahia360.com.br\/?cat=57\" rel=\"category\">Mundo<\/a> <a href=\"https:\/\/noticiasbahia360.com.br\/?cat=56\" rel=\"category\">Pol\u00edcia<\/a> <a href=\"https:\/\/noticiasbahia360.com.br\/?cat=10\" rel=\"category\">Pol\u00edtica<\/a>","tag_info":"Pol\u00edtica","comment_count":"0","_links":{"self":[{"href":"https:\/\/noticiasbahia360.com.br\/index.php?rest_route=\/wp\/v2\/posts\/148364","targetHints":{"allow":["GET"]}}],"collection":[{"href":"https:\/\/noticiasbahia360.com.br\/index.php?rest_route=\/wp\/v2\/posts"}],"about":[{"href":"https:\/\/noticiasbahia360.com.br\/index.php?rest_route=\/wp\/v2\/types\/post"}],"author":[{"embeddable":true,"href":"https:\/\/noticiasbahia360.com.br\/index.php?rest_route=\/wp\/v2\/users\/1"}],"replies":[{"embeddable":true,"href":"https:\/\/noticiasbahia360.com.br\/index.php?rest_route=%2Fwp%2Fv2%2Fcomments&post=148364"}],"version-history":[{"count":0,"href":"https:\/\/noticiasbahia360.com.br\/index.php?rest_route=\/wp\/v2\/posts\/148364\/revisions"}],"wp:featuredmedia":[{"embeddable":true,"href":"https:\/\/noticiasbahia360.com.br\/index.php?rest_route=\/wp\/v2\/media\/148365"}],"wp:attachment":[{"href":"https:\/\/noticiasbahia360.com.br\/index.php?rest_route=%2Fwp%2Fv2%2Fmedia&parent=148364"}],"wp:term":[{"taxonomy":"category","embeddable":true,"href":"https:\/\/noticiasbahia360.com.br\/index.php?rest_route=%2Fwp%2Fv2%2Fcategories&post=148364"},{"taxonomy":"post_tag","embeddable":true,"href":"https:\/\/noticiasbahia360.com.br\/index.php?rest_route=%2Fwp%2Fv2%2Ftags&post=148364"}],"curies":[{"name":"wp","href":"https:\/\/api.w.org\/{rel}","templated":true}]}}