{"id":148366,"date":"2026-09-01T19:03:12","date_gmt":"2026-09-01T22:03:12","guid":{"rendered":"https:\/\/noticiasbahia360.com.br\/?p=148366"},"modified":"2026-09-01T19:03:12","modified_gmt":"2026-09-01T22:03:12","slug":"pericia-encontra-mensagem-de-vorcaro-sobre-pedido-para-adiar-investigacao-na-pf","status":"publish","type":"post","link":"https:\/\/noticiasbahia360.com.br\/?p=148366","title":{"rendered":"Per\u00edcia encontra mensagem de Vorcaro sobre pedido para adiar investiga\u00e7\u00e3o na PF"},"content":{"rendered":"<div>\n<div>\n<figure><img decoding=\"async\" src=\"http:\/\/noticiasbahia360.com.br\/wp-content\/uploads\/2026\/09\/Daniel-Vorcaro.webp\" alt=\"Daniel Vorcaro\"><figcaption>Daniel Vorcaro | Foto: Banco Master\/Divulga\u00e7\u00e3o<\/figcaption><\/figure>\n<\/div>\n<p class=\"wp-block-paragraph\">A Pol\u00edcia Federal (PF) identificou uma mensagem atribu\u00edda ao empres\u00e1rio Daniel Vorcaro na qual ele solicita uma poss\u00edvel interlocu\u00e7\u00e3o com a dire\u00e7\u00e3o da pr\u00f3pria corpora\u00e7\u00e3o para tentar adiar uma medida policial relacionada ao Banco Master. Segundo o relat\u00f3rio da per\u00edcia, Vorcaro teria indicado que o adiamento evitaria uma crise financeira na institui\u00e7\u00e3o.<\/p>\n<p class=\"wp-block-paragraph\">O conte\u00fado foi localizado durante a an\u00e1lise do celular do empres\u00e1rio. Conforme o documento pericial, uma imagem enviada pelo recurso de visualiza\u00e7\u00e3o \u00fanica do WhatsApp foi recuperada pelos investigadores da PF. <strong>A mensagem foi enviada para o contato cadastrado no celular do banqueiro como \u201cAlexandre de Moraes BRASILIA\u201d.<\/strong><\/p>\n<p class=\"wp-block-paragraph\">Segundo o documento obtido com exclusividade pelo <a href=\"https:\/\/www.bahianoticias.com.br\/noticia\/320618-vorcaro-pediu-intervencao-na-pf-para-adiar-operacao-e-evitar-falencia-do-banco-master-aponta-pericia\" target=\"_blank\" rel=\"noreferrer noopener\">Bahia Not\u00edcias,<\/a> site parceiro do Acorda Cidade, a imagem continha um texto escrito por Vorcaro no bloco de notas do aparelho em 16 de novembro de 2025. Na mensagem, o empres\u00e1rio menciona uma pessoa chamada \u201cAndrei\u201d e afirma que, caso a medida fosse adiada para a semana seguinte, o banco n\u00e3o quebraria.<\/p>\n<p class=\"wp-block-paragraph\">De acordo com o relat\u00f3rio da PF, \u201cAndrei\u201d seria Andrei Passos, diretor-geral da Pol\u00edcia Federal. Para os investigadores, o conte\u00fado indica uma tentativa de solicitar ao destinat\u00e1rio que buscasse sensibilizar a dire\u00e7\u00e3o da corpora\u00e7\u00e3o para postergar uma medida policial que estaria prestes a ser realizada.<\/p>\n<p class=\"wp-block-paragraph\">No texto recuperado pela per\u00edcia, Vorcaro relaciona o poss\u00edvel adiamento ao feriado de 20 de novembro. Segundo a avalia\u00e7\u00e3o registrada no relat\u00f3rio, o empres\u00e1rio acreditava que o prazo adicional seria suficiente para evitar a quebra do Banco Master.<\/p>\n<p class=\"wp-block-paragraph\"><em>Siga o Acorda Cidade no\u00a0<\/em><a href=\"https:\/\/news.google.com\/search?q=acorda%20cidade&amp;hl=pt-BR&amp;gl=BR&amp;ceid=BR%3Apt-419\"><strong><em>Google Not\u00edcias<\/em><\/strong><\/a><em>\u00a0e receba os principais destaques do dia. Participe tamb\u00e9m dos nossos canais no\u00a0<\/em><a href=\"https:\/\/www.whatsapp.com\/channel\/0029Va6Rb4v3WHTNnsh8WI3N\"><strong><em>WhatsApp<\/em><\/strong><\/a><em>\u00a0e\u00a0<\/em><a href=\"https:\/\/www.youtube.com\/@acordacidadenoticias\/videos\"><strong>YouTube<\/strong><\/a><em>\u00a0e do grupo no\u00a0<\/em><a href=\"https:\/\/t.me\/+sSz0khrgARA0ZmRh\"><strong><em>Telegram<\/em><\/strong><\/a><em>.<\/em><a href=\"https:\/\/www.acordacidade.com.br\/colunas\/dilton-e-feito\/\"><\/a><\/p>\n<p class=\"wp-block-paragraph\">\n<\/div>\n","protected":false},"excerpt":{"rendered":"<p>Daniel Vorcaro | Foto: Banco Master\/Divulga\u00e7\u00e3o A Pol\u00edcia Federal (PF) identificou uma mensagem atribu\u00edda ao<\/p>\n","protected":false},"author":1,"featured_media":148367,"comment_status":"closed","ping_status":"closed","sticky":false,"template":"","format":"gallery","meta":{"footnotes":""},"categories":[8,9,6,57,56,10],"tags":[],"class_list":["post-148366","post","type-post","status-publish","format-gallery","has-post-thumbnail","hentry","category-bahia","category-brasil","category-feira-de-santana","category-mundo","category-policia","category-politica","post_format-post-format-gallery"],"featured_image_urls":{"full":["https:\/\/noticiasbahia360.com.br\/wp-content\/uploads\/2026\/09\/Daniel-Vorcaro.webp",1200,718,false],"thumbnail":["https:\/\/noticiasbahia360.com.br\/wp-content\/uploads\/2026\/09\/Daniel-Vorcaro-150x150.webp",150,150,true],"medium":["https:\/\/noticiasbahia360.com.br\/wp-content\/uploads\/2026\/09\/Daniel-Vorcaro-300x180.webp",300,180,true],"medium_large":["https:\/\/noticiasbahia360.com.br\/wp-content\/uploads\/2026\/09\/Daniel-Vorcaro-768x460.webp",640,383,true],"large":["https:\/\/noticiasbahia360.com.br\/wp-content\/uploads\/2026\/09\/Daniel-Vorcaro-1024x613.webp",640,383,true],"1536x1536":["https:\/\/noticiasbahia360.com.br\/wp-content\/uploads\/2026\/09\/Daniel-Vorcaro.webp",1200,718,false],"2048x2048":["https:\/\/noticiasbahia360.com.br\/wp-content\/uploads\/2026\/09\/Daniel-Vorcaro.webp",1200,718,false],"chromenews-featured":["https:\/\/noticiasbahia360.com.br\/wp-content\/uploads\/2026\/09\/Daniel-Vorcaro-1024x613.webp",1024,613,true],"chromenews-large":["https:\/\/noticiasbahia360.com.br\/wp-content\/uploads\/2026\/09\/Daniel-Vorcaro-825x575.webp",825,575,true],"chromenews-medium":["https:\/\/noticiasbahia360.com.br\/wp-content\/uploads\/2026\/09\/Daniel-Vorcaro-590x410.webp",590,410,true]},"author_info":{"display_name":"noticiasbahia360.com.br","author_link":"https:\/\/noticiasbahia360.com.br\/?author=1"},"category_info":"<a href=\"https:\/\/noticiasbahia360.com.br\/?cat=8\" rel=\"category\">Bahia<\/a> <a href=\"https:\/\/noticiasbahia360.com.br\/?cat=9\" rel=\"category\">Brasil<\/a> <a href=\"https:\/\/noticiasbahia360.com.br\/?cat=6\" rel=\"category\">Feira de Santana<\/a> <a href=\"https:\/\/noticiasbahia360.com.br\/?cat=57\" rel=\"category\">Mundo<\/a> <a href=\"https:\/\/noticiasbahia360.com.br\/?cat=56\" rel=\"category\">Pol\u00edcia<\/a> <a href=\"https:\/\/noticiasbahia360.com.br\/?cat=10\" rel=\"category\">Pol\u00edtica<\/a>","tag_info":"Pol\u00edtica","comment_count":"0","_links":{"self":[{"href":"https:\/\/noticiasbahia360.com.br\/index.php?rest_route=\/wp\/v2\/posts\/148366","targetHints":{"allow":["GET"]}}],"collection":[{"href":"https:\/\/noticiasbahia360.com.br\/index.php?rest_route=\/wp\/v2\/posts"}],"about":[{"href":"https:\/\/noticiasbahia360.com.br\/index.php?rest_route=\/wp\/v2\/types\/post"}],"author":[{"embeddable":true,"href":"https:\/\/noticiasbahia360.com.br\/index.php?rest_route=\/wp\/v2\/users\/1"}],"replies":[{"embeddable":true,"href":"https:\/\/noticiasbahia360.com.br\/index.php?rest_route=%2Fwp%2Fv2%2Fcomments&post=148366"}],"version-history":[{"count":0,"href":"https:\/\/noticiasbahia360.com.br\/index.php?rest_route=\/wp\/v2\/posts\/148366\/revisions"}],"wp:featuredmedia":[{"embeddable":true,"href":"https:\/\/noticiasbahia360.com.br\/index.php?rest_route=\/wp\/v2\/media\/148367"}],"wp:attachment":[{"href":"https:\/\/noticiasbahia360.com.br\/index.php?rest_route=%2Fwp%2Fv2%2Fmedia&parent=148366"}],"wp:term":[{"taxonomy":"category","embeddable":true,"href":"https:\/\/noticiasbahia360.com.br\/index.php?rest_route=%2Fwp%2Fv2%2Fcategories&post=148366"},{"taxonomy":"post_tag","embeddable":true,"href":"https:\/\/noticiasbahia360.com.br\/index.php?rest_route=%2Fwp%2Fv2%2Ftags&post=148366"}],"curies":[{"name":"wp","href":"https:\/\/api.w.org\/{rel}","templated":true}]}}