{"id":148368,"date":"2026-09-01T19:03:13","date_gmt":"2026-09-01T22:03:13","guid":{"rendered":"https:\/\/noticiasbahia360.com.br\/?p=148368"},"modified":"2026-09-01T19:03:13","modified_gmt":"2026-09-01T22:03:13","slug":"policia-apreende-dois-adolescentes-por-estupro-de-menina-de-12-anos-outros-10-sao-investigados","status":"publish","type":"post","link":"https:\/\/noticiasbahia360.com.br\/?p=148368","title":{"rendered":"Pol\u00edcia apreende dois adolescentes por estupro de menina de 12 anos; outros 10 s\u00e3o investigados"},"content":{"rendered":"<div>\n<div>\n<figure><img decoding=\"async\" src=\"http:\/\/noticiasbahia360.com.br\/wp-content\/uploads\/2026\/09\/Policia-Civil-da-Bahia.jpg\" alt=\"Pol\u00edcia Civil da Bahia\"><figcaption>Foto: Divulga\u00e7\u00e3o\/ Pol\u00edcia Civil<\/figcaption><\/figure>\n<\/div>\n<p class=\"wp-block-paragraph\">Dois adolescentes, ambos de 13 anos, foram apreendidos pela Pol\u00edcia Civil na zona rural do munic\u00edpio baiano de Queimadas. A a\u00e7\u00e3o ocorreu nesta ter\u00e7a-feira (1\u00ba). Eles s\u00e3o investigados por ato infracional an\u00e1logo ao crime de estupro de vulner\u00e1vel contra uma menina de 12 anos.<\/p>\n<p class=\"wp-block-paragraph\">Segundo a Pol\u00edcia Civil, o caso ocorreu em 19 de agosto. As investiga\u00e7\u00f5es apontaram que os dois adolescentes teriam participado diretamente do ato infracional.<\/p>\n<p class=\"wp-block-paragraph\">Conforme as investiga\u00e7\u00f5es, a v\u00edtima teria sido atra\u00edda at\u00e9 o local sob o pretexto de um encontro amoroso com um dos investigados. Ao chegar, por\u00e9m, teria sido cercada pelos dois adolescentes e por um grupo de pelo menos outras dez pessoas, todas com menos de 13 anos na \u00e9poca do ocorrido.<\/p>\n<p class=\"wp-block-paragraph\">Os dois adolescentes foram apreendidos por equipes da Delegacia Territorial de Queimadas, vinculada \u00e0 19\u00aa Coordenadoria Regional de Pol\u00edcia do Interior (Coorpin\/Senhor do Bonfim), e encaminhados \u00e0 unidade socioeducativa indicada pela Justi\u00e7a.<\/p>\n<p class=\"wp-block-paragraph\">Em rela\u00e7\u00e3o aos demais envolvidos, a Pol\u00edcia Civil informou que foram adotadas as provid\u00eancias cab\u00edveis de acordo com a idade e a situa\u00e7\u00e3o individual de cada um.<\/p>\n<p class=\"wp-block-paragraph\"><em>Siga o Acorda Cidade no\u00a0<\/em><a href=\"https:\/\/news.google.com\/search?q=acorda%20cidade&amp;hl=pt-BR&amp;gl=BR&amp;ceid=BR%3Apt-419\"><strong><em>Google Not\u00edcias<\/em><\/strong><\/a><em>\u00a0e receba os principais destaques do dia. Participe tamb\u00e9m dos nossos canais no\u00a0<\/em><a href=\"https:\/\/www.whatsapp.com\/channel\/0029Va6Rb4v3WHTNnsh8WI3N\"><strong><em>WhatsApp<\/em><\/strong><\/a><em>\u00a0e\u00a0<\/em><a href=\"https:\/\/www.youtube.com\/@acordacidadenoticias\/videos\"><strong>YouTube<\/strong><\/a><em>\u00a0e do grupo no\u00a0<\/em><a href=\"https:\/\/t.me\/+sSz0khrgARA0ZmRh\"><strong><em>Telegram<\/em><\/strong><\/a><em>.<\/em><a href=\"https:\/\/www.acordacidade.com.br\/colunas\/dilton-e-feito\/\"><\/a><a href=\"https:\/\/www.acordacidade.com.br\/colunas\/dilton-e-feito\/\"><\/a><\/p>\n<\/div>\n","protected":false},"excerpt":{"rendered":"<p>Foto: Divulga\u00e7\u00e3o\/ Pol\u00edcia Civil Dois adolescentes, ambos de 13 anos, foram apreendidos pela Pol\u00edcia Civil<\/p>\n","protected":false},"author":1,"featured_media":148369,"comment_status":"closed","ping_status":"closed","sticky":false,"template":"","format":"gallery","meta":{"footnotes":""},"categories":[8,9,6,57,56,10],"tags":[],"class_list":["post-148368","post","type-post","status-publish","format-gallery","has-post-thumbnail","hentry","category-bahia","category-brasil","category-feira-de-santana","category-mundo","category-policia","category-politica","post_format-post-format-gallery"],"featured_image_urls":{"full":["https:\/\/noticiasbahia360.com.br\/wp-content\/uploads\/2026\/09\/Policia-Civil-da-Bahia.jpg",1200,801,false],"thumbnail":["https:\/\/noticiasbahia360.com.br\/wp-content\/uploads\/2026\/09\/Policia-Civil-da-Bahia-150x150.jpg",150,150,true],"medium":["https:\/\/noticiasbahia360.com.br\/wp-content\/uploads\/2026\/09\/Policia-Civil-da-Bahia-300x200.jpg",300,200,true],"medium_large":["https:\/\/noticiasbahia360.com.br\/wp-content\/uploads\/2026\/09\/Policia-Civil-da-Bahia-768x513.jpg",640,428,true],"large":["https:\/\/noticiasbahia360.com.br\/wp-content\/uploads\/2026\/09\/Policia-Civil-da-Bahia-1024x684.jpg",640,428,true],"1536x1536":["https:\/\/noticiasbahia360.com.br\/wp-content\/uploads\/2026\/09\/Policia-Civil-da-Bahia.jpg",1200,801,false],"2048x2048":["https:\/\/noticiasbahia360.com.br\/wp-content\/uploads\/2026\/09\/Policia-Civil-da-Bahia.jpg",1200,801,false],"chromenews-featured":["https:\/\/noticiasbahia360.com.br\/wp-content\/uploads\/2026\/09\/Policia-Civil-da-Bahia-1024x684.jpg",1024,684,true],"chromenews-large":["https:\/\/noticiasbahia360.com.br\/wp-content\/uploads\/2026\/09\/Policia-Civil-da-Bahia-825x575.jpg",825,575,true],"chromenews-medium":["https:\/\/noticiasbahia360.com.br\/wp-content\/uploads\/2026\/09\/Policia-Civil-da-Bahia-590x410.jpg",590,410,true]},"author_info":{"display_name":"noticiasbahia360.com.br","author_link":"https:\/\/noticiasbahia360.com.br\/?author=1"},"category_info":"<a href=\"https:\/\/noticiasbahia360.com.br\/?cat=8\" rel=\"category\">Bahia<\/a> <a href=\"https:\/\/noticiasbahia360.com.br\/?cat=9\" rel=\"category\">Brasil<\/a> <a href=\"https:\/\/noticiasbahia360.com.br\/?cat=6\" rel=\"category\">Feira de Santana<\/a> <a href=\"https:\/\/noticiasbahia360.com.br\/?cat=57\" rel=\"category\">Mundo<\/a> <a href=\"https:\/\/noticiasbahia360.com.br\/?cat=56\" rel=\"category\">Pol\u00edcia<\/a> <a href=\"https:\/\/noticiasbahia360.com.br\/?cat=10\" rel=\"category\">Pol\u00edtica<\/a>","tag_info":"Pol\u00edtica","comment_count":"0","_links":{"self":[{"href":"https:\/\/noticiasbahia360.com.br\/index.php?rest_route=\/wp\/v2\/posts\/148368","targetHints":{"allow":["GET"]}}],"collection":[{"href":"https:\/\/noticiasbahia360.com.br\/index.php?rest_route=\/wp\/v2\/posts"}],"about":[{"href":"https:\/\/noticiasbahia360.com.br\/index.php?rest_route=\/wp\/v2\/types\/post"}],"author":[{"embeddable":true,"href":"https:\/\/noticiasbahia360.com.br\/index.php?rest_route=\/wp\/v2\/users\/1"}],"replies":[{"embeddable":true,"href":"https:\/\/noticiasbahia360.com.br\/index.php?rest_route=%2Fwp%2Fv2%2Fcomments&post=148368"}],"version-history":[{"count":0,"href":"https:\/\/noticiasbahia360.com.br\/index.php?rest_route=\/wp\/v2\/posts\/148368\/revisions"}],"wp:featuredmedia":[{"embeddable":true,"href":"https:\/\/noticiasbahia360.com.br\/index.php?rest_route=\/wp\/v2\/media\/148369"}],"wp:attachment":[{"href":"https:\/\/noticiasbahia360.com.br\/index.php?rest_route=%2Fwp%2Fv2%2Fmedia&parent=148368"}],"wp:term":[{"taxonomy":"category","embeddable":true,"href":"https:\/\/noticiasbahia360.com.br\/index.php?rest_route=%2Fwp%2Fv2%2Fcategories&post=148368"},{"taxonomy":"post_tag","embeddable":true,"href":"https:\/\/noticiasbahia360.com.br\/index.php?rest_route=%2Fwp%2Fv2%2Ftags&post=148368"}],"curies":[{"name":"wp","href":"https:\/\/api.w.org\/{rel}","templated":true}]}}