{"id":148370,"date":"2026-09-01T19:03:14","date_gmt":"2026-09-01T22:03:14","guid":{"rendered":"https:\/\/noticiasbahia360.com.br\/?p=148370"},"modified":"2026-09-01T19:03:14","modified_gmt":"2026-09-01T22:03:14","slug":"quiabo-tomate-e-batata-lideram-alta-de-precos-das-verduras-do-centro-de-abastecimento","status":"publish","type":"post","link":"https:\/\/noticiasbahia360.com.br\/?p=148370","title":{"rendered":"Quiabo, tomate e batata lideram alta de pre\u00e7os das verduras do Centro de Abastecimento"},"content":{"rendered":"<div>\n<div>\n<figure><img decoding=\"async\" src=\"http:\/\/noticiasbahia360.com.br\/wp-content\/uploads\/2026\/09\/Quiabo-lidera-alta-de-precos-nas-verduras-do-Centro-de-Abastecimento-de-Feira-de-Santana-Foto-Ney-Silva-Acorda-Cidade-2.jpeg\" alt=\"Quiabo lidera alta de pre\u00e7os nas verduras do Centro de Abastecimento de Feira de Santana\"><figcaption>Foto: Ney Silva \/ Acorda Cidade <\/figcaption><\/figure>\n<\/div>\n<p class=\"wp-block-paragraph\">Os pre\u00e7os de algumas verduras registraram uma leve alta no Centro de Abastecimento de Feira de Santana. O reajuste foi constatado nesta ter\u00e7a-feira (1\u00ba), durante a tradicional visita da reportagem do Acorda Cidade.<\/p>\n<p class=\"wp-block-paragraph\">Segundo o verdureiro Samuel, um dos grandes vil\u00f5es do momento \u00e9 o quiabo. Cem unidades do fruto, que \u00e9 indispens\u00e1vel no card\u00e1pio baiano, passaram de R$ 15 para R$ 20. O vendedor tamb\u00e9m disse que o aumento atingiu outros produtos.<\/p>\n<figure class=\"wp-block-image size-full\"><img fetchpriority=\"high\" decoding=\"async\" width=\"1200\" height=\"900\" src=\"http:\/\/noticiasbahia360.com.br\/wp-content\/uploads\/2026\/09\/Quiabo-lidera-alta-de-precos-nas-verduras-do-Centro-de-Abastecimento-de-Feira-de-Santana-Foto-Ney-Silva-Acorda-Cidade-3.jpeg\" alt=\"Quiabo lidera alta de pre\u00e7os nas verduras do Centro de Abastecimento de Feira de Santana\" class=\"wp-image-686743\" srcset=\"http:\/\/noticiasbahia360.com.br\/wp-content\/uploads\/2026\/09\/Quiabo-lidera-alta-de-precos-nas-verduras-do-Centro-de-Abastecimento-de-Feira-de-Santana-Foto-Ney-Silva-Acorda-Cidade-3.jpeg 1200w, https:\/\/uploads.acordacidade.com.br\/2026\/09\/Quiabo-lidera-alta-de-precos-nas-verduras-do-Centro-de-Abastecimento-de-Feira-de-Santana-Foto-Ney-Silva-Acorda-Cidade-3-750x563.jpeg 750w, https:\/\/uploads.acordacidade.com.br\/2026\/09\/Quiabo-lidera-alta-de-precos-nas-verduras-do-Centro-de-Abastecimento-de-Feira-de-Santana-Foto-Ney-Silva-Acorda-Cidade-3-1000x750.jpeg 1000w, https:\/\/uploads.acordacidade.com.br\/2026\/09\/Quiabo-lidera-alta-de-precos-nas-verduras-do-Centro-de-Abastecimento-de-Feira-de-Santana-Foto-Ney-Silva-Acorda-Cidade-3-450x338.jpeg 450w, https:\/\/uploads.acordacidade.com.br\/2026\/09\/Quiabo-lidera-alta-de-precos-nas-verduras-do-Centro-de-Abastecimento-de-Feira-de-Santana-Foto-Ney-Silva-Acorda-Cidade-3-150x113.jpeg 150w\" sizes=\"(max-width: 1200px) 100vw, 1200px\"><figcaption class=\"wp-element-caption\">Samuel, verdureiro do Centro de Abastecimento de Feira de Santana | Foto: Ney Silva \/ Acorda Cidade <\/figcaption><\/figure>\n<p class=\"wp-block-paragraph\">\u201cTudo aumentou, tudo est\u00e1 caro. A caixa de tomate, que estava de R$ 20 e R$ 30, atualmente \u00e9 vendida por R$ 180. J\u00e1 a saca de batata, com 50 quilos, passou de R$ 80, R$ 100 para R$ 250\u201d, disse.<\/p>\n<figure class=\"wp-block-table is-style-stripes\">\n<table class=\"has-pale-cyan-blue-background-color has-background has-fixed-layout\">\n<thead>\n<tr>\n<th>Produto<\/th>\n<th>Pre\u00e7o anterior<\/th>\n<th>Pre\u00e7o atual<\/th>\n<th>Varia\u00e7\u00e3o<\/th>\n<\/tr>\n<\/thead>\n<tbody>\n<tr>\n<td><strong>Quiabo<\/strong><\/td>\n<td>R$ 15,00<\/td>\n<td>R$ 20,00<\/td>\n<td>\u2b06\ufe0f<strong>+33,3%<\/strong><\/td>\n<\/tr>\n<tr>\n<td><strong>Tomate (caixa)<\/strong><\/td>\n<td>R$ 20 a R$ 30<\/td>\n<td>R$ 180,00<\/td>\n<td>\u2b06\ufe0f<strong>+500% a +800%<\/strong><\/td>\n<\/tr>\n<tr>\n<td><strong>Batata (saca de 50 kg)<\/strong><\/td>\n<td>R$ 80 a R$ 100<\/td>\n<td>R$ 250,00<\/td>\n<td>\u2b06\ufe0f<strong>+150% a +212,5%<\/strong><\/td>\n<\/tr>\n<\/tbody>\n<\/table>\n<\/figure>\n<p class=\"wp-block-paragraph\">Apesar das altas, o comerciante informou que o pre\u00e7o do piment\u00e3o permanece variando entre R$ 30 e R$ 50. O maxixe foi outro exemplo dado por Samuel para mostrar que h\u00e1 alguns produtos que permanecem com o pre\u00e7o equilibrado.<\/p>\n<figure class=\"wp-block-image size-full\"><img decoding=\"async\" width=\"1200\" height=\"560\" src=\"http:\/\/noticiasbahia360.com.br\/wp-content\/uploads\/2026\/09\/trabalhador-carregador-centro-de-abastecimento-de-Feira-de-santana-foto-paulo-jose-acorda-cidade-10.jpeg\" alt=\"trabalhador carregador centro de abastecimento de Feira de Santana\" class=\"wp-image-676767\" srcset=\"http:\/\/noticiasbahia360.com.br\/wp-content\/uploads\/2026\/09\/trabalhador-carregador-centro-de-abastecimento-de-Feira-de-santana-foto-paulo-jose-acorda-cidade-10.jpeg 1200w, https:\/\/uploads.acordacidade.com.br\/2026\/07\/trabalhador-carregador-centro-de-abastecimento-de-Feira-de-santana-foto-paulo-jose-acorda-cidade-10-750x350.jpeg 750w, https:\/\/uploads.acordacidade.com.br\/2026\/07\/trabalhador-carregador-centro-de-abastecimento-de-Feira-de-santana-foto-paulo-jose-acorda-cidade-10-1000x467.jpeg 1000w, https:\/\/uploads.acordacidade.com.br\/2026\/07\/trabalhador-carregador-centro-de-abastecimento-de-Feira-de-santana-foto-paulo-jose-acorda-cidade-10-450x210.jpeg 450w, https:\/\/uploads.acordacidade.com.br\/2026\/07\/trabalhador-carregador-centro-de-abastecimento-de-Feira-de-santana-foto-paulo-jose-acorda-cidade-10-150x70.jpeg 150w\" sizes=\"(max-width: 1200px) 100vw, 1200px\"><figcaption class=\"wp-element-caption\">Foto: Paulo Jos\u00e9 \/ Acorda Cidade<\/figcaption><\/figure>\n<p class=\"wp-block-paragraph\">O aumento nos pre\u00e7os tem sido percebido pelos consumidores mais atentos. O comerciante Samuel, que trabalha h\u00e1 35 anos no Centro de Abastecimento, est\u00e1 driblando os coment\u00e1rios de alguns clientes que reclamam do pre\u00e7o.<\/p>\n<p class=\"wp-block-paragraph\"><em>Com informa\u00e7\u00f5es do rep\u00f3rter Ney Silva, do Acorda Cidade.<\/em><\/p>\n<p class=\"wp-block-paragraph\"><em>Siga o Acorda Cidade no\u00a0<\/em><a href=\"https:\/\/news.google.com\/search?q=acorda%20cidade&amp;hl=pt-BR&amp;gl=BR&amp;ceid=BR%3Apt-419\"><strong><em>Google Not\u00edcias<\/em><\/strong><\/a><em>\u00a0e receba os principais destaques do dia. Participe tamb\u00e9m dos nossos canais no\u00a0<\/em><a href=\"https:\/\/www.whatsapp.com\/channel\/0029Va6Rb4v3WHTNnsh8WI3N\"><strong><em>WhatsApp<\/em><\/strong><\/a><em>\u00a0e\u00a0<\/em><a href=\"https:\/\/www.youtube.com\/@acordacidadenoticias\/videos\"><strong>YouTube<\/strong><\/a><em>\u00a0e do grupo no\u00a0<\/em><a href=\"https:\/\/t.me\/+sSz0khrgARA0ZmRh\"><strong><em>Telegram<\/em><\/strong><\/a><em>.<\/em><a href=\"https:\/\/www.acordacidade.com.br\/colunas\/dilton-e-feito\/\"><\/a><\/p>\n<\/div>\n","protected":false},"excerpt":{"rendered":"<p>Foto: Ney Silva \/ Acorda Cidade Os pre\u00e7os de algumas verduras registraram uma leve alta<\/p>\n","protected":false},"author":1,"featured_media":148371,"comment_status":"closed","ping_status":"closed","sticky":false,"template":"","format":"gallery","meta":{"footnotes":""},"categories":[8,9,6,57,56,10],"tags":[],"class_list":["post-148370","post","type-post","status-publish","format-gallery","has-post-thumbnail","hentry","category-bahia","category-brasil","category-feira-de-santana","category-mundo","category-policia","category-politica","post_format-post-format-gallery"],"featured_image_urls":{"full":["https:\/\/noticiasbahia360.com.br\/wp-content\/uploads\/2026\/09\/Quiabo-lidera-alta-de-precos-nas-verduras-do-Centro-de-Abastecimento-de-Feira-de-Santana-Foto-Ney-Silva-Acorda-Cidade-2.jpeg",1200,900,false],"thumbnail":["https:\/\/noticiasbahia360.com.br\/wp-content\/uploads\/2026\/09\/Quiabo-lidera-alta-de-precos-nas-verduras-do-Centro-de-Abastecimento-de-Feira-de-Santana-Foto-Ney-Silva-Acorda-Cidade-2-150x150.jpeg",150,150,true],"medium":["https:\/\/noticiasbahia360.com.br\/wp-content\/uploads\/2026\/09\/Quiabo-lidera-alta-de-precos-nas-verduras-do-Centro-de-Abastecimento-de-Feira-de-Santana-Foto-Ney-Silva-Acorda-Cidade-2-300x225.jpeg",300,225,true],"medium_large":["https:\/\/noticiasbahia360.com.br\/wp-content\/uploads\/2026\/09\/Quiabo-lidera-alta-de-precos-nas-verduras-do-Centro-de-Abastecimento-de-Feira-de-Santana-Foto-Ney-Silva-Acorda-Cidade-2-768x576.jpeg",640,480,true],"large":["https:\/\/noticiasbahia360.com.br\/wp-content\/uploads\/2026\/09\/Quiabo-lidera-alta-de-precos-nas-verduras-do-Centro-de-Abastecimento-de-Feira-de-Santana-Foto-Ney-Silva-Acorda-Cidade-2-1024x768.jpeg",640,480,true],"1536x1536":["https:\/\/noticiasbahia360.com.br\/wp-content\/uploads\/2026\/09\/Quiabo-lidera-alta-de-precos-nas-verduras-do-Centro-de-Abastecimento-de-Feira-de-Santana-Foto-Ney-Silva-Acorda-Cidade-2.jpeg",1200,900,false],"2048x2048":["https:\/\/noticiasbahia360.com.br\/wp-content\/uploads\/2026\/09\/Quiabo-lidera-alta-de-precos-nas-verduras-do-Centro-de-Abastecimento-de-Feira-de-Santana-Foto-Ney-Silva-Acorda-Cidade-2.jpeg",1200,900,false],"chromenews-featured":["https:\/\/noticiasbahia360.com.br\/wp-content\/uploads\/2026\/09\/Quiabo-lidera-alta-de-precos-nas-verduras-do-Centro-de-Abastecimento-de-Feira-de-Santana-Foto-Ney-Silva-Acorda-Cidade-2-1024x768.jpeg",1024,768,true],"chromenews-large":["https:\/\/noticiasbahia360.com.br\/wp-content\/uploads\/2026\/09\/Quiabo-lidera-alta-de-precos-nas-verduras-do-Centro-de-Abastecimento-de-Feira-de-Santana-Foto-Ney-Silva-Acorda-Cidade-2-825x575.jpeg",825,575,true],"chromenews-medium":["https:\/\/noticiasbahia360.com.br\/wp-content\/uploads\/2026\/09\/Quiabo-lidera-alta-de-precos-nas-verduras-do-Centro-de-Abastecimento-de-Feira-de-Santana-Foto-Ney-Silva-Acorda-Cidade-2-590x410.jpeg",590,410,true]},"author_info":{"display_name":"noticiasbahia360.com.br","author_link":"https:\/\/noticiasbahia360.com.br\/?author=1"},"category_info":"<a href=\"https:\/\/noticiasbahia360.com.br\/?cat=8\" rel=\"category\">Bahia<\/a> <a href=\"https:\/\/noticiasbahia360.com.br\/?cat=9\" rel=\"category\">Brasil<\/a> <a href=\"https:\/\/noticiasbahia360.com.br\/?cat=6\" rel=\"category\">Feira de Santana<\/a> <a href=\"https:\/\/noticiasbahia360.com.br\/?cat=57\" rel=\"category\">Mundo<\/a> <a href=\"https:\/\/noticiasbahia360.com.br\/?cat=56\" rel=\"category\">Pol\u00edcia<\/a> <a href=\"https:\/\/noticiasbahia360.com.br\/?cat=10\" rel=\"category\">Pol\u00edtica<\/a>","tag_info":"Pol\u00edtica","comment_count":"0","_links":{"self":[{"href":"https:\/\/noticiasbahia360.com.br\/index.php?rest_route=\/wp\/v2\/posts\/148370","targetHints":{"allow":["GET"]}}],"collection":[{"href":"https:\/\/noticiasbahia360.com.br\/index.php?rest_route=\/wp\/v2\/posts"}],"about":[{"href":"https:\/\/noticiasbahia360.com.br\/index.php?rest_route=\/wp\/v2\/types\/post"}],"author":[{"embeddable":true,"href":"https:\/\/noticiasbahia360.com.br\/index.php?rest_route=\/wp\/v2\/users\/1"}],"replies":[{"embeddable":true,"href":"https:\/\/noticiasbahia360.com.br\/index.php?rest_route=%2Fwp%2Fv2%2Fcomments&post=148370"}],"version-history":[{"count":0,"href":"https:\/\/noticiasbahia360.com.br\/index.php?rest_route=\/wp\/v2\/posts\/148370\/revisions"}],"wp:featuredmedia":[{"embeddable":true,"href":"https:\/\/noticiasbahia360.com.br\/index.php?rest_route=\/wp\/v2\/media\/148371"}],"wp:attachment":[{"href":"https:\/\/noticiasbahia360.com.br\/index.php?rest_route=%2Fwp%2Fv2%2Fmedia&parent=148370"}],"wp:term":[{"taxonomy":"category","embeddable":true,"href":"https:\/\/noticiasbahia360.com.br\/index.php?rest_route=%2Fwp%2Fv2%2Fcategories&post=148370"},{"taxonomy":"post_tag","embeddable":true,"href":"https:\/\/noticiasbahia360.com.br\/index.php?rest_route=%2Fwp%2Fv2%2Ftags&post=148370"}],"curies":[{"name":"wp","href":"https:\/\/api.w.org\/{rel}","templated":true}]}}