{"id":148374,"date":"2026-09-01T19:03:16","date_gmt":"2026-09-01T22:03:16","guid":{"rendered":"https:\/\/noticiasbahia360.com.br\/?p=148374"},"modified":"2026-09-01T19:03:16","modified_gmt":"2026-09-01T22:03:16","slug":"ministerio-publico-se-prepara-para-atuar-na-micareta-de-feira-2026","status":"publish","type":"post","link":"https:\/\/noticiasbahia360.com.br\/?p=148374","title":{"rendered":"Minist\u00e9rio P\u00fablico se prepara para atuar na Micareta de Feira 2026"},"content":{"rendered":"<div>\n<div>\n<figure><img decoding=\"async\" src=\"http:\/\/noticiasbahia360.com.br\/wp-content\/uploads\/2026\/09\/7bqji0Dr-Micareta-de-Feira-2025-Leo-Santana-Beatriz-Rosado-acorda-cidade9.webp\" alt=\"Micareta de Feira 2025\"><figcaption>Foto: Beatriz Rosado\/Acorda Cidade<\/figcaption><\/figure>\n<\/div>\n<p class=\"wp-block-paragraph\">O plant\u00e3o integrado do Minist\u00e9rio P\u00fablico do Estado da Bahia (MPBA) se prepara para atuar em mais uma edi\u00e7\u00e3o da Micareta de Feira de Santana. O evento ocorre entre os dias 19 e 22 de novembro deste ano, na Avenida Presidente Dutra (Circuito Maneca Ferreira).<\/p>\n<p class=\"wp-block-paragraph\">Como parte do planejamento, <a href=\"https:\/\/www.acordacidade.com.br\/policia\/cpr-l-se-reune-com-orgaos-para-alinhar-estrategias-de-seguranca-durante-a-micareta-de-feira-2026\/#goog_rewarded\" data-type=\"link\" data-id=\"https:\/\/www.acordacidade.com.br\/policia\/cpr-l-se-reune-com-orgaos-para-alinhar-estrategias-de-seguranca-durante-a-micareta-de-feira-2026\/#goog_rewarded\">no \u00faltimo dia 26 de agosto, o \u00f3rg\u00e3o participou de uma reuni\u00e3o, promovida pelo Comando de Policiamento Regional Leste (CPR-L)<\/a>, em parceria com representantes de \u00f3rg\u00e3os e institui\u00e7\u00f5es que integram a organiza\u00e7\u00e3o da festa, onde foram apresentadas sugest\u00f5es e melhorias ao trabalho integrado.<\/p>\n<h2 id=\"h-rompimento-das-barreiras-de-acesso\" class=\"wp-block-heading\">Rompimento das barreiras de acesso<\/h2>\n<p class=\"wp-block-paragraph\">Em entrevista ao Acorda Cidade, o promotor do MPBA Audo Rodrigues explicou que h\u00e1 toda uma atua\u00e7\u00e3o pr\u00e9via do trabalho das promotorias de Justi\u00e7a durante o per\u00edodo do evento, e uma das sugest\u00f5es apresentadas pelo \u00f3rg\u00e3o durante a reuni\u00e3o foi a manuten\u00e7\u00e3o das estruturas dos postos integrados de seguran\u00e7a p\u00fablica, a fim de coibir o rompimento das barreiras de acesso por foli\u00f5es.<\/p>\n<figure class=\"wp-block-image size-full\"><img fetchpriority=\"high\" fetchpriority=\"high\" decoding=\"async\" width=\"1200\" height=\"900\" src=\"http:\/\/noticiasbahia360.com.br\/wp-content\/uploads\/2026\/09\/Promotor-Aldo-Rodrigues.jpg\" alt=\"Promotor Aldo Rodrigues\" class=\"wp-image-686378\" srcset=\"http:\/\/noticiasbahia360.com.br\/wp-content\/uploads\/2026\/09\/Promotor-Aldo-Rodrigues.jpg 1200w, https:\/\/uploads.acordacidade.com.br\/2026\/08\/Promotor-Aldo-Rodrigues-750x563.jpg 750w, https:\/\/uploads.acordacidade.com.br\/2026\/08\/Promotor-Aldo-Rodrigues-1000x750.jpg 1000w, https:\/\/uploads.acordacidade.com.br\/2026\/08\/Promotor-Aldo-Rodrigues-450x338.jpg 450w, https:\/\/uploads.acordacidade.com.br\/2026\/08\/Promotor-Aldo-Rodrigues-150x113.jpg 150w\" sizes=\"(max-width: 1200px) 100vw, 1200px\"><figcaption class=\"wp-element-caption\">Foto: Kaio Souza\/Acorda Cidade<\/figcaption><\/figure>\n<p class=\"wp-block-paragraph\">\u201cN\u00f3s tivemos, ano passado, algumas situa\u00e7\u00f5es de rompimento de barreiras em ruas que estavam fechadas. Com isso, precisou de um deslocamento muito r\u00e1pido por parte do munic\u00edpio com prepostos da guarda municipal para fazer a verifica\u00e7\u00e3o daqueles locais onde estariam rompendo barreiras, em algumas ruas de acesso, por pessoas que n\u00e3o estariam passando pelos portais de seguran\u00e7a\u201d, informou.<\/p>\n<p class=\"wp-block-paragraph\">Segundo o promotor do MP, o rompimento das barreiras de acesso facilitou n\u00e3o s\u00f3 a passagem de foli\u00f5es sem a devida fiscaliza\u00e7\u00e3o, como a entrada de materiais il\u00edcitos.<\/p>\n<p class=\"wp-block-paragraph\">\u201cN\u00f3s tivemos algumas ruas interditadas, fechadas com tapumes, sejam eles fixos de ferro ou com estruturas de concreto, e em alguns locais eles foram rompidos. Isso facilitou, por exemplo, a passagem de objetos que n\u00e3o seriam permitidos durante a festa, como espetinhos, e garrafas de vidro, que n\u00e3o podem ser comercializados durante a festa, e isso motivou uma fiscaliza\u00e7\u00e3o e a necessidade de, durante a festa, a gente sentar com o munic\u00edpio, com as for\u00e7as de seguran\u00e7a, a Pol\u00edcia Militar, para que aquilo ali n\u00e3o fosse permitido e tivesse uma fiscaliza\u00e7\u00e3o maior.\u201d<\/p>\n<h2 id=\"h-ampliacao-do-monitoramento-eletronico\" class=\"wp-block-heading\">Amplia\u00e7\u00e3o do monitoramento eletr\u00f4nico<\/h2>\n<p class=\"wp-block-paragraph\">Outro assunto abordado durante a reuni\u00e3o de planejamento da Micareta foi a quest\u00e3o do monitoramento eletr\u00f4nico no entorno e no circuito da festa. Segundo Audo Rodrigues, este ano, as for\u00e7as de seguran\u00e7a pretendem integrar tamb\u00e9m ao sistema as c\u00e2meras de vigil\u00e2ncia das lojas.<\/p>\n<p class=\"wp-block-paragraph\">\u201cNo ano passado foram instaladas mais de\u00a0400 c\u00e2meras no circuito\u00a0da festa, e a gente tamb\u00e9m est\u00e1\u00a0iniciando as tratativas com o\u00a0setor comercial, para chamar alguns\u00a0empres\u00e1rios, em pontos\u00a0estrat\u00e9gicos, para instala\u00e7\u00e3o de\u00a0c\u00e2meras de videomonitoramento,\u00a0n\u00e3o s\u00f3 no circuito, mas tamb\u00e9m\u00a0antes e ap\u00f3s o circuito para conter eventuais\u00a0indiv\u00edduos com mandados de pris\u00e3o,\u00a0ve\u00edculos que estejam com\u00a0restri\u00e7\u00f5es. Ent\u00e3o a\u00a0gente precisa, cada vez mais,\u00a0implementar o monitoramento\u00a0eletr\u00f4nico, que ele \u00e9 muito bem-feito, muito bem aceito e de um\u00a0resultado pr\u00e1tico fant\u00e1stico com\u00a0diversas pris\u00f5es por\u00a0reconhecimento facial.\u201d<\/p>\n<p class=\"wp-block-paragraph\">Como exemplo de a\u00e7\u00e3o efetiva, por meio do reconhecimento facial, o promotor citou a pris\u00e3o de um cordeiro, que adentrou o circuito do evento sem passar pelo portal de abordagem, por\u00e9m tinha mandado em aberto.<\/p>\n<p class=\"wp-block-paragraph\">Conforme o promotor do MP, a Micareta de Feira tem apresentado bons resultados no tocante \u00e0 seguran\u00e7a e sa\u00fade p\u00fablicas.<\/p>\n<p class=\"wp-block-paragraph\">\u201cTodo ano pode acontecer que tenhamos algum incidente pequeno, e todos os incidentes que acontecem numa festa dessa, eles foram contornados. Ent\u00e3o, o que mais foi discutido na reuni\u00e3o foi a quest\u00e3o da seguran\u00e7a p\u00fablica, com todo o planejamento da Pol\u00edcia Militar j\u00e1 montado para a festa. Agora vamos aguardar os detalhes, porque o munic\u00edpio precisa divulgar a grade de atra\u00e7\u00f5es, toda a programa\u00e7\u00e3o. O planejamento da Pol\u00edcia Militar, inevitavelmente, precisa de um planejamento do pr\u00f3prio munic\u00edpio no tocante \u00e0 grade de atra\u00e7\u00f5es, isso porque algumas atra\u00e7\u00f5es necessitam de um refor\u00e7o policial, de um refor\u00e7o de seguran\u00e7a p\u00fablica. Outras n\u00e3o.\u201d<\/p>\n<figure class=\"wp-block-image size-large\"><img decoding=\"async\" width=\"1024\" height=\"768\" src=\"http:\/\/noticiasbahia360.com.br\/wp-content\/uploads\/2026\/09\/z7ryZ3Wb-policia-civil-na-micareta-de-feira-1024x768-1.webp\" alt=\"Micareta de Feira\" class=\"wp-image-549353\" srcset=\"http:\/\/noticiasbahia360.com.br\/wp-content\/uploads\/2026\/09\/z7ryZ3Wb-policia-civil-na-micareta-de-feira-1024x768-1.webp 1024w, https:\/\/www.acordacidade.com.br\/wp-content\/uploads\/2025\/05\/z7ryZ3Wb-policia-civil-na-micareta-de-feira-300x225.webp 300w, https:\/\/www.acordacidade.com.br\/wp-content\/uploads\/2025\/05\/z7ryZ3Wb-policia-civil-na-micareta-de-feira-768x576.webp 768w, https:\/\/www.acordacidade.com.br\/wp-content\/uploads\/2025\/05\/z7ryZ3Wb-policia-civil-na-micareta-de-feira-150x113.webp 150w, https:\/\/www.acordacidade.com.br\/wp-content\/uploads\/2025\/05\/z7ryZ3Wb-policia-civil-na-micareta-de-feira.webp 1200w\" sizes=\"(max-width: 1024px) 100vw, 1024px\"><figcaption class=\"wp-element-caption\">Foto: Ascom\/Pol\u00edcia Civil<\/figcaption><\/figure>\n<h2 id=\"h-trabalho-preventivo-nos-dias-anteriores-a-festa\" class=\"wp-block-heading\">Trabalho preventivo nos dias anteriores \u00e0 festa<\/h2>\n<p class=\"wp-block-paragraph\">O promotor Audo Rodrigues pontuou que os \u00f3rg\u00e3os de seguran\u00e7a p\u00fablica mant\u00e9m uma grande preocupa\u00e7\u00e3o tamb\u00e9m com o trabalho preventivo no per\u00edodo que antecede \u00e0 Micareta.<\/p>\n<p class=\"wp-block-paragraph\">\u201cFeira de Santana, gra\u00e7as a Deus, saiu do ranking das dez cidades mais violentas do Brasil, no Anu\u00e1rio Brasileiro. Isso \u00e9 fruto de um trabalho policial investigativo e repressivo muito bem feito pelas pol\u00edcias, mas inevitavelmente n\u00f3s temos ainda algumas preocupa\u00e7\u00f5es, seja na parte policial, mas tamb\u00e9m na parte de tr\u00e2nsito, de viol\u00eancia de tr\u00e2nsito, que impactam diretamente numa festa dessa. Uma festa que tem bebida, que tem aglomera\u00e7\u00e3o, muita gente e quer seja nos dias de festa, seja nos dias anteriores de festa, vai haver, como houve nos anos anteriores, uma intensa fiscaliza\u00e7\u00e3o de tr\u00e2nsito, para que a gente deixe, por exemplo, um legado que j\u00e1 vem sendo feito desde 2023, quando nos dias de festa n\u00f3s n\u00e3o tivemos nenhum acidente automobil\u00edstico.\u201d<\/p>\n<h2 id=\"h-leia-mais\" class=\"wp-block-heading\">Leia mais:<\/h2>\n<p class=\"wp-block-paragraph\"><a href=\"https:\/\/www.acordacidade.com.br\/policia\/cpr-l-se-reune-com-orgaos-para-alinhar-estrategias-de-seguranca-durante-a-micareta-de-feira-2026\/#goog_rewarded\" data-type=\"link\" data-id=\"https:\/\/www.acordacidade.com.br\/policia\/cpr-l-se-reune-com-orgaos-para-alinhar-estrategias-de-seguranca-durante-a-micareta-de-feira-2026\/#goog_rewarded\">CPR-L se re\u00fane com \u00f3rg\u00e3os para alinhar estrat\u00e9gias de seguran\u00e7a durante a Micareta de Feira 2026<br \/><\/a><\/p>\n<p class=\"wp-block-paragraph\"><em>Siga o Acorda Cidade no\u00a0<\/em><a href=\"https:\/\/news.google.com\/search?q=acorda%20cidade&amp;hl=pt-BR&amp;gl=BR&amp;ceid=BR%3Apt-419\"><strong><em>Google Not\u00edcias<\/em><\/strong><\/a><em>\u00a0e receba os principais destaques do dia. Participe tamb\u00e9m dos nossos canais no\u00a0<\/em><a href=\"https:\/\/www.whatsapp.com\/channel\/0029Va6Rb4v3WHTNnsh8WI3N\"><strong><em>WhatsApp<\/em><\/strong><\/a><em>\u00a0e\u00a0<\/em><a href=\"https:\/\/www.youtube.com\/@acordacidadenoticias\/videos\"><strong>YouTube<\/strong><\/a><em>\u00a0e do grupo no\u00a0<\/em><a href=\"https:\/\/t.me\/+sSz0khrgARA0ZmRh\"><strong><em>Telegram<\/em><\/strong><\/a><em>.<\/em><\/p>\n<\/div>\n","protected":false},"excerpt":{"rendered":"<p>Foto: Beatriz Rosado\/Acorda Cidade O plant\u00e3o integrado do Minist\u00e9rio P\u00fablico do Estado da Bahia (MPBA)<\/p>\n","protected":false},"author":1,"featured_media":148375,"comment_status":"closed","ping_status":"closed","sticky":false,"template":"","format":"gallery","meta":{"footnotes":""},"categories":[8,9,6,57,56,10],"tags":[],"class_list":["post-148374","post","type-post","status-publish","format-gallery","has-post-thumbnail","hentry","category-bahia","category-brasil","category-feira-de-santana","category-mundo","category-policia","category-politica","post_format-post-format-gallery"],"featured_image_urls":{"full":["https:\/\/noticiasbahia360.com.br\/wp-content\/uploads\/2026\/09\/7bqji0Dr-Micareta-de-Feira-2025-Leo-Santana-Beatriz-Rosado-acorda-cidade9.webp",1200,800,false],"thumbnail":["https:\/\/noticiasbahia360.com.br\/wp-content\/uploads\/2026\/09\/7bqji0Dr-Micareta-de-Feira-2025-Leo-Santana-Beatriz-Rosado-acorda-cidade9-150x150.webp",150,150,true],"medium":["https:\/\/noticiasbahia360.com.br\/wp-content\/uploads\/2026\/09\/7bqji0Dr-Micareta-de-Feira-2025-Leo-Santana-Beatriz-Rosado-acorda-cidade9-300x200.webp",300,200,true],"medium_large":["https:\/\/noticiasbahia360.com.br\/wp-content\/uploads\/2026\/09\/7bqji0Dr-Micareta-de-Feira-2025-Leo-Santana-Beatriz-Rosado-acorda-cidade9-768x512.webp",640,427,true],"large":["https:\/\/noticiasbahia360.com.br\/wp-content\/uploads\/2026\/09\/7bqji0Dr-Micareta-de-Feira-2025-Leo-Santana-Beatriz-Rosado-acorda-cidade9-1024x683.webp",640,427,true],"1536x1536":["https:\/\/noticiasbahia360.com.br\/wp-content\/uploads\/2026\/09\/7bqji0Dr-Micareta-de-Feira-2025-Leo-Santana-Beatriz-Rosado-acorda-cidade9.webp",1200,800,false],"2048x2048":["https:\/\/noticiasbahia360.com.br\/wp-content\/uploads\/2026\/09\/7bqji0Dr-Micareta-de-Feira-2025-Leo-Santana-Beatriz-Rosado-acorda-cidade9.webp",1200,800,false],"chromenews-featured":["https:\/\/noticiasbahia360.com.br\/wp-content\/uploads\/2026\/09\/7bqji0Dr-Micareta-de-Feira-2025-Leo-Santana-Beatriz-Rosado-acorda-cidade9-1024x683.webp",1024,683,true],"chromenews-large":["https:\/\/noticiasbahia360.com.br\/wp-content\/uploads\/2026\/09\/7bqji0Dr-Micareta-de-Feira-2025-Leo-Santana-Beatriz-Rosado-acorda-cidade9-825x575.webp",825,575,true],"chromenews-medium":["https:\/\/noticiasbahia360.com.br\/wp-content\/uploads\/2026\/09\/7bqji0Dr-Micareta-de-Feira-2025-Leo-Santana-Beatriz-Rosado-acorda-cidade9-590x410.webp",590,410,true]},"author_info":{"display_name":"noticiasbahia360.com.br","author_link":"https:\/\/noticiasbahia360.com.br\/?author=1"},"category_info":"<a href=\"https:\/\/noticiasbahia360.com.br\/?cat=8\" rel=\"category\">Bahia<\/a> <a href=\"https:\/\/noticiasbahia360.com.br\/?cat=9\" rel=\"category\">Brasil<\/a> <a href=\"https:\/\/noticiasbahia360.com.br\/?cat=6\" rel=\"category\">Feira de Santana<\/a> <a href=\"https:\/\/noticiasbahia360.com.br\/?cat=57\" rel=\"category\">Mundo<\/a> <a href=\"https:\/\/noticiasbahia360.com.br\/?cat=56\" rel=\"category\">Pol\u00edcia<\/a> <a href=\"https:\/\/noticiasbahia360.com.br\/?cat=10\" rel=\"category\">Pol\u00edtica<\/a>","tag_info":"Pol\u00edtica","comment_count":"0","_links":{"self":[{"href":"https:\/\/noticiasbahia360.com.br\/index.php?rest_route=\/wp\/v2\/posts\/148374","targetHints":{"allow":["GET"]}}],"collection":[{"href":"https:\/\/noticiasbahia360.com.br\/index.php?rest_route=\/wp\/v2\/posts"}],"about":[{"href":"https:\/\/noticiasbahia360.com.br\/index.php?rest_route=\/wp\/v2\/types\/post"}],"author":[{"embeddable":true,"href":"https:\/\/noticiasbahia360.com.br\/index.php?rest_route=\/wp\/v2\/users\/1"}],"replies":[{"embeddable":true,"href":"https:\/\/noticiasbahia360.com.br\/index.php?rest_route=%2Fwp%2Fv2%2Fcomments&post=148374"}],"version-history":[{"count":0,"href":"https:\/\/noticiasbahia360.com.br\/index.php?rest_route=\/wp\/v2\/posts\/148374\/revisions"}],"wp:featuredmedia":[{"embeddable":true,"href":"https:\/\/noticiasbahia360.com.br\/index.php?rest_route=\/wp\/v2\/media\/148375"}],"wp:attachment":[{"href":"https:\/\/noticiasbahia360.com.br\/index.php?rest_route=%2Fwp%2Fv2%2Fmedia&parent=148374"}],"wp:term":[{"taxonomy":"category","embeddable":true,"href":"https:\/\/noticiasbahia360.com.br\/index.php?rest_route=%2Fwp%2Fv2%2Fcategories&post=148374"},{"taxonomy":"post_tag","embeddable":true,"href":"https:\/\/noticiasbahia360.com.br\/index.php?rest_route=%2Fwp%2Fv2%2Ftags&post=148374"}],"curies":[{"name":"wp","href":"https:\/\/api.w.org\/{rel}","templated":true}]}}