{"id":148378,"date":"2026-09-01T20:02:43","date_gmt":"2026-09-01T23:02:43","guid":{"rendered":"https:\/\/noticiasbahia360.com.br\/?p=148378"},"modified":"2026-09-01T20:02:43","modified_gmt":"2026-09-01T23:02:43","slug":"comissao-adia-novamente-votacao-da-taxa-das-blusinhas-para-ajustes-no-texto","status":"publish","type":"post","link":"https:\/\/noticiasbahia360.com.br\/?p=148378","title":{"rendered":"Comiss\u00e3o adia novamente vota\u00e7\u00e3o da \u201ctaxa das blusinhas\u201d para ajustes no texto"},"content":{"rendered":"<div>\n<div>\n<figure><img decoding=\"async\" src=\"http:\/\/noticiasbahia360.com.br\/wp-content\/uploads\/2026\/09\/Senado-Foto-Ton-Molina-Agencia-Senado.jpg\" alt=\"Senado\"><figcaption>Foto: Ton Molina\/ Ag\u00eancia Senado<\/figcaption><\/figure>\n<\/div>\n<p class=\"wp-block-paragraph\">Ag\u00eancia Brasil \u2014 <strong>Em busca de acordo sobre ajustes finais no texto, a\u00a0comiss\u00e3o mista que analisa a Medida Provis\u00f3ria (MP) 1357\/2026, que acaba com a chamada taxa das blusinhas, adiou para quarta-feira (2), \u00e0s 10h, a an\u00e1lise do relat\u00f3rio da senadora Leila do V\u00f4lei (PDT-DF).<\/strong><img decoding=\"async\" src=\"https:\/\/agenciabrasil.ebc.com.br\/ebc.png?id=1701286&amp;o=node\"><img decoding=\"async\" src=\"https:\/\/agenciabrasil.ebc.com.br\/ebc.gif?id=1701286&amp;o=node\"><\/p>\n<p class=\"wp-block-paragraph\"><strong>A MP suspende a cobran\u00e7a do imposto federal de importa\u00e7\u00e3o de 20% sobre compras internacionais de at\u00e9 US$ 50 (cerca de R$ 257).<\/strong>\u00a0O texto perder\u00e1 a validade no dia 8 de setembro, caso n\u00e3o seja votado e aprovado pelo Congresso Nacional, que realiza nesta semana o \u00faltimo esfor\u00e7o concentrado de vota\u00e7\u00f5es legislativas antes das elei\u00e7\u00f5es de outubro. Se for aprovado na comiss\u00e3o mista, a MP ainda precisar\u00e1 passar pelos plen\u00e1rios tanto da C\u00e2mara dos Deputados quanto do Senado.\u00a0<\/p>\n<p class=\"wp-block-paragraph\">A medida ainda em vigor mudou regras do Regime de Tributa\u00e7\u00e3o Simplificada e autorizou o ministro da Fazenda a modificar as al\u00edquotas do Imposto de Importa\u00e7\u00e3o,\u00a0podendo reduzi-las a zero na faixa de at\u00e9 US$ 50 e a 30% na faixa de at\u00e9 US$ 3 mil.\u00a0As regras valem para compras feitas em plataformas certificadas pelo Remessa Conforme, programa da Receita Federal em que as taxas s\u00e3o cobradas no ato da compra.<\/p>\n<p class=\"wp-block-paragraph\">A al\u00edquota zero do imposto federal n\u00e3o elimina os demais tributos. O Imposto sobre Circula\u00e7\u00e3o de Mercadorias e Servi\u00e7os (ICMS), que \u00e9 estadual, continua sendo cobrado. Segundo a Receita Federal, nas compras de at\u00e9 US$ 50 feitas em plataformas certificadas pelo Remessa Conforme, o Imposto de Importa\u00e7\u00e3o \u00e9 de 0%, enquanto o ICMS varia atualmente entre 17% e 20%, dependendo do estado.<\/p>\n<p class=\"wp-block-paragraph\"><strong>Leia tamb\u00e9m: <\/strong><a href=\"https:\/\/www.acordacidade.com.br\/dilton-e-feito\/comissao-adia-votacao-da-mp-que-zera-taxa-das-blusinhas\/\">Comiss\u00e3o adia vota\u00e7\u00e3o da MP que zera \u201ctaxa das blusinhas\u201d<\/a><\/p>\n<p class=\"wp-block-paragraph\"><em>Siga o Acorda Cidade no\u00a0<\/em><a href=\"https:\/\/news.google.com\/search?q=acorda%20cidade&amp;hl=pt-BR&amp;gl=BR&amp;ceid=BR%3Apt-419\"><strong><em>Google Not\u00edcias<\/em><\/strong><\/a><em>\u00a0e receba os principais destaques do dia. Participe tamb\u00e9m dos nossos canais no\u00a0<\/em><a href=\"https:\/\/www.whatsapp.com\/channel\/0029Va6Rb4v3WHTNnsh8WI3N\"><strong><em>WhatsApp<\/em><\/strong><\/a><em>\u00a0e\u00a0<\/em><a href=\"https:\/\/www.youtube.com\/@acordacidadenoticias\/videos\"><strong>YouTube<\/strong><\/a><em>\u00a0e do grupo no\u00a0<\/em><a href=\"https:\/\/t.me\/+sSz0khrgARA0ZmRh\"><strong><em>Telegram<\/em><\/strong><\/a><em>.<\/em><a href=\"https:\/\/www.acordacidade.com.br\/colunas\/dilton-e-feito\/\"><\/a><\/p>\n<\/div>\n","protected":false},"excerpt":{"rendered":"<p>Foto: Ton Molina\/ Ag\u00eancia Senado Ag\u00eancia Brasil \u2014 Em busca de acordo sobre ajustes finais<\/p>\n","protected":false},"author":1,"featured_media":148379,"comment_status":"closed","ping_status":"closed","sticky":false,"template":"","format":"gallery","meta":{"footnotes":""},"categories":[8,9,6,57,56,10],"tags":[],"class_list":["post-148378","post","type-post","status-publish","format-gallery","has-post-thumbnail","hentry","category-bahia","category-brasil","category-feira-de-santana","category-mundo","category-policia","category-politica","post_format-post-format-gallery"],"featured_image_urls":{"full":["https:\/\/noticiasbahia360.com.br\/wp-content\/uploads\/2026\/09\/Senado-Foto-Ton-Molina-Agencia-Senado.jpg",1200,718,false],"thumbnail":["https:\/\/noticiasbahia360.com.br\/wp-content\/uploads\/2026\/09\/Senado-Foto-Ton-Molina-Agencia-Senado-150x150.jpg",150,150,true],"medium":["https:\/\/noticiasbahia360.com.br\/wp-content\/uploads\/2026\/09\/Senado-Foto-Ton-Molina-Agencia-Senado-300x180.jpg",300,180,true],"medium_large":["https:\/\/noticiasbahia360.com.br\/wp-content\/uploads\/2026\/09\/Senado-Foto-Ton-Molina-Agencia-Senado-768x460.jpg",640,383,true],"large":["https:\/\/noticiasbahia360.com.br\/wp-content\/uploads\/2026\/09\/Senado-Foto-Ton-Molina-Agencia-Senado-1024x613.jpg",640,383,true],"1536x1536":["https:\/\/noticiasbahia360.com.br\/wp-content\/uploads\/2026\/09\/Senado-Foto-Ton-Molina-Agencia-Senado.jpg",1200,718,false],"2048x2048":["https:\/\/noticiasbahia360.com.br\/wp-content\/uploads\/2026\/09\/Senado-Foto-Ton-Molina-Agencia-Senado.jpg",1200,718,false],"chromenews-featured":["https:\/\/noticiasbahia360.com.br\/wp-content\/uploads\/2026\/09\/Senado-Foto-Ton-Molina-Agencia-Senado-1024x613.jpg",1024,613,true],"chromenews-large":["https:\/\/noticiasbahia360.com.br\/wp-content\/uploads\/2026\/09\/Senado-Foto-Ton-Molina-Agencia-Senado-825x575.jpg",825,575,true],"chromenews-medium":["https:\/\/noticiasbahia360.com.br\/wp-content\/uploads\/2026\/09\/Senado-Foto-Ton-Molina-Agencia-Senado-590x410.jpg",590,410,true]},"author_info":{"display_name":"noticiasbahia360.com.br","author_link":"https:\/\/noticiasbahia360.com.br\/?author=1"},"category_info":"<a href=\"https:\/\/noticiasbahia360.com.br\/?cat=8\" rel=\"category\">Bahia<\/a> <a href=\"https:\/\/noticiasbahia360.com.br\/?cat=9\" rel=\"category\">Brasil<\/a> <a href=\"https:\/\/noticiasbahia360.com.br\/?cat=6\" rel=\"category\">Feira de Santana<\/a> <a href=\"https:\/\/noticiasbahia360.com.br\/?cat=57\" rel=\"category\">Mundo<\/a> <a href=\"https:\/\/noticiasbahia360.com.br\/?cat=56\" rel=\"category\">Pol\u00edcia<\/a> <a href=\"https:\/\/noticiasbahia360.com.br\/?cat=10\" rel=\"category\">Pol\u00edtica<\/a>","tag_info":"Pol\u00edtica","comment_count":"0","_links":{"self":[{"href":"https:\/\/noticiasbahia360.com.br\/index.php?rest_route=\/wp\/v2\/posts\/148378","targetHints":{"allow":["GET"]}}],"collection":[{"href":"https:\/\/noticiasbahia360.com.br\/index.php?rest_route=\/wp\/v2\/posts"}],"about":[{"href":"https:\/\/noticiasbahia360.com.br\/index.php?rest_route=\/wp\/v2\/types\/post"}],"author":[{"embeddable":true,"href":"https:\/\/noticiasbahia360.com.br\/index.php?rest_route=\/wp\/v2\/users\/1"}],"replies":[{"embeddable":true,"href":"https:\/\/noticiasbahia360.com.br\/index.php?rest_route=%2Fwp%2Fv2%2Fcomments&post=148378"}],"version-history":[{"count":0,"href":"https:\/\/noticiasbahia360.com.br\/index.php?rest_route=\/wp\/v2\/posts\/148378\/revisions"}],"wp:featuredmedia":[{"embeddable":true,"href":"https:\/\/noticiasbahia360.com.br\/index.php?rest_route=\/wp\/v2\/media\/148379"}],"wp:attachment":[{"href":"https:\/\/noticiasbahia360.com.br\/index.php?rest_route=%2Fwp%2Fv2%2Fmedia&parent=148378"}],"wp:term":[{"taxonomy":"category","embeddable":true,"href":"https:\/\/noticiasbahia360.com.br\/index.php?rest_route=%2Fwp%2Fv2%2Fcategories&post=148378"},{"taxonomy":"post_tag","embeddable":true,"href":"https:\/\/noticiasbahia360.com.br\/index.php?rest_route=%2Fwp%2Fv2%2Ftags&post=148378"}],"curies":[{"name":"wp","href":"https:\/\/api.w.org\/{rel}","templated":true}]}}