{"id":148380,"date":"2026-09-01T21:02:15","date_gmt":"2026-09-02T00:02:15","guid":{"rendered":"https:\/\/noticiasbahia360.com.br\/?p=148380"},"modified":"2026-09-01T21:02:15","modified_gmt":"2026-09-02T00:02:15","slug":"encontros-reunem-representantes-de-24-municipios-para-definir-prioridades-para-a-chapada-diamantina","status":"publish","type":"post","link":"https:\/\/noticiasbahia360.com.br\/?p=148380","title":{"rendered":"Encontros re\u00fanem representantes de 24 munic\u00edpios para definir prioridades para a Chapada Diamantina"},"content":{"rendered":"<div>\n<div>\n<figure><img decoding=\"async\" src=\"http:\/\/noticiasbahia360.com.br\/wp-content\/uploads\/2026\/09\/Oficinas-de-escuta-em-Morro-do-Chapeu-e-Mucuge-Foto-Maddu-Sales-2.jpg\" alt=\"Oficinas de escuta em Morro do Chap\u00e9u e Mucug\u00ea\"><figcaption>Foto: Maddu Sales<\/figcaption><\/figure>\n<\/div>\n<p class=\"wp-block-paragraph\">Ap\u00f3s quatro dias de encontros com lideran\u00e7as, empres\u00e1rios e representantes das cadeias produtivas da Chapada Diamantina, o programa Avan\u00e7a Chapada encerra seu segundo ciclo de escuta com um resultado concreto: a defini\u00e7\u00e3o das solu\u00e7\u00f5es consideradas priorit\u00e1rias por quem vive e produz no territ\u00f3rio. <\/p>\n<p class=\"wp-block-paragraph\">As propostas ir\u00e3o compor a agenda produtiva do programa para a regi\u00e3o, que ser\u00e1 apresentada e pactuada pelas institui\u00e7\u00f5es parceiras em janeiro de 2027, em Len\u00e7\u00f3is.\u00a0<\/p>\n<p class=\"wp-block-paragraph\">Os encontros realizados na \u00faltima semana (24 a 27 de agosto) em Mucug\u00ea, Piat\u00e3, Seabra e Morro do Chap\u00e9u reuniram 87 participantes dos 24 munic\u00edpios da Chapada Diamantina, que votaram individualmente nas a\u00e7\u00f5es consideradas priorit\u00e1rias tanto para o crescimento sustent\u00e1vel da regi\u00e3o quanto para o desenvolvimento dos neg\u00f3cios que empreendem no territ\u00f3rio.\u00a0<\/p>\n<p class=\"wp-block-paragraph\">Na ocasi\u00e3o, o Avan\u00e7a Chapada, realizado do Sistema Fieb (Federa\u00e7\u00e3o das Ind\u00fastrias do Estado da Bahia), por meio do Instituto Euvaldo Lodi (IEL), com financiamento da Ag\u00eancia Brasileira de Desenvolvimento Industrial (ABDI), lan\u00e7ou a segunda linha de atua\u00e7\u00e3o do programa, a Biochapada, que tem como objetivo de avaliar o potencial bioenerg\u00e9tico da regi\u00e3o, numa atua\u00e7\u00e3o em parceria com o Senai Cimatec.\u00a0<\/p>\n<p class=\"wp-block-paragraph\">Com a presen\u00e7a dos membros da equipe t\u00e9cnica do Senai Cimatec, Michelle Calhau e Cl\u00e1udio Santos, foi apresentada a etapa inicial dedicada ao Diagn\u00f3stico Estruturante da Cadeia Regional de Biog\u00e1s e Biometano na Chapada Diamantina. <\/p>\n<p class=\"wp-block-paragraph\">\u201cEstamos identificando e mapeando os res\u00edduos gerados pelas diversas atividades que acontecem no territ\u00f3rio e o potencial de transformar esses res\u00edduos em insumos, como biog\u00e1s e biometano, para gerar energia e renda para a Chapada Diamantina\u201d, explicou Michelle.\u00a0\u00a0<\/p>\n<p class=\"wp-block-paragraph\">Nos pr\u00f3ximos meses, o desafio dessa nova frente do Avan\u00e7a Chapada \u00e9 ouvir atores locais dos setores produtivo e poder p\u00fablico sobre a produ\u00e7\u00e3o agropecu\u00e1ria e a gera\u00e7\u00e3o de res\u00edduos s\u00f3lidos urbanos, al\u00e9m da realiza\u00e7\u00e3o de visitas t\u00e9cnicas e levantamentos de campo. O trabalho tamb\u00e9m vai mapear demandas da regi\u00e3o relacionados \u00e0 produ\u00e7\u00e3o agropecu\u00e1ria, aos res\u00edduos s\u00f3lidos e ao esgotamento sanit\u00e1rio, identificando o potencial da biomassa dispon\u00edvel para a produ\u00e7\u00e3o de biog\u00e1s e biometano.<\/p>\n<h2 id=\"h-universidade-estradas-e-selos-de-certificacao\" class=\"wp-block-heading\"><strong>Universidade, estradas e selos de certifica\u00e7\u00e3o<\/strong> <\/h2>\n<p class=\"wp-block-paragraph\">Em clima de reencontro entre os participantes ligados \u00e0 Chapada Diamantina por hist\u00f3rias, neg\u00f3cios e projetos de vida, a vota\u00e7\u00e3o das prioridades durante o segundo ciclo de escuta do Avan\u00e7a Chapada aconteceu com base nos desafios e propostas levantados na primeira rodada de encontros do programa, realizada no \u00faltimo m\u00eas de junho.\u00a0<\/p>\n<p class=\"wp-block-paragraph\">Entre as solu\u00e7\u00f5es que apareceram com maior for\u00e7a est\u00e3o a\u00e7\u00f5es voltadas \u00e0 formaliza\u00e7\u00e3o e certifica\u00e7\u00e3o de produtos, com selos de origem e indica\u00e7\u00e3o geogr\u00e1fica, \u00e0 amplia\u00e7\u00e3o do acesso ao cr\u00e9dito, acompanhada de assessoria t\u00e9cnica, ao fortalecimento da qualifica\u00e7\u00e3o profissional ligada \u00e0s demandas das cadeias produtivas e \u00e0 melhoria da infraestrutura de transporte e log\u00edstica, energia el\u00e9trica, abastecimento de \u00e1gua e esgotamento sanit\u00e1rio\u00a0<\/p>\n<p class=\"wp-block-paragraph\">As prioridades atravessam diferentes dimens\u00f5es do desenvolvimento regional e revelam demandas que v\u00e3o desde a cria\u00e7\u00e3o de melhores condi\u00e7\u00f5es para produzir e comercializar at\u00e9 a prepara\u00e7\u00e3o de trabalhadores e empreendedores para ampliar a competitividade dos neg\u00f3cios da Chapada Diamantina, o que inclui o sonho comum entre muitos de uma universidade para a regi\u00e3o com cursos que dialoguem com a voca\u00e7\u00e3o do territ\u00f3rio.\u00a0<\/p>\n<p class=\"wp-block-paragraph\">\u201cSe for criada uma universidade aqui ou ampliada a oferta de forma\u00e7\u00e3o local, o jovem pode nem precisar sair do territ\u00f3rio para estudar. \u00c9 importante trabalhar com essa perspectiva porque, al\u00e9m de manter o jovem daqui, uma estrutura de forma\u00e7\u00e3o tamb\u00e9m pode atrair jovens de outras localidades, que v\u00eam estudar e acabam se inserindo no mercado de trabalho local. \u00c9 muito importante ter essa vis\u00e3o de levar forma\u00e7\u00e3o para os lugares que se pretende desenvolver. Se queremos desenvolver a Chapada, precisamos criar estrutura em todas essas \u00e1reas\u201d, afirma Ana Lu\u00edsa Santos Pimentel, propriet\u00e1ria do restaurante e pizzaria Beco da Bateia em Mucug\u00ea.<\/p>\n<p class=\"wp-block-paragraph\">A empreendedora de um dos principais pontos de encontro da noite de Mucug\u00ea tamb\u00e9m chama aten\u00e7\u00e3o para os impactos que as defici\u00eancias de infraestrutura e log\u00edstica provocam sobre diferentes atividades econ\u00f4micas da Chapada. <\/p>\n<figure class=\"wp-block-image size-full\"><img fetchpriority=\"high\" decoding=\"async\" width=\"1200\" height=\"900\" src=\"http:\/\/noticiasbahia360.com.br\/wp-content\/uploads\/2026\/09\/Oficinas-de-escuta-em-Morro-do-Chapeu-e-Mucuge-Foto-Maddu-Sales.jpg\" alt=\"Oficinas de escuta em Morro do Chap\u00e9u e Mucug\u00ea\" class=\"wp-image-686987\" srcset=\"http:\/\/noticiasbahia360.com.br\/wp-content\/uploads\/2026\/09\/Oficinas-de-escuta-em-Morro-do-Chapeu-e-Mucuge-Foto-Maddu-Sales.jpg 1200w, https:\/\/uploads.acordacidade.com.br\/2026\/09\/Oficinas-de-escuta-em-Morro-do-Chapeu-e-Mucuge-Foto-Maddu-Sales-750x563.jpg 750w, https:\/\/uploads.acordacidade.com.br\/2026\/09\/Oficinas-de-escuta-em-Morro-do-Chapeu-e-Mucuge-Foto-Maddu-Sales-1000x750.jpg 1000w, https:\/\/uploads.acordacidade.com.br\/2026\/09\/Oficinas-de-escuta-em-Morro-do-Chapeu-e-Mucuge-Foto-Maddu-Sales-450x338.jpg 450w, https:\/\/uploads.acordacidade.com.br\/2026\/09\/Oficinas-de-escuta-em-Morro-do-Chapeu-e-Mucuge-Foto-Maddu-Sales-150x113.jpg 150w\" sizes=\"(max-width: 1200px) 100vw, 1200px\"><figcaption class=\"wp-element-caption\">Foto: Maddu Sales<\/figcaption><\/figure>\n<p class=\"wp-block-paragraph\">\u201cA Chapada cresceu muito e foram feitos muitos investimentos, inclusive privados, mas a infraestrutura p\u00fablica n\u00e3o acompanhou esse crescimento. O territ\u00f3rio ainda \u00e9 tratado como se morassem poucas pessoas aqui, como se existissem poucos investimentos e poucas empresas, quando essa n\u00e3o \u00e9 mais a realidade. As empresas precisam escoar aquilo que produzem e tamb\u00e9m receber insumos para produzir. Tudo isso \u00e9 impactado. \u00c9 como se a gente morasse em uma ilha, embora existam estradas ligando o territ\u00f3rio\u201d, afirma.\u00a0\u00a0<\/p>\n<h2 id=\"h-potencial-de-exportacao\" class=\"wp-block-heading\"><strong>Potencial de exporta\u00e7\u00e3o<\/strong> <\/h2>\n<p class=\"wp-block-paragraph\">Produtor de caf\u00e9 e representante da Coopric (Cooperativa de Produtores Rurais de Ibicoara e Chapada Diamantina), Mauro Pereira de Figueiredo chama aten\u00e7\u00e3o para a import\u00e2ncia de aproximar ci\u00eancia e tecnologia dos processos produtivos da regi\u00e3o. Na cafeicultura, ele defende a implanta\u00e7\u00e3o de um laborat\u00f3rio especializado que possa ampliar a qualidade das an\u00e1lises e fortalecer a certifica\u00e7\u00e3o dos caf\u00e9s da Chapada, inclusive com vistas ao mercado externo.<\/p>\n<p class=\"wp-block-paragraph\">\u201cNo caso espec\u00edfico da cafeicultura na Chapada Diamantina, que hoje j\u00e1 conta com certifica\u00e7\u00e3o de origem geogr\u00e1fica, seria importante termos um laborat\u00f3rio especializado capaz n\u00e3o apenas de realizar os testes sensoriais, mas tamb\u00e9m de promover an\u00e1lises qu\u00edmicas. \u00c0 medida que consegu\u00edssemos quantificar esses compostos qu\u00edmicos e relacionar esses resultados \u00e0s an\u00e1lises sensoriais, poder\u00edamos subir um degrau no processo de certifica\u00e7\u00e3o. Isso traria mais legitimidade e qualifica\u00e7\u00e3o ao caf\u00e9 que n\u00f3s ir\u00edamos exportar\u201d, afirma.<\/p>\n<p class=\"wp-block-paragraph\">As dificuldades de infraestrutura tamb\u00e9m aparecem entre os entraves mais recorrentes para quem produz e empreende na Chapada Diamantina. Problemas de log\u00edstica, transporte, fornecimento de energia e conectividade acabam elevando custos, dificultando a circula\u00e7\u00e3o de pessoas e mercadorias e limitando a expans\u00e3o dos neg\u00f3cios.\u00a0<\/p>\n<p class=\"wp-block-paragraph\">\u201cA gente percebe que a infraestrutura deixa muito a desejar e \u00e9 uma barreira para o desenvolvimento, principalmente dos pequenos empreendedores. A gente tem uma dificuldade tremenda com os Correios aqui e o transporte a\u00e9reo, por exemplo, s\u00f3 est\u00e1 dispon\u00edvel em Vit\u00f3ria da Conquista, o que exige longos deslocamentos. Outro ponto estrat\u00e9gico \u00e9 a infraestrutura el\u00e9trica. Ela \u00e9 extremamente importante n\u00e3o s\u00f3 para os pequenos, como tamb\u00e9m para os grandes, em fun\u00e7\u00e3o da capacidade de carga, do fornecimento e da estabilidade. A energia el\u00e9trica cai muito aqui\u201d, afirma Tiago Spinolo Sodr\u00e9, da ACDC (Associa\u00e7\u00e3o Chapada Diamantina de Estudos da Medicina Cann\u00e1bica).\u00a0<\/p>\n<h2 id=\"h-inovacao-e-uniao\" class=\"wp-block-heading\"><strong>Inova\u00e7\u00e3o e uni\u00e3o<\/strong> <\/h2>\n<p class=\"wp-block-paragraph\">Um dos pontos altos do segundo ciclo de encontros do programa Avan\u00e7a Chapada foi a din\u00e2mica de escuta, que estimulou trocas em diferentes dire\u00e7\u00f5es. Ao mesmo tempo em que empres\u00e1rios e produtores elegiam as solu\u00e7\u00f5es priorit\u00e1rias para os desafios enfrentados em suas atividades, tamb\u00e9m recebiam sugest\u00f5es, compartilhavam experi\u00eancias e identificavam novas possibilidades.<\/p>\n<p class=\"wp-block-paragraph\">Foi o que aconteceu com \u00c9rika Fernanda de Brito Silva Macedo, produtora de morangos e representante da Associa\u00e7\u00e3o Comunit\u00e1ria do Cedro, na zona rural de Boninal. Durante as discuss\u00f5es, ela conta que passou a enxergar novas alternativas para agregar valor \u00e0 produ\u00e7\u00e3o local.\u00a0<\/p>\n<p class=\"wp-block-paragraph\">\u201cDurante as discuss\u00f5es, surgiram sugest\u00f5es de outros produtos que podemos produzir tendo o morango como mat\u00e9ria-prima, como geleias e at\u00e9 o morango liofilizado. Foi uma ideia que eu conheci aqui e achei muito interessante. Tamb\u00e9m acredito que a gente precisa pensar em uma marca ligada \u00e0 Chapada, porque o nome da Chapada, por si s\u00f3, \u00e9 muito forte\u201d, real\u00e7a.\u00a0<\/p>\n<p class=\"wp-block-paragraph\">J\u00e1 Jaqueline Macedo, engenheira agr\u00f4noma e coordenadora de produ\u00e7\u00e3o da La Vita Alimentos Agroind\u00fastria, empresa com mais de 20 anos de atua\u00e7\u00e3o e que vem ampliando na regi\u00e3o de Piat\u00e3 o cultivo de hortali\u00e7as destinadas \u00e0 produ\u00e7\u00e3o de saladas prontas para consumo, destacou a import\u00e2ncia de encontros como os promovidos pelo Avan\u00e7a Chapada para aproximar pequenos e grandes produtores em torno de problemas que afetam diferentes elos das cadeias produtivas.\u00a0<\/p>\n<p class=\"wp-block-paragraph\">\u201cMesmo sendo uma empresa grande, a gente tem v\u00e1rios entraves. Um dos principais \u00e9 a quest\u00e3o dos insumos, porque muita coisa precisa ser trazida de fora, e isso ainda esbarra na log\u00edstica. Tamb\u00e9m temos dificuldades com a destina\u00e7\u00e3o de res\u00edduos s\u00f3lidos e com os processos de regulariza\u00e7\u00e3o ambiental. Por isso, achei o programa exemplar. Era algo que realmente estava precisando, at\u00e9 para a gente ter esse contato com outros produtores, produtores menores e tamb\u00e9m empresas maiores, porque, no fim, todos acabam compartilhando as mesmas dificuldades e, juntos, temos muito mais for\u00e7a\u201d.\u00a0<\/p>\n<p class=\"wp-block-paragraph\">A pr\u00f3xima etapa Avan\u00e7a Chapada ser\u00e1 dedicada a direcionar as a\u00e7\u00f5es para as institui\u00e7\u00f5es que comp\u00f5em o Comit\u00ea Gestor do programa.\u00a0 <\/p>\n<p class=\"wp-block-paragraph\">\u201cIremos conversar com os parceiros para direcionar as a\u00e7\u00f5es de acordo com a atua\u00e7\u00e3o de cada um. Em seguida, ser\u00e1 estruturada uma governan\u00e7a para acompanhar a implanta\u00e7\u00e3o dessas a\u00e7\u00f5es ao longo dos anos. A assinatura do Pacto Avan\u00e7a Chapada, prevista para janeiro de 2027, reunir\u00e1 as 15 institui\u00e7\u00f5es que comp\u00f5em o Comit\u00ea Gestor do programa, al\u00e9m de outras institui\u00e7\u00f5es que poder\u00e3o ser mobilizadas conforme as prioridades apontadas pelos atores da regi\u00e3o\u201d, explica a gerente de Neg\u00f3cios do IEL, representando a Fieb, Sandra Pasta.<\/p>\n<p class=\"wp-block-paragraph\"><em>Siga o Acorda Cidade no\u00a0<\/em><a href=\"https:\/\/news.google.com\/search?q=acorda%20cidade&amp;hl=pt-BR&amp;gl=BR&amp;ceid=BR%3Apt-419\"><strong><em>Google Not\u00edcias<\/em><\/strong><\/a><em>\u00a0e receba os principais destaques do dia. Participe tamb\u00e9m dos nossos canais no\u00a0<\/em><a href=\"https:\/\/www.whatsapp.com\/channel\/0029Va6Rb4v3WHTNnsh8WI3N\"><strong><em>WhatsApp<\/em><\/strong><\/a><em>\u00a0e\u00a0<\/em><a href=\"https:\/\/www.youtube.com\/@acordacidadenoticias\/videos\"><strong>YouTube<\/strong><\/a><em>\u00a0e do grupo no\u00a0<\/em><a href=\"https:\/\/t.me\/+sSz0khrgARA0ZmRh\"><strong><em>Telegram<\/em><\/strong><\/a><em>.<\/em><a href=\"https:\/\/www.acordacidade.com.br\/colunas\/dilton-e-feito\/\"><\/a><\/p>\n<\/div>\n","protected":false},"excerpt":{"rendered":"<p>Foto: Maddu Sales Ap\u00f3s quatro dias de encontros com lideran\u00e7as, empres\u00e1rios e representantes das cadeias<\/p>\n","protected":false},"author":1,"featured_media":148381,"comment_status":"closed","ping_status":"closed","sticky":false,"template":"","format":"gallery","meta":{"footnotes":""},"categories":[8,9,6,57,56,10],"tags":[],"class_list":["post-148380","post","type-post","status-publish","format-gallery","has-post-thumbnail","hentry","category-bahia","category-brasil","category-feira-de-santana","category-mundo","category-policia","category-politica","post_format-post-format-gallery"],"featured_image_urls":{"full":["https:\/\/noticiasbahia360.com.br\/wp-content\/uploads\/2026\/09\/Oficinas-de-escuta-em-Morro-do-Chapeu-e-Mucuge-Foto-Maddu-Sales-2.jpg",1200,900,false],"thumbnail":["https:\/\/noticiasbahia360.com.br\/wp-content\/uploads\/2026\/09\/Oficinas-de-escuta-em-Morro-do-Chapeu-e-Mucuge-Foto-Maddu-Sales-2-150x150.jpg",150,150,true],"medium":["https:\/\/noticiasbahia360.com.br\/wp-content\/uploads\/2026\/09\/Oficinas-de-escuta-em-Morro-do-Chapeu-e-Mucuge-Foto-Maddu-Sales-2-300x225.jpg",300,225,true],"medium_large":["https:\/\/noticiasbahia360.com.br\/wp-content\/uploads\/2026\/09\/Oficinas-de-escuta-em-Morro-do-Chapeu-e-Mucuge-Foto-Maddu-Sales-2-768x576.jpg",640,480,true],"large":["https:\/\/noticiasbahia360.com.br\/wp-content\/uploads\/2026\/09\/Oficinas-de-escuta-em-Morro-do-Chapeu-e-Mucuge-Foto-Maddu-Sales-2-1024x768.jpg",640,480,true],"1536x1536":["https:\/\/noticiasbahia360.com.br\/wp-content\/uploads\/2026\/09\/Oficinas-de-escuta-em-Morro-do-Chapeu-e-Mucuge-Foto-Maddu-Sales-2.jpg",1200,900,false],"2048x2048":["https:\/\/noticiasbahia360.com.br\/wp-content\/uploads\/2026\/09\/Oficinas-de-escuta-em-Morro-do-Chapeu-e-Mucuge-Foto-Maddu-Sales-2.jpg",1200,900,false],"chromenews-featured":["https:\/\/noticiasbahia360.com.br\/wp-content\/uploads\/2026\/09\/Oficinas-de-escuta-em-Morro-do-Chapeu-e-Mucuge-Foto-Maddu-Sales-2-1024x768.jpg",1024,768,true],"chromenews-large":["https:\/\/noticiasbahia360.com.br\/wp-content\/uploads\/2026\/09\/Oficinas-de-escuta-em-Morro-do-Chapeu-e-Mucuge-Foto-Maddu-Sales-2-825x575.jpg",825,575,true],"chromenews-medium":["https:\/\/noticiasbahia360.com.br\/wp-content\/uploads\/2026\/09\/Oficinas-de-escuta-em-Morro-do-Chapeu-e-Mucuge-Foto-Maddu-Sales-2-590x410.jpg",590,410,true]},"author_info":{"display_name":"noticiasbahia360.com.br","author_link":"https:\/\/noticiasbahia360.com.br\/?author=1"},"category_info":"<a href=\"https:\/\/noticiasbahia360.com.br\/?cat=8\" rel=\"category\">Bahia<\/a> <a href=\"https:\/\/noticiasbahia360.com.br\/?cat=9\" rel=\"category\">Brasil<\/a> <a href=\"https:\/\/noticiasbahia360.com.br\/?cat=6\" rel=\"category\">Feira de Santana<\/a> <a href=\"https:\/\/noticiasbahia360.com.br\/?cat=57\" rel=\"category\">Mundo<\/a> <a href=\"https:\/\/noticiasbahia360.com.br\/?cat=56\" rel=\"category\">Pol\u00edcia<\/a> <a href=\"https:\/\/noticiasbahia360.com.br\/?cat=10\" rel=\"category\">Pol\u00edtica<\/a>","tag_info":"Pol\u00edtica","comment_count":"0","_links":{"self":[{"href":"https:\/\/noticiasbahia360.com.br\/index.php?rest_route=\/wp\/v2\/posts\/148380","targetHints":{"allow":["GET"]}}],"collection":[{"href":"https:\/\/noticiasbahia360.com.br\/index.php?rest_route=\/wp\/v2\/posts"}],"about":[{"href":"https:\/\/noticiasbahia360.com.br\/index.php?rest_route=\/wp\/v2\/types\/post"}],"author":[{"embeddable":true,"href":"https:\/\/noticiasbahia360.com.br\/index.php?rest_route=\/wp\/v2\/users\/1"}],"replies":[{"embeddable":true,"href":"https:\/\/noticiasbahia360.com.br\/index.php?rest_route=%2Fwp%2Fv2%2Fcomments&post=148380"}],"version-history":[{"count":0,"href":"https:\/\/noticiasbahia360.com.br\/index.php?rest_route=\/wp\/v2\/posts\/148380\/revisions"}],"wp:featuredmedia":[{"embeddable":true,"href":"https:\/\/noticiasbahia360.com.br\/index.php?rest_route=\/wp\/v2\/media\/148381"}],"wp:attachment":[{"href":"https:\/\/noticiasbahia360.com.br\/index.php?rest_route=%2Fwp%2Fv2%2Fmedia&parent=148380"}],"wp:term":[{"taxonomy":"category","embeddable":true,"href":"https:\/\/noticiasbahia360.com.br\/index.php?rest_route=%2Fwp%2Fv2%2Fcategories&post=148380"},{"taxonomy":"post_tag","embeddable":true,"href":"https:\/\/noticiasbahia360.com.br\/index.php?rest_route=%2Fwp%2Fv2%2Ftags&post=148380"}],"curies":[{"name":"wp","href":"https:\/\/api.w.org\/{rel}","templated":true}]}}