{"id":148383,"date":"2026-09-01T21:02:17","date_gmt":"2026-09-02T00:02:17","guid":{"rendered":"https:\/\/noticiasbahia360.com.br\/?p=148383"},"modified":"2026-09-01T21:02:17","modified_gmt":"2026-09-02T00:02:17","slug":"dois-trabalhadores-morrem-apos-caminhao-tombar-e-cair-em-ribanceira-terceiro-ocupante-fica-ferido","status":"publish","type":"post","link":"https:\/\/noticiasbahia360.com.br\/?p=148383","title":{"rendered":"Dois trabalhadores morrem ap\u00f3s caminh\u00e3o tombar e cair em ribanceira; terceiro ocupante fica ferido"},"content":{"rendered":"<div>\n<div>\n<figure><img decoding=\"async\" src=\"http:\/\/noticiasbahia360.com.br\/wp-content\/uploads\/2026\/09\/Dois-trabalhadores-morrem-apos-caminhao-tombar-e-cair-em-ribanceira-Foto-Reproducao-Radar-News.jpg\" alt=\"Dois trabalhadores morrem ap\u00f3s caminh\u00e3o tombar e cair em ribanceira\"><figcaption>Foto: Reprodu\u00e7\u00e3o\/ Radar News<\/figcaption><\/figure>\n<\/div>\n<p class=\"wp-block-paragraph\">Dois trabalhadores da coleta de res\u00edduos morreram ap\u00f3s o caminh\u00e3o em que estavam tombar e cair em uma ribanceira na BA-001, em Porto Seguro, no sul da Bahia. O acidente aconteceu por volta das 23h40 de segunda-feira (31), pr\u00f3ximo \u00e0 ponte sobre o Rio Buranh\u00e9m, no trecho do distrito de Vale Verde.<\/p>\n<p class=\"wp-block-paragraph\">Segundo informa\u00e7\u00f5es do Radar News, parceiro do Acorda Cidade, as v\u00edtimas, identificadas como o motorista Tiago de Jesus Souza, de 36 anos, e o coletor Rog\u00e9rio dos Santos Matos, de 31, foram projetados para fora do ve\u00edculo. <\/p>\n<figure class=\"wp-block-image size-full\"><img fetchpriority=\"high\" decoding=\"async\" width=\"1200\" height=\"800\" src=\"http:\/\/noticiasbahia360.com.br\/wp-content\/uploads\/2026\/09\/Tiago-de-Jesus-Souza-de-36-anos-e-Rogerio-dos-Santos-Matos-de-31-Foto-Reproducao-Radar-News.jpg\" alt=\"Tiago de Jesus Souza, de 36 anos, e Rog\u00e9rio dos Santos Matos, de 31\" class=\"wp-image-686991\" srcset=\"http:\/\/noticiasbahia360.com.br\/wp-content\/uploads\/2026\/09\/Tiago-de-Jesus-Souza-de-36-anos-e-Rogerio-dos-Santos-Matos-de-31-Foto-Reproducao-Radar-News.jpg 1200w, https:\/\/uploads.acordacidade.com.br\/2026\/09\/Tiago-de-Jesus-Souza-de-36-anos-e-Rogerio-dos-Santos-Matos-de-31-Foto-Reproducao-Radar-News-750x500.jpg 750w, https:\/\/uploads.acordacidade.com.br\/2026\/09\/Tiago-de-Jesus-Souza-de-36-anos-e-Rogerio-dos-Santos-Matos-de-31-Foto-Reproducao-Radar-News-1000x667.jpg 1000w, https:\/\/uploads.acordacidade.com.br\/2026\/09\/Tiago-de-Jesus-Souza-de-36-anos-e-Rogerio-dos-Santos-Matos-de-31-Foto-Reproducao-Radar-News-450x300.jpg 450w, https:\/\/uploads.acordacidade.com.br\/2026\/09\/Tiago-de-Jesus-Souza-de-36-anos-e-Rogerio-dos-Santos-Matos-de-31-Foto-Reproducao-Radar-News-150x100.jpg 150w\" sizes=\"(max-width: 1200px) 100vw, 1200px\"><figcaption class=\"wp-element-caption\">Tiago de Jesus Souza, de 36 anos, e Rog\u00e9rio dos Santos Matos, de 31 | Foto: Reprodu\u00e7\u00e3o\/ Radar News<\/figcaption><\/figure>\n<p class=\"wp-block-paragraph\">O Corpo de Bombeiros foi acionado para realizar a retirada dos corpos, que ficaram em uma \u00e1rea de dif\u00edcil acesso. <\/p>\n<p class=\"wp-block-paragraph\">O terceiro ocupante do ve\u00edculo foi encontrado com vida. Ele foi atendido pelo Servi\u00e7o de Atendimento M\u00f3vel de Urg\u00eancia (Samu) e foi levado para o Hospital Deputado Lu\u00eds Eduardo Magalh\u00e3es, em Porto Seguro. O estado de sa\u00fade n\u00e3o foi divulgado.<\/p>\n<p class=\"wp-block-paragraph\">O caminh\u00e3o caiu em uma \u00e1rea onde havia fia\u00e7\u00e3o el\u00e9trica, o que aumentou o risco de choque e dificultou o trabalho das equipes. O local do acidente precisou ser isolado para a ado\u00e7\u00e3o de medidas de seguran\u00e7a e desenergiza\u00e7\u00e3o da rede.<\/p>\n<p class=\"wp-block-paragraph\">As circunst\u00e2ncias do tombamento ainda ser\u00e3o apuradas.<\/p>\n<figure class=\"wp-block-image size-full\"><img decoding=\"async\" width=\"1200\" height=\"725\" src=\"http:\/\/noticiasbahia360.com.br\/wp-content\/uploads\/2026\/09\/Dois-trabalhadores-morrem-apos-caminhao-tombar-e-cair-em-ribanceira-Foto-Reproducao-Radar-News-2.jpg\" alt=\"Dois trabalhadores morrem ap\u00f3s caminh\u00e3o tombar e cair em ribanceira\" class=\"wp-image-686992\" srcset=\"http:\/\/noticiasbahia360.com.br\/wp-content\/uploads\/2026\/09\/Dois-trabalhadores-morrem-apos-caminhao-tombar-e-cair-em-ribanceira-Foto-Reproducao-Radar-News-2.jpg 1200w, https:\/\/uploads.acordacidade.com.br\/2026\/09\/Dois-trabalhadores-morrem-apos-caminhao-tombar-e-cair-em-ribanceira-Foto-Reproducao-Radar-News-2-750x453.jpg 750w, https:\/\/uploads.acordacidade.com.br\/2026\/09\/Dois-trabalhadores-morrem-apos-caminhao-tombar-e-cair-em-ribanceira-Foto-Reproducao-Radar-News-2-1000x604.jpg 1000w, https:\/\/uploads.acordacidade.com.br\/2026\/09\/Dois-trabalhadores-morrem-apos-caminhao-tombar-e-cair-em-ribanceira-Foto-Reproducao-Radar-News-2-450x272.jpg 450w, https:\/\/uploads.acordacidade.com.br\/2026\/09\/Dois-trabalhadores-morrem-apos-caminhao-tombar-e-cair-em-ribanceira-Foto-Reproducao-Radar-News-2-150x91.jpg 150w\" sizes=\"(max-width: 1200px) 100vw, 1200px\"><figcaption class=\"wp-element-caption\">Foto: Reprodu\u00e7\u00e3o\/ Radar News<\/figcaption><\/figure>\n<p class=\"wp-block-paragraph\"><em>Siga o Acorda Cidade no\u00a0<\/em><a href=\"https:\/\/news.google.com\/search?q=acorda%20cidade&amp;hl=pt-BR&amp;gl=BR&amp;ceid=BR%3Apt-419\"><strong><em>Google Not\u00edcias<\/em><\/strong><\/a><em>\u00a0e receba os principais destaques do dia. Participe tamb\u00e9m dos nossos canais no\u00a0<\/em><a href=\"https:\/\/www.whatsapp.com\/channel\/0029Va6Rb4v3WHTNnsh8WI3N\"><strong><em>WhatsApp<\/em><\/strong><\/a><em>\u00a0e\u00a0<\/em><a href=\"https:\/\/www.youtube.com\/@acordacidadenoticias\/videos\"><strong>YouTube<\/strong><\/a><em>\u00a0e do grupo no\u00a0<\/em><a href=\"https:\/\/t.me\/+sSz0khrgARA0ZmRh\"><strong><em>Telegram<\/em><\/strong><\/a><em>.<\/em><\/p>\n<\/div>\n","protected":false},"excerpt":{"rendered":"<p>Foto: Reprodu\u00e7\u00e3o\/ Radar News Dois trabalhadores da coleta de res\u00edduos morreram ap\u00f3s o caminh\u00e3o em<\/p>\n","protected":false},"author":1,"featured_media":148384,"comment_status":"closed","ping_status":"closed","sticky":false,"template":"","format":"gallery","meta":{"footnotes":""},"categories":[8,9,6,57,56,10],"tags":[],"class_list":["post-148383","post","type-post","status-publish","format-gallery","has-post-thumbnail","hentry","category-bahia","category-brasil","category-feira-de-santana","category-mundo","category-policia","category-politica","post_format-post-format-gallery"],"featured_image_urls":{"full":["https:\/\/noticiasbahia360.com.br\/wp-content\/uploads\/2026\/09\/Dois-trabalhadores-morrem-apos-caminhao-tombar-e-cair-em-ribanceira-Foto-Reproducao-Radar-News.jpg",1200,801,false],"thumbnail":["https:\/\/noticiasbahia360.com.br\/wp-content\/uploads\/2026\/09\/Dois-trabalhadores-morrem-apos-caminhao-tombar-e-cair-em-ribanceira-Foto-Reproducao-Radar-News-150x150.jpg",150,150,true],"medium":["https:\/\/noticiasbahia360.com.br\/wp-content\/uploads\/2026\/09\/Dois-trabalhadores-morrem-apos-caminhao-tombar-e-cair-em-ribanceira-Foto-Reproducao-Radar-News-300x200.jpg",300,200,true],"medium_large":["https:\/\/noticiasbahia360.com.br\/wp-content\/uploads\/2026\/09\/Dois-trabalhadores-morrem-apos-caminhao-tombar-e-cair-em-ribanceira-Foto-Reproducao-Radar-News-768x513.jpg",640,428,true],"large":["https:\/\/noticiasbahia360.com.br\/wp-content\/uploads\/2026\/09\/Dois-trabalhadores-morrem-apos-caminhao-tombar-e-cair-em-ribanceira-Foto-Reproducao-Radar-News-1024x684.jpg",640,428,true],"1536x1536":["https:\/\/noticiasbahia360.com.br\/wp-content\/uploads\/2026\/09\/Dois-trabalhadores-morrem-apos-caminhao-tombar-e-cair-em-ribanceira-Foto-Reproducao-Radar-News.jpg",1200,801,false],"2048x2048":["https:\/\/noticiasbahia360.com.br\/wp-content\/uploads\/2026\/09\/Dois-trabalhadores-morrem-apos-caminhao-tombar-e-cair-em-ribanceira-Foto-Reproducao-Radar-News.jpg",1200,801,false],"chromenews-featured":["https:\/\/noticiasbahia360.com.br\/wp-content\/uploads\/2026\/09\/Dois-trabalhadores-morrem-apos-caminhao-tombar-e-cair-em-ribanceira-Foto-Reproducao-Radar-News-1024x684.jpg",1024,684,true],"chromenews-large":["https:\/\/noticiasbahia360.com.br\/wp-content\/uploads\/2026\/09\/Dois-trabalhadores-morrem-apos-caminhao-tombar-e-cair-em-ribanceira-Foto-Reproducao-Radar-News-825x575.jpg",825,575,true],"chromenews-medium":["https:\/\/noticiasbahia360.com.br\/wp-content\/uploads\/2026\/09\/Dois-trabalhadores-morrem-apos-caminhao-tombar-e-cair-em-ribanceira-Foto-Reproducao-Radar-News-590x410.jpg",590,410,true]},"author_info":{"display_name":"noticiasbahia360.com.br","author_link":"https:\/\/noticiasbahia360.com.br\/?author=1"},"category_info":"<a href=\"https:\/\/noticiasbahia360.com.br\/?cat=8\" rel=\"category\">Bahia<\/a> <a href=\"https:\/\/noticiasbahia360.com.br\/?cat=9\" rel=\"category\">Brasil<\/a> <a href=\"https:\/\/noticiasbahia360.com.br\/?cat=6\" rel=\"category\">Feira de Santana<\/a> <a href=\"https:\/\/noticiasbahia360.com.br\/?cat=57\" rel=\"category\">Mundo<\/a> <a href=\"https:\/\/noticiasbahia360.com.br\/?cat=56\" rel=\"category\">Pol\u00edcia<\/a> <a href=\"https:\/\/noticiasbahia360.com.br\/?cat=10\" rel=\"category\">Pol\u00edtica<\/a>","tag_info":"Pol\u00edtica","comment_count":"0","_links":{"self":[{"href":"https:\/\/noticiasbahia360.com.br\/index.php?rest_route=\/wp\/v2\/posts\/148383","targetHints":{"allow":["GET"]}}],"collection":[{"href":"https:\/\/noticiasbahia360.com.br\/index.php?rest_route=\/wp\/v2\/posts"}],"about":[{"href":"https:\/\/noticiasbahia360.com.br\/index.php?rest_route=\/wp\/v2\/types\/post"}],"author":[{"embeddable":true,"href":"https:\/\/noticiasbahia360.com.br\/index.php?rest_route=\/wp\/v2\/users\/1"}],"replies":[{"embeddable":true,"href":"https:\/\/noticiasbahia360.com.br\/index.php?rest_route=%2Fwp%2Fv2%2Fcomments&post=148383"}],"version-history":[{"count":0,"href":"https:\/\/noticiasbahia360.com.br\/index.php?rest_route=\/wp\/v2\/posts\/148383\/revisions"}],"wp:featuredmedia":[{"embeddable":true,"href":"https:\/\/noticiasbahia360.com.br\/index.php?rest_route=\/wp\/v2\/media\/148384"}],"wp:attachment":[{"href":"https:\/\/noticiasbahia360.com.br\/index.php?rest_route=%2Fwp%2Fv2%2Fmedia&parent=148383"}],"wp:term":[{"taxonomy":"category","embeddable":true,"href":"https:\/\/noticiasbahia360.com.br\/index.php?rest_route=%2Fwp%2Fv2%2Fcategories&post=148383"},{"taxonomy":"post_tag","embeddable":true,"href":"https:\/\/noticiasbahia360.com.br\/index.php?rest_route=%2Fwp%2Fv2%2Ftags&post=148383"}],"curies":[{"name":"wp","href":"https:\/\/api.w.org\/{rel}","templated":true}]}}