{"id":148387,"date":"2026-09-01T21:02:19","date_gmt":"2026-09-02T00:02:19","guid":{"rendered":"https:\/\/noticiasbahia360.com.br\/?p=148387"},"modified":"2026-09-01T21:02:19","modified_gmt":"2026-09-02T00:02:19","slug":"transporte-gratuito-leva-524-passageiros-ao-flifs-2026-durante-seis-dias-de-programacao","status":"publish","type":"post","link":"https:\/\/noticiasbahia360.com.br\/?p=148387","title":{"rendered":"Transporte gratuito leva 524 passageiros ao Flifs 2026 durante seis dias de programa\u00e7\u00e3o"},"content":{"rendered":"<div>\n<div>\n<figure><img decoding=\"async\" src=\"http:\/\/noticiasbahia360.com.br\/wp-content\/uploads\/2026\/09\/Transporte-gratuito-no-Flifs-2026-Foto-Divulgacao-Semob.jpg\" alt=\"Transporte gratuito no Flifs 2026\"><figcaption>Foto: Divulga\u00e7\u00e3o\/ Semob<\/figcaption><\/figure>\n<\/div>\n<p class=\"wp-block-paragraph\">A opera\u00e7\u00e3o especial de transporte coletivo disponibilizada pela Prefeitura de Feira de Santana durante o Festival Liter\u00e1rio e Cultural de Feira de Santana (Flifs) 2026 facilitou o deslocamento do p\u00fablico at\u00e9 o Centro de Conven\u00e7\u00f5es de Feira de Santana. O servi\u00e7o foi realizado pela Secretaria Municipal de Mobilidade Urbana (Semob), com apoio da empresa S\u00e3o Jo\u00e3o, e garantiu transporte gratuito durante os seis dias de programa\u00e7\u00e3o do festival.<\/p>\n<p class=\"wp-block-paragraph\">Ao todo, 524 passageiros utilizaram o servi\u00e7o, que percorreu 427,09 quil\u00f4metros durante o per\u00edodo do evento. A iniciativa teve como objetivo ampliar o acesso da popula\u00e7\u00e3o \u00e0s atividades liter\u00e1rias e culturais do Flifs, sem que o deslocamento representasse um custo adicional para os participantes.<\/p>\n<p class=\"wp-block-paragraph\">Para o secret\u00e1rio municipal de Mobilidade Urbana, Josivaldo Santana, a opera\u00e7\u00e3o contribuiu para facilitar a participa\u00e7\u00e3o do p\u00fablico no festival. <\/p>\n<p class=\"wp-block-paragraph\">\u201cA opera\u00e7\u00e3o especial foi uma forma de contribuir para que a popula\u00e7\u00e3o tivesse mais facilidade para chegar \u00e0 Flifs e participar da programa\u00e7\u00e3o. A mobilidade urbana tamb\u00e9m \u00e9 um instrumento de acesso \u00e0s atividades culturais e, nesse sentido, buscamos oferecer um servi\u00e7o que atendesse ao p\u00fablico durante todo o evento\u201d, destacou.<\/p>\n<figure class=\"wp-block-image size-full\"><img fetchpriority=\"high\" decoding=\"async\" width=\"1200\" height=\"800\" src=\"http:\/\/noticiasbahia360.com.br\/wp-content\/uploads\/2026\/09\/Transporte-gratuito-no-Flifs-2026-Foto-Divulgacao-Semob-2.jpg\" alt=\"Transporte gratuito no Flifs 2026\" class=\"wp-image-686999\" srcset=\"http:\/\/noticiasbahia360.com.br\/wp-content\/uploads\/2026\/09\/Transporte-gratuito-no-Flifs-2026-Foto-Divulgacao-Semob-2.jpg 1200w, https:\/\/uploads.acordacidade.com.br\/2026\/09\/Transporte-gratuito-no-Flifs-2026-Foto-Divulgacao-Semob-2-750x500.jpg 750w, https:\/\/uploads.acordacidade.com.br\/2026\/09\/Transporte-gratuito-no-Flifs-2026-Foto-Divulgacao-Semob-2-1000x667.jpg 1000w, https:\/\/uploads.acordacidade.com.br\/2026\/09\/Transporte-gratuito-no-Flifs-2026-Foto-Divulgacao-Semob-2-450x300.jpg 450w, https:\/\/uploads.acordacidade.com.br\/2026\/09\/Transporte-gratuito-no-Flifs-2026-Foto-Divulgacao-Semob-2-150x100.jpg 150w\" sizes=\"(max-width: 1200px) 100vw, 1200px\"><figcaption class=\"wp-element-caption\">Foto: Divulga\u00e7\u00e3o\/ Semob<\/figcaption><\/figure>\n<p class=\"wp-block-paragraph\">Al\u00e9m de garantir a gratuidade, a opera\u00e7\u00e3o ofereceu uma alternativa de deslocamento entre o Terminal Central e o Centro de Conven\u00e7\u00f5es, contribuindo para o acesso do p\u00fablico aos espa\u00e7os de programa\u00e7\u00e3o.<\/p>\n<p class=\"wp-block-paragraph\">A a\u00e7\u00e3o integrou as iniciativas da Prefeitura para apoiar a realiza\u00e7\u00e3o do Flifs 2026 e refor\u00e7ou a atua\u00e7\u00e3o da Semob na organiza\u00e7\u00e3o da mobilidade durante eventos realizados no munic\u00edpio.<\/p>\n<p class=\"wp-block-paragraph\"><em>As informa\u00e7\u00f5es s\u00e3o da Secretaria Municipal de Comunica\u00e7\u00e3o Social de Feira de Santana<\/em>.<\/p>\n<p class=\"wp-block-paragraph\" id=\"h-leia-tambem-nbsp\"><strong>Leia tamb\u00e9m:\u00a0<\/strong><\/p>\n<p class=\"wp-block-paragraph\"><a href=\"https:\/\/www.acordacidade.com.br\/cultura\/com-encerramento-neste-domingo-flifs-chega-a-60-mil-visitantes-nos-primeiros-cinco-dias\/\"><strong>Com encerramento neste domingo, Flifs chega a 60 mil visitantes nos primeiros cinco dias<\/strong><\/a><\/p>\n<p class=\"wp-block-paragraph\"><a href=\"https:\/\/www.acordacidade.com.br\/cultura\/aos-87-anos-dona-heloisa-esbanja-vitalidade-e-danca-no-palco-da-flifs-tem-que-aproveitar\/\"><strong>V\u00cdDEO: aos 87 anos, dona Helo\u00edsa esbanja vitalidade e dan\u00e7a no palco do Flifs<\/strong><\/a><\/p>\n<p class=\"wp-block-paragraph\"><a href=\"https:\/\/www.acordacidade.com.br\/cultura\/tia-ma-e-thalita-reboucas-movimentam-o-flifs-com-bate-papos-sobre-importancia-da-leitura-e-representatividade\/\"><strong>Tia M\u00e1 e Thalita Rebou\u00e7as movimentam o Flifs com bate-papos sobre import\u00e2ncia da leitura e representatividade<\/strong><\/a><\/p>\n<p class=\"wp-block-paragraph\"><a href=\"https:\/\/www.acordacidade.com.br\/cultura\/apos-24-anos-agnes-nunes-retorna-a-feira-de-santana-para-show-no-flifs-veja-como-foram-as-apresentacoes-de-sexta-28\/\"><strong>Ap\u00f3s 24 anos, Agnes Nunes retorna a Feira de Santana para show no Flifs; veja como foram as apresenta\u00e7\u00f5es de sexta (28)<\/strong><\/a><\/p>\n<p class=\"wp-block-paragraph\"><a href=\"https:\/\/www.acordacidade.com.br\/feira-de-santana\/conheca-nova-geracao-de-escritores-que-se-destaca-no-flifs\/\"><strong>Conhe\u00e7a nova gera\u00e7\u00e3o de escritores que se destaca no Flifs<\/strong><\/a><\/p>\n<p class=\"wp-block-paragraph\"><a href=\"https:\/\/www.acordacidade.com.br\/cultura\/penultimo-dia-da-flifs-traz-tia-ma-thalita-reboucas-e-show-da-banda-80-na-pista-veja-a-programacao\/\"><strong>Pen\u00faltimo dia do Flifs traz Tia M\u00e1, Thalita Rebou\u00e7as e show da banda 80 na Pista; veja a programa\u00e7\u00e3o<\/strong><\/a><\/p>\n<p class=\"wp-block-paragraph\"><a href=\"https:\/\/www.acordacidade.com.br\/cultura\/presente-no-flifs-xilogravurista-luiz-natividade-compartilha-experiencia-e-desperta-interesse-pela-arte\/\"><strong>Presente no Flifs, Xilogravurista Luiz Natividade compartilha experi\u00eancia e desperta interesse pela arte<\/strong><\/a><\/p>\n<p class=\"wp-block-paragraph\"><a href=\"https:\/\/www.acordacidade.com.br\/cultura\/quem-narra-a-noticia-tambem-influencia-jessica-senra-midia-noelle-e-julia-do-monte-debatem-o-fazer-jornalistico-no-flifs\/\"><strong>\u201cQuem narra a not\u00edcia tamb\u00e9m influencia\u201d: J\u00e9ssica Senra, Midi\u00e3 Noelle e J\u00falia do Monte debatem o fazer jornal\u00edstico no Flifs<\/strong><\/a><\/p>\n<p class=\"wp-block-paragraph\"><a href=\"https:\/\/www.acordacidade.com.br\/cultura\/mais-de-26-mil-pessoas-ja-passaram-pelo-flifs-nos-tres-primeiros-dias-do-festival\/\"><strong>Mais de 26 mil pessoas passaram pelo Flifs nos tr\u00eas primeiros dias do festival<\/strong><\/a><\/p>\n<p class=\"wp-block-paragraph\"><a href=\"https:\/\/www.acordacidade.com.br\/cultura\/flifs-chega-ao-quarto-dia-com-jesse-souza-marcia-porto-e-agnes-nunes-faltam-tres-dias-para-o-encerramento\/\"><strong>Flifs chega ao quarto dia com Jess\u00e9 Souza, M\u00e1rcia Porto e Agnes Nunes; faltam tr\u00eas dias para o encerramento<\/strong><\/a><\/p>\n<p class=\"wp-block-paragraph\"><a href=\"https:\/\/www.acordacidade.com.br\/feira-de-santana\/dionorina-e-asa-filho-transformam-flifs-no-berco-da-musica-popular\/\"><strong>Dionorina e Asa Filho transformam Flifs no ber\u00e7o da m\u00fasica popular<\/strong><\/a><\/p>\n<p class=\"wp-block-paragraph\"><a href=\"https:\/\/www.acordacidade.com.br\/cultura\/flifs-chega-ao-terceiro-dia-com-festival-de-violeiros-midia-noelle-jessica-senra-e-programacao-para-todos-os-publicos\/\"><strong>Flifs chega ao terceiro dia com Festival de Violeiros, Midi\u00e3 Noelle, J\u00e9ssica Senra e programa\u00e7\u00e3o para todos os p\u00fablicos<\/strong><\/a><\/p>\n<p class=\"wp-block-paragraph\"><a href=\"https:\/\/www.acordacidade.com.br\/cultura\/segundo-dia-do-flifs-tem-mestre-bule-bule-asa-filho-e-dionorina-confira-a-programacao-completa-desta-quarta-26\/\"><strong>Segundo dia do Flifs tem Mestre Bule Bule, Asa Filho e Dionorina; confira a programa\u00e7\u00e3o completa desta quarta (26)<\/strong><\/a><\/p>\n<p class=\"wp-block-paragraph\"><a href=\"https:\/\/www.acordacidade.com.br\/educacao\/flifs-2026-comeca-nesta-terca-25-com-muita-literatura-cultura-e-show-de-maryzelia-com-roberta-sa\/\"><strong>Flifs 2026 come\u00e7a nesta ter\u00e7a (25) com muita literatura, cultura e show de Maryzelia com Roberta S\u00e1<\/strong><\/a><\/p>\n<p class=\"wp-block-paragraph\"><strong><a href=\"https:\/\/www.acordacidade.com.br\/educacao\/confira-a-programacao-completa-do-flifs-2026\/\">Confira a programa\u00e7\u00e3o completa do Flifs 2026<\/a><\/strong><\/p>\n<p class=\"wp-block-paragraph\"><em>Siga o Acorda Cidade no\u00a0<\/em><a href=\"https:\/\/news.google.com\/search?q=acorda%20cidade&amp;hl=pt-BR&amp;gl=BR&amp;ceid=BR%3Apt-419\"><strong><em>Google Not\u00edcias<\/em><\/strong><\/a><em>\u00a0e receba os principais destaques do dia. Participe tamb\u00e9m dos nossos canais no\u00a0<\/em><a href=\"https:\/\/www.whatsapp.com\/channel\/0029Va6Rb4v3WHTNnsh8WI3N\"><strong><em>WhatsApp<\/em><\/strong><\/a><em>\u00a0e\u00a0<\/em><a href=\"https:\/\/www.youtube.com\/@acordacidadenoticias\/videos\"><strong>YouTube<\/strong><\/a><em>\u00a0e do grupo no\u00a0<\/em><a href=\"https:\/\/t.me\/+sSz0khrgARA0ZmRh\"><strong><em>Telegram<\/em><\/strong><\/a><em>.<\/em><a href=\"https:\/\/www.acordacidade.com.br\/colunas\/dilton-e-feito\/\"><\/a><\/p>\n<\/div>\n","protected":false},"excerpt":{"rendered":"<p>Foto: Divulga\u00e7\u00e3o\/ Semob A opera\u00e7\u00e3o especial de transporte coletivo disponibilizada pela Prefeitura de Feira de<\/p>\n","protected":false},"author":1,"featured_media":148388,"comment_status":"closed","ping_status":"closed","sticky":false,"template":"","format":"gallery","meta":{"footnotes":""},"categories":[8,9,6,57,56,10],"tags":[],"class_list":["post-148387","post","type-post","status-publish","format-gallery","has-post-thumbnail","hentry","category-bahia","category-brasil","category-feira-de-santana","category-mundo","category-policia","category-politica","post_format-post-format-gallery"],"featured_image_urls":{"full":["https:\/\/noticiasbahia360.com.br\/wp-content\/uploads\/2026\/09\/Transporte-gratuito-no-Flifs-2026-Foto-Divulgacao-Semob.jpg",1200,800,false],"thumbnail":["https:\/\/noticiasbahia360.com.br\/wp-content\/uploads\/2026\/09\/Transporte-gratuito-no-Flifs-2026-Foto-Divulgacao-Semob-150x150.jpg",150,150,true],"medium":["https:\/\/noticiasbahia360.com.br\/wp-content\/uploads\/2026\/09\/Transporte-gratuito-no-Flifs-2026-Foto-Divulgacao-Semob-300x200.jpg",300,200,true],"medium_large":["https:\/\/noticiasbahia360.com.br\/wp-content\/uploads\/2026\/09\/Transporte-gratuito-no-Flifs-2026-Foto-Divulgacao-Semob-768x512.jpg",640,427,true],"large":["https:\/\/noticiasbahia360.com.br\/wp-content\/uploads\/2026\/09\/Transporte-gratuito-no-Flifs-2026-Foto-Divulgacao-Semob-1024x683.jpg",640,427,true],"1536x1536":["https:\/\/noticiasbahia360.com.br\/wp-content\/uploads\/2026\/09\/Transporte-gratuito-no-Flifs-2026-Foto-Divulgacao-Semob.jpg",1200,800,false],"2048x2048":["https:\/\/noticiasbahia360.com.br\/wp-content\/uploads\/2026\/09\/Transporte-gratuito-no-Flifs-2026-Foto-Divulgacao-Semob.jpg",1200,800,false],"chromenews-featured":["https:\/\/noticiasbahia360.com.br\/wp-content\/uploads\/2026\/09\/Transporte-gratuito-no-Flifs-2026-Foto-Divulgacao-Semob-1024x683.jpg",1024,683,true],"chromenews-large":["https:\/\/noticiasbahia360.com.br\/wp-content\/uploads\/2026\/09\/Transporte-gratuito-no-Flifs-2026-Foto-Divulgacao-Semob-825x575.jpg",825,575,true],"chromenews-medium":["https:\/\/noticiasbahia360.com.br\/wp-content\/uploads\/2026\/09\/Transporte-gratuito-no-Flifs-2026-Foto-Divulgacao-Semob-590x410.jpg",590,410,true]},"author_info":{"display_name":"noticiasbahia360.com.br","author_link":"https:\/\/noticiasbahia360.com.br\/?author=1"},"category_info":"<a href=\"https:\/\/noticiasbahia360.com.br\/?cat=8\" rel=\"category\">Bahia<\/a> <a href=\"https:\/\/noticiasbahia360.com.br\/?cat=9\" rel=\"category\">Brasil<\/a> <a href=\"https:\/\/noticiasbahia360.com.br\/?cat=6\" rel=\"category\">Feira de Santana<\/a> <a href=\"https:\/\/noticiasbahia360.com.br\/?cat=57\" rel=\"category\">Mundo<\/a> <a href=\"https:\/\/noticiasbahia360.com.br\/?cat=56\" rel=\"category\">Pol\u00edcia<\/a> <a href=\"https:\/\/noticiasbahia360.com.br\/?cat=10\" rel=\"category\">Pol\u00edtica<\/a>","tag_info":"Pol\u00edtica","comment_count":"0","_links":{"self":[{"href":"https:\/\/noticiasbahia360.com.br\/index.php?rest_route=\/wp\/v2\/posts\/148387","targetHints":{"allow":["GET"]}}],"collection":[{"href":"https:\/\/noticiasbahia360.com.br\/index.php?rest_route=\/wp\/v2\/posts"}],"about":[{"href":"https:\/\/noticiasbahia360.com.br\/index.php?rest_route=\/wp\/v2\/types\/post"}],"author":[{"embeddable":true,"href":"https:\/\/noticiasbahia360.com.br\/index.php?rest_route=\/wp\/v2\/users\/1"}],"replies":[{"embeddable":true,"href":"https:\/\/noticiasbahia360.com.br\/index.php?rest_route=%2Fwp%2Fv2%2Fcomments&post=148387"}],"version-history":[{"count":0,"href":"https:\/\/noticiasbahia360.com.br\/index.php?rest_route=\/wp\/v2\/posts\/148387\/revisions"}],"wp:featuredmedia":[{"embeddable":true,"href":"https:\/\/noticiasbahia360.com.br\/index.php?rest_route=\/wp\/v2\/media\/148388"}],"wp:attachment":[{"href":"https:\/\/noticiasbahia360.com.br\/index.php?rest_route=%2Fwp%2Fv2%2Fmedia&parent=148387"}],"wp:term":[{"taxonomy":"category","embeddable":true,"href":"https:\/\/noticiasbahia360.com.br\/index.php?rest_route=%2Fwp%2Fv2%2Fcategories&post=148387"},{"taxonomy":"post_tag","embeddable":true,"href":"https:\/\/noticiasbahia360.com.br\/index.php?rest_route=%2Fwp%2Fv2%2Ftags&post=148387"}],"curies":[{"name":"wp","href":"https:\/\/api.w.org\/{rel}","templated":true}]}}