{"id":148390,"date":"2026-09-01T21:02:21","date_gmt":"2026-09-02T00:02:21","guid":{"rendered":"https:\/\/noticiasbahia360.com.br\/?p=148390"},"modified":"2026-09-01T21:02:21","modified_gmt":"2026-09-02T00:02:21","slug":"movimento-bahia-pela-educacao-oferece-formacao-gratuita-em-alfabetizacao-inclusiva-veja-como-se-inscrever","status":"publish","type":"post","link":"https:\/\/noticiasbahia360.com.br\/?p=148390","title":{"rendered":"Movimento Bahia pela Educa\u00e7\u00e3o oferece forma\u00e7\u00e3o gratuita em Alfabetiza\u00e7\u00e3o Inclusiva; veja como se inscrever"},"content":{"rendered":"<div>\n<div>\n<figure><img decoding=\"async\" src=\"http:\/\/noticiasbahia360.com.br\/wp-content\/uploads\/2026\/09\/Movimento-Bahia-Pela-Educacao-Foto-Paulo-Jose-Acorda-Cidade-02.jpg\" alt=\"Encontro Territorial do Movimento Bahia pela Educa\u00e7\u00e3o em 2026\"><figcaption>Encontro Territorial do Movimento Bahia pela Educa\u00e7\u00e3o em 2026 | Foto: Paulo Jos\u00e9 \/ Acorda Cidade <\/figcaption><\/figure>\n<\/div>\n<p class=\"wp-block-paragraph\">O Movimento Bahia pela Educa\u00e7\u00e3o est\u00e1 com inscri\u00e7\u00f5es abertas para a forma\u00e7\u00e3o gratuita em Alfabetiza\u00e7\u00e3o Inclusiva, ministrada por Fernando Lauria, especialista em neuroci\u00eancia. A iniciativa \u00e9 voltada para todos os profissionais da \u00e1rea e ser\u00e1 composta por tr\u00eas encontros virtuais, nos dias 8 e 22 de setembro e 13 de outubro de 2026.<\/p>\n<p class=\"wp-block-paragraph\">Com o tema\u00a0\u201cO C\u00e9rebro que Aprende, a Escola que Inclui: contribui\u00e7\u00f5es da neuroci\u00eancia para a alfabetiza\u00e7\u00e3o\u201d, a programa\u00e7\u00e3o ter\u00e1 tr\u00eas aulas transmitidas ao vivo, das 19h \u00e0s 20h30. Os participantes que conclu\u00edrem toda a trilha receber\u00e3o certificado.<\/p>\n<p class=\"wp-block-paragraph\">As inscri\u00e7\u00f5es podem ser feitas por meio do link disponibilizado no Instagram <a href=\"https:\/\/www.instagram.com\/bahiapelaeducacao\/\" target=\"_blank\" rel=\"noreferrer noopener\">@bahiapelaeducacao<\/a> ou diretamente pelo endere\u00e7o <a href=\"https:\/\/forms.gle\/zjBEJJ8CYL7e8SKV9\" target=\"_blank\" rel=\"noreferrer noopener\">https:\/\/forms.gle\/zjBEJJ8CYL7e8SKV9<\/a>.<\/p>\n<p class=\"wp-block-paragraph\">O objetivo da forma\u00e7\u00e3o \u00e9 mostrar como os conhecimentos da neuroci\u00eancia podem contribuir para pr\u00e1ticas de alfabetiza\u00e7\u00e3o mais eficazes e inclusivas, fundamentadas em evid\u00eancias cient\u00edficas e capazes de favorecer todos os estudantes, especialmente daqueles que apresentam diferen\u00e7as no neurodesenvolvimento.<\/p>\n<p class=\"wp-block-paragraph\">Ao longo dos encontros, os participantes ter\u00e3o acesso a conte\u00fados relacionados ao funcionamento do c\u00e9rebro durante a aprendizagem, neuroplasticidade, aten\u00e7\u00e3o, mem\u00f3ria, emo\u00e7\u00e3o, consci\u00eancia fonol\u00f3gica e desenvolvimento das fun\u00e7\u00f5es executivas, al\u00e9m de reflex\u00f5es sobre o papel do professor como mediador desse processo.<\/p>\n<p class=\"wp-block-paragraph\">A programa\u00e7\u00e3o contempla ainda temas voltados \u00e0 neurodiversidade, Transtorno do Espectro Autista (TEA), TDAH, dislexia, defici\u00eancia intelectual, altas habilidades e superdota\u00e7\u00e3o, destacando estrat\u00e9gias pedag\u00f3gicas capazes de ampliar a participa\u00e7\u00e3o e a aprendizagem de estudantes com diferentes perfis.<\/p>\n<p class=\"wp-block-paragraph\">O conte\u00fado foi desenvolvido por Fernando Lauria, especialista em Neuroci\u00eancia da Educa\u00e7\u00e3o e Neuropsicopedagogia Cl\u00ednica e Institucional. Com linhas de pesquisa voltadas ao desenvolvimento humano e os transtornos de aprendizagem, ele \u00e9 professor universit\u00e1rio, escritor, ministra palestras e forma\u00e7\u00f5es no Brasil e em outros pa\u00edses.<\/p>\n<figure class=\"wp-block-image size-full\"><img fetchpriority=\"high\" fetchpriority=\"high\" decoding=\"async\" width=\"1200\" height=\"600\" src=\"http:\/\/noticiasbahia360.com.br\/wp-content\/uploads\/2026\/09\/Fernando-Lauria-e-especialista-em-neurociencia-Foto-Divulgacao-Fernando-Lauria.jpg\" alt=\"Fernando Lauria \u00e9 especialista em neuroci\u00eancia\" class=\"wp-image-687004\" srcset=\"http:\/\/noticiasbahia360.com.br\/wp-content\/uploads\/2026\/09\/Fernando-Lauria-e-especialista-em-neurociencia-Foto-Divulgacao-Fernando-Lauria.jpg 1200w, https:\/\/uploads.acordacidade.com.br\/2026\/09\/Fernando-Lauria-e-especialista-em-neurociencia-Foto-Divulgacao-Fernando-Lauria-750x375.jpg 750w, https:\/\/uploads.acordacidade.com.br\/2026\/09\/Fernando-Lauria-e-especialista-em-neurociencia-Foto-Divulgacao-Fernando-Lauria-1000x500.jpg 1000w, https:\/\/uploads.acordacidade.com.br\/2026\/09\/Fernando-Lauria-e-especialista-em-neurociencia-Foto-Divulgacao-Fernando-Lauria-450x225.jpg 450w, https:\/\/uploads.acordacidade.com.br\/2026\/09\/Fernando-Lauria-e-especialista-em-neurociencia-Foto-Divulgacao-Fernando-Lauria-150x75.jpg 150w\" sizes=\"(max-width: 1200px) 100vw, 1200px\"><figcaption class=\"wp-element-caption\">Fernando Lauria \u00e9 especialista em neuroci\u00eancia | Foto: Divulga\u00e7\u00e3o\/ Fernando Lauria<\/figcaption><\/figure>\n<h2 id=\"h-quem-somos\" class=\"wp-block-heading\"><strong>Quem somos<\/strong><\/h2>\n<p class=\"wp-block-paragraph\">O Movimento Bahia pela Educa\u00e7\u00e3o \u00e9 uma iniciativa intersetorial liderada pela Federa\u00e7\u00e3o das Ind\u00fastrias do Estado da Bahia (Fieb), que re\u00fane organiza\u00e7\u00f5es e lideran\u00e7as comprometidas com a melhoria da educa\u00e7\u00e3o no estado. A atua\u00e7\u00e3o busca fortalecer pol\u00edticas p\u00fablicas e pr\u00e1ticas educacionais capazes de contribuir para a alfabetiza\u00e7\u00e3o das crian\u00e7as na idade certa.<\/p>\n<p class=\"wp-block-paragraph\">Em 2026, o Movimento realizou sete encontros territoriais, reunindo mais de mil gestores educacionais, al\u00e9m de alcan\u00e7ar cerca de 1.800 professores alfabetizadores por meio do Programa de Alfabetiza\u00e7\u00e3o Respons\u00e1vel (PAR), que oferece forma\u00e7\u00e3o continuada e gratuita aos munic\u00edpios que apresentam os maiores desafios no campo da alfabetiza\u00e7\u00e3o.<\/p>\n<h2 id=\"h-servico\" class=\"wp-block-heading\"><strong>Servi\u00e7o <\/strong><\/h2>\n<p class=\"wp-block-paragraph\"><strong>Forma\u00e7\u00e3o em Alfabetiza\u00e7\u00e3o Inclusiva \u2013 <\/strong>O C\u00e9rebro que Aprende, a Escola que Inclui: contribui\u00e7\u00f5es da neuroci\u00eancia para a alfabetiza\u00e7\u00e3o<br \/><strong>Formato \u2013<\/strong> On-line e gratuito<br \/><strong>Datas \u2013<\/strong> 8 e 22 de setembro e 13 de outubro de 2026<br \/><strong>Hor\u00e1rio \u2013<\/strong> 19h \u00e0s 20h30<br \/><strong>Inscri\u00e7\u00f5es \u2013<\/strong> <a href=\"https:\/\/forms.gle\/zjBEJJ8CYL7e8SKV9\" target=\"_blank\" rel=\"noreferrer noopener\">https:\/\/forms.gle\/zjBEJJ8CYL7e8SKV9<\/a><br \/><strong>P\u00fablico-alvo \u2013<\/strong> Profissionais da educa\u00e7\u00e3o, em geral<\/p>\n<p class=\"wp-block-paragraph\"><em>Siga o Acorda Cidade no\u00a0<\/em><a href=\"https:\/\/news.google.com\/search?q=acorda%20cidade&amp;hl=pt-BR&amp;gl=BR&amp;ceid=BR%3Apt-419\"><strong><em>Google Not\u00edcias<\/em><\/strong><\/a><em>\u00a0e receba os principais destaques do dia. Participe tamb\u00e9m dos nossos canais no\u00a0<\/em><a href=\"https:\/\/www.whatsapp.com\/channel\/0029Va6Rb4v3WHTNnsh8WI3N\"><strong><em>WhatsApp<\/em><\/strong><\/a><em>\u00a0e\u00a0<\/em><a href=\"https:\/\/www.youtube.com\/@acordacidadenoticias\/videos\"><strong>YouTube<\/strong><\/a><em>\u00a0e do grupo no\u00a0<\/em><a href=\"https:\/\/t.me\/+sSz0khrgARA0ZmRh\"><strong><em>Telegram<\/em><\/strong><\/a><em>.<\/em><\/p>\n<\/div>\n","protected":false},"excerpt":{"rendered":"<p>Encontro Territorial do Movimento Bahia pela Educa\u00e7\u00e3o em 2026 | Foto: Paulo Jos\u00e9 \/ Acorda<\/p>\n","protected":false},"author":1,"featured_media":148391,"comment_status":"closed","ping_status":"closed","sticky":false,"template":"","format":"gallery","meta":{"footnotes":""},"categories":[8,9,6,57,56,10],"tags":[],"class_list":["post-148390","post","type-post","status-publish","format-gallery","has-post-thumbnail","hentry","category-bahia","category-brasil","category-feira-de-santana","category-mundo","category-policia","category-politica","post_format-post-format-gallery"],"featured_image_urls":{"full":["https:\/\/noticiasbahia360.com.br\/wp-content\/uploads\/2026\/09\/Movimento-Bahia-Pela-Educacao-Foto-Paulo-Jose-Acorda-Cidade-02.jpg",1200,560,false],"thumbnail":["https:\/\/noticiasbahia360.com.br\/wp-content\/uploads\/2026\/09\/Movimento-Bahia-Pela-Educacao-Foto-Paulo-Jose-Acorda-Cidade-02-150x150.jpg",150,150,true],"medium":["https:\/\/noticiasbahia360.com.br\/wp-content\/uploads\/2026\/09\/Movimento-Bahia-Pela-Educacao-Foto-Paulo-Jose-Acorda-Cidade-02-300x140.jpg",300,140,true],"medium_large":["https:\/\/noticiasbahia360.com.br\/wp-content\/uploads\/2026\/09\/Movimento-Bahia-Pela-Educacao-Foto-Paulo-Jose-Acorda-Cidade-02-768x358.jpg",640,298,true],"large":["https:\/\/noticiasbahia360.com.br\/wp-content\/uploads\/2026\/09\/Movimento-Bahia-Pela-Educacao-Foto-Paulo-Jose-Acorda-Cidade-02-1024x478.jpg",640,299,true],"1536x1536":["https:\/\/noticiasbahia360.com.br\/wp-content\/uploads\/2026\/09\/Movimento-Bahia-Pela-Educacao-Foto-Paulo-Jose-Acorda-Cidade-02.jpg",1200,560,false],"2048x2048":["https:\/\/noticiasbahia360.com.br\/wp-content\/uploads\/2026\/09\/Movimento-Bahia-Pela-Educacao-Foto-Paulo-Jose-Acorda-Cidade-02.jpg",1200,560,false],"chromenews-featured":["https:\/\/noticiasbahia360.com.br\/wp-content\/uploads\/2026\/09\/Movimento-Bahia-Pela-Educacao-Foto-Paulo-Jose-Acorda-Cidade-02-1024x478.jpg",1024,478,true],"chromenews-large":["https:\/\/noticiasbahia360.com.br\/wp-content\/uploads\/2026\/09\/Movimento-Bahia-Pela-Educacao-Foto-Paulo-Jose-Acorda-Cidade-02-825x560.jpg",825,560,true],"chromenews-medium":["https:\/\/noticiasbahia360.com.br\/wp-content\/uploads\/2026\/09\/Movimento-Bahia-Pela-Educacao-Foto-Paulo-Jose-Acorda-Cidade-02-590x410.jpg",590,410,true]},"author_info":{"display_name":"noticiasbahia360.com.br","author_link":"https:\/\/noticiasbahia360.com.br\/?author=1"},"category_info":"<a href=\"https:\/\/noticiasbahia360.com.br\/?cat=8\" rel=\"category\">Bahia<\/a> <a href=\"https:\/\/noticiasbahia360.com.br\/?cat=9\" rel=\"category\">Brasil<\/a> <a href=\"https:\/\/noticiasbahia360.com.br\/?cat=6\" rel=\"category\">Feira de Santana<\/a> <a href=\"https:\/\/noticiasbahia360.com.br\/?cat=57\" rel=\"category\">Mundo<\/a> <a href=\"https:\/\/noticiasbahia360.com.br\/?cat=56\" rel=\"category\">Pol\u00edcia<\/a> <a href=\"https:\/\/noticiasbahia360.com.br\/?cat=10\" rel=\"category\">Pol\u00edtica<\/a>","tag_info":"Pol\u00edtica","comment_count":"0","_links":{"self":[{"href":"https:\/\/noticiasbahia360.com.br\/index.php?rest_route=\/wp\/v2\/posts\/148390","targetHints":{"allow":["GET"]}}],"collection":[{"href":"https:\/\/noticiasbahia360.com.br\/index.php?rest_route=\/wp\/v2\/posts"}],"about":[{"href":"https:\/\/noticiasbahia360.com.br\/index.php?rest_route=\/wp\/v2\/types\/post"}],"author":[{"embeddable":true,"href":"https:\/\/noticiasbahia360.com.br\/index.php?rest_route=\/wp\/v2\/users\/1"}],"replies":[{"embeddable":true,"href":"https:\/\/noticiasbahia360.com.br\/index.php?rest_route=%2Fwp%2Fv2%2Fcomments&post=148390"}],"version-history":[{"count":0,"href":"https:\/\/noticiasbahia360.com.br\/index.php?rest_route=\/wp\/v2\/posts\/148390\/revisions"}],"wp:featuredmedia":[{"embeddable":true,"href":"https:\/\/noticiasbahia360.com.br\/index.php?rest_route=\/wp\/v2\/media\/148391"}],"wp:attachment":[{"href":"https:\/\/noticiasbahia360.com.br\/index.php?rest_route=%2Fwp%2Fv2%2Fmedia&parent=148390"}],"wp:term":[{"taxonomy":"category","embeddable":true,"href":"https:\/\/noticiasbahia360.com.br\/index.php?rest_route=%2Fwp%2Fv2%2Fcategories&post=148390"},{"taxonomy":"post_tag","embeddable":true,"href":"https:\/\/noticiasbahia360.com.br\/index.php?rest_route=%2Fwp%2Fv2%2Ftags&post=148390"}],"curies":[{"name":"wp","href":"https:\/\/api.w.org\/{rel}","templated":true}]}}