{"id":148397,"date":"2026-09-01T23:02:14","date_gmt":"2026-09-02T02:02:14","guid":{"rendered":"https:\/\/noticiasbahia360.com.br\/?p=148397"},"modified":"2026-09-01T23:02:14","modified_gmt":"2026-09-02T02:02:14","slug":"corpo-de-advogado-desaparecido-nao-tinha-marcas-de-agressao-diz-policia-civil","status":"publish","type":"post","link":"https:\/\/noticiasbahia360.com.br\/?p=148397","title":{"rendered":"Corpo de advogado desaparecido n\u00e3o tinha marcas de agress\u00e3o, diz Pol\u00edcia Civil"},"content":{"rendered":"<div>\n<div>\n<figure><img decoding=\"async\" src=\"http:\/\/noticiasbahia360.com.br\/wp-content\/uploads\/2026\/09\/Advogado-Gabriel-da-Silva-Alves-Foto-Reproducao-Redes-Sociais.jpg\" alt=\"Advogado Gabriel da Silva Alves\"><figcaption>Advogado Gabriel da Silva Alves | Foto: Reprodu\u00e7\u00e3o\/ Redes Sociais<\/figcaption><\/figure>\n<\/div>\n<p class=\"wp-block-paragraph\">Como j\u00e1 noticiado pelo Acorda Cidade, o corpo do advogado Gabriel da Silva Alves foi encontrado em uma \u00e1rea de mata na zona rural de Xique-Xique. Segundo informa\u00e7\u00f5es divulgadas pela Pol\u00edcia Civil da cidade durante uma coletiva nesta ter\u00e7a-feira (1\u00ba), n\u00e3o havia marcas de pancadas, fraturas ou vest\u00edgios de ferimentos causados por arma de fogo ou arma branca no corpo. <\/p>\n<p class=\"wp-block-paragraph\">Conforme divulgado pelo g1, o delegado respons\u00e1vel pelo caso, Diego Delmondes, afirmou que ainda n\u00e3o \u00e9 poss\u00edvel informar o que causou a morte do advogado e por isso exames complementares foram solicitados ao Departamento de Pol\u00edcia T\u00e9cnica (DPT).<\/p>\n<p class=\"wp-block-paragraph\"><a href=\"https:\/\/www.acordacidade.com.br\/policia\/policia-prende-duas-pessoas-suspeitas-de-participacao-em-morte-de-advogado-em-xique-xique\/\">Duas pessoas foram presas por suspeita de envolvimento na morte do advogado<\/a>. N\u00e3o h\u00e1 informa\u00e7\u00f5es de quando as pris\u00f5es ocorreram. Isso porque a Pol\u00edcia Civil n\u00e3o quis dar mais detalhes das investiga\u00e7\u00f5es, que ainda est\u00e3o em andamento.<\/p>\n<h2 id=\"h-relembre-o-caso\" class=\"wp-block-heading\">Relembre o caso<\/h2>\n<p class=\"wp-block-paragraph\">Gabriel desapareceu no dia 22 de agosto, quando participou de uma confraterniza\u00e7\u00e3o com amigos em um bar em Xique-Xique. A v\u00edtima estava em um bar com amigos, quando decidiu deixar o local a bordo de sua motocicleta. <a href=\"https:\/\/www.acordacidade.com.br\/policia\/corpo-de-advogado-desaparecido-ha-uma-semana-e-encontrado-em-area-de-mata\/\">O corpo dele foi encontrado no \u00faltimo s\u00e1bado (29).<\/a><\/p>\n<p class=\"wp-block-paragraph\">Durante as investiga\u00e7\u00f5es, <a href=\"https:\/\/www.acordacidade.com.br\/bahia\/de-uma-providencia-familiares-de-advogado-desaparecido-pedem-que-buscas-sejam-intensificadas\/\">a fam\u00edlia de Gabriel<\/a> afirmou que, depois de sair do bar, ele ligou para um amigo, mas a pessoa disse que n\u00e3o conseguiu entender o que ele falava porque a chamada estava com interfer\u00eancias.\u00a0Depois da liga\u00e7\u00e3o, o advogado n\u00e3o entrou mais em contato com ningu\u00e9m.<\/p>\n<p class=\"wp-block-paragraph\">A motocicleta e outros pertences usados por Gabriel foram encontrados em 27 de agosto, cinco dias ap\u00f3s o desaparecimento.<\/p>\n<p class=\"wp-block-paragraph\">O ve\u00edculo estava dentro de um buraco, localizado em uma \u00e1rea de vegeta\u00e7\u00e3o, na zona rural de Xique-Xique. Nas proximidades, tamb\u00e9m foram localizados o \u00f3culos e um par de sand\u00e1lias.<\/p>\n<p class=\"wp-block-paragraph\">O vel\u00f3rio e sepultamento de Gabriel da Silva Alves aconteceram no domingo (30).<\/p>\n<p class=\"wp-block-paragraph\"><strong>Leia tamb\u00e9m: <\/strong><\/p>\n<p class=\"wp-block-paragraph\"><a href=\"https:\/\/www.acordacidade.com.br\/bahia\/de-uma-providencia-familiares-de-advogado-desaparecido-pedem-que-buscas-sejam-intensificadas\/\">Familiares de advogado desaparecido em Xique-Xique pedem que buscas sejam intensificadas<\/a><\/p>\n<p class=\"wp-block-paragraph\"><a href=\"https:\/\/www.acordacidade.com.br\/policia\/corpo-de-advogado-desaparecido-ha-uma-semana-e-encontrado-em-area-de-mata\/\">Corpo de advogado desaparecido h\u00e1 uma semana \u00e9 encontrado em \u00e1rea de mata<\/a><\/p>\n<p class=\"wp-block-paragraph\"><a href=\"https:\/\/www.acordacidade.com.br\/policia\/policia-prende-duas-pessoas-suspeitas-de-participacao-em-morte-de-advogado-em-xique-xique\/\">Pol\u00edcia prende duas pessoas suspeitas de participa\u00e7\u00e3o em morte de advogado em Xique-Xique<\/a><\/p>\n<p class=\"wp-block-paragraph\"><em>Siga o Acorda Cidade no\u00a0<\/em><a href=\"https:\/\/news.google.com\/search?q=acorda%20cidade&amp;hl=pt-BR&amp;gl=BR&amp;ceid=BR%3Apt-419\"><strong><em>Google Not\u00edcias<\/em><\/strong><\/a><em>\u00a0e receba os principais destaques do dia. Participe tamb\u00e9m dos nossos canais no\u00a0<\/em><a href=\"https:\/\/www.whatsapp.com\/channel\/0029Va6Rb4v3WHTNnsh8WI3N\"><strong><em>WhatsApp<\/em><\/strong><\/a><em>\u00a0e\u00a0<\/em><a href=\"https:\/\/www.youtube.com\/@acordacidadenoticias\/videos\"><strong>YouTube<\/strong><\/a><em>\u00a0e do grupo no\u00a0<\/em><a href=\"https:\/\/t.me\/+sSz0khrgARA0ZmRh\"><strong><em>Telegram<\/em><\/strong><\/a><em>.<\/em><a href=\"https:\/\/www.acordacidade.com.br\/colunas\/dilton-e-feito\/\"><\/a><\/p>\n<\/div>\n","protected":false},"excerpt":{"rendered":"<p>Advogado Gabriel da Silva Alves | Foto: Reprodu\u00e7\u00e3o\/ Redes Sociais Como j\u00e1 noticiado pelo Acorda<\/p>\n","protected":false},"author":1,"featured_media":148398,"comment_status":"closed","ping_status":"closed","sticky":false,"template":"","format":"gallery","meta":{"footnotes":""},"categories":[8,9,6,57,56,10],"tags":[],"class_list":["post-148397","post","type-post","status-publish","format-gallery","has-post-thumbnail","hentry","category-bahia","category-brasil","category-feira-de-santana","category-mundo","category-policia","category-politica","post_format-post-format-gallery"],"featured_image_urls":{"full":["https:\/\/noticiasbahia360.com.br\/wp-content\/uploads\/2026\/09\/Advogado-Gabriel-da-Silva-Alves-Foto-Reproducao-Redes-Sociais.jpg",1200,630,false],"thumbnail":["https:\/\/noticiasbahia360.com.br\/wp-content\/uploads\/2026\/09\/Advogado-Gabriel-da-Silva-Alves-Foto-Reproducao-Redes-Sociais-150x150.jpg",150,150,true],"medium":["https:\/\/noticiasbahia360.com.br\/wp-content\/uploads\/2026\/09\/Advogado-Gabriel-da-Silva-Alves-Foto-Reproducao-Redes-Sociais-300x158.jpg",300,158,true],"medium_large":["https:\/\/noticiasbahia360.com.br\/wp-content\/uploads\/2026\/09\/Advogado-Gabriel-da-Silva-Alves-Foto-Reproducao-Redes-Sociais-768x403.jpg",640,336,true],"large":["https:\/\/noticiasbahia360.com.br\/wp-content\/uploads\/2026\/09\/Advogado-Gabriel-da-Silva-Alves-Foto-Reproducao-Redes-Sociais-1024x538.jpg",640,336,true],"1536x1536":["https:\/\/noticiasbahia360.com.br\/wp-content\/uploads\/2026\/09\/Advogado-Gabriel-da-Silva-Alves-Foto-Reproducao-Redes-Sociais.jpg",1200,630,false],"2048x2048":["https:\/\/noticiasbahia360.com.br\/wp-content\/uploads\/2026\/09\/Advogado-Gabriel-da-Silva-Alves-Foto-Reproducao-Redes-Sociais.jpg",1200,630,false],"chromenews-featured":["https:\/\/noticiasbahia360.com.br\/wp-content\/uploads\/2026\/09\/Advogado-Gabriel-da-Silva-Alves-Foto-Reproducao-Redes-Sociais-1024x538.jpg",1024,538,true],"chromenews-large":["https:\/\/noticiasbahia360.com.br\/wp-content\/uploads\/2026\/09\/Advogado-Gabriel-da-Silva-Alves-Foto-Reproducao-Redes-Sociais-825x575.jpg",825,575,true],"chromenews-medium":["https:\/\/noticiasbahia360.com.br\/wp-content\/uploads\/2026\/09\/Advogado-Gabriel-da-Silva-Alves-Foto-Reproducao-Redes-Sociais-590x410.jpg",590,410,true]},"author_info":{"display_name":"noticiasbahia360.com.br","author_link":"https:\/\/noticiasbahia360.com.br\/?author=1"},"category_info":"<a href=\"https:\/\/noticiasbahia360.com.br\/?cat=8\" rel=\"category\">Bahia<\/a> <a href=\"https:\/\/noticiasbahia360.com.br\/?cat=9\" rel=\"category\">Brasil<\/a> <a href=\"https:\/\/noticiasbahia360.com.br\/?cat=6\" rel=\"category\">Feira de Santana<\/a> <a href=\"https:\/\/noticiasbahia360.com.br\/?cat=57\" rel=\"category\">Mundo<\/a> <a href=\"https:\/\/noticiasbahia360.com.br\/?cat=56\" rel=\"category\">Pol\u00edcia<\/a> <a href=\"https:\/\/noticiasbahia360.com.br\/?cat=10\" rel=\"category\">Pol\u00edtica<\/a>","tag_info":"Pol\u00edtica","comment_count":"0","_links":{"self":[{"href":"https:\/\/noticiasbahia360.com.br\/index.php?rest_route=\/wp\/v2\/posts\/148397","targetHints":{"allow":["GET"]}}],"collection":[{"href":"https:\/\/noticiasbahia360.com.br\/index.php?rest_route=\/wp\/v2\/posts"}],"about":[{"href":"https:\/\/noticiasbahia360.com.br\/index.php?rest_route=\/wp\/v2\/types\/post"}],"author":[{"embeddable":true,"href":"https:\/\/noticiasbahia360.com.br\/index.php?rest_route=\/wp\/v2\/users\/1"}],"replies":[{"embeddable":true,"href":"https:\/\/noticiasbahia360.com.br\/index.php?rest_route=%2Fwp%2Fv2%2Fcomments&post=148397"}],"version-history":[{"count":0,"href":"https:\/\/noticiasbahia360.com.br\/index.php?rest_route=\/wp\/v2\/posts\/148397\/revisions"}],"wp:featuredmedia":[{"embeddable":true,"href":"https:\/\/noticiasbahia360.com.br\/index.php?rest_route=\/wp\/v2\/media\/148398"}],"wp:attachment":[{"href":"https:\/\/noticiasbahia360.com.br\/index.php?rest_route=%2Fwp%2Fv2%2Fmedia&parent=148397"}],"wp:term":[{"taxonomy":"category","embeddable":true,"href":"https:\/\/noticiasbahia360.com.br\/index.php?rest_route=%2Fwp%2Fv2%2Fcategories&post=148397"},{"taxonomy":"post_tag","embeddable":true,"href":"https:\/\/noticiasbahia360.com.br\/index.php?rest_route=%2Fwp%2Fv2%2Ftags&post=148397"}],"curies":[{"name":"wp","href":"https:\/\/api.w.org\/{rel}","templated":true}]}}