{"id":148403,"date":"2026-09-01T23:02:18","date_gmt":"2026-09-02T02:02:18","guid":{"rendered":"https:\/\/noticiasbahia360.com.br\/?p=148403"},"modified":"2026-09-01T23:02:18","modified_gmt":"2026-09-02T02:02:18","slug":"senado-aprova-incentivos-tributarios-para-instalacao-de-data-centers-no-brasil","status":"publish","type":"post","link":"https:\/\/noticiasbahia360.com.br\/?p=148403","title":{"rendered":"Senado aprova incentivos tribut\u00e1rios para instala\u00e7\u00e3o de data centers no Brasil"},"content":{"rendered":"<div>\n<div>\n<figure><img decoding=\"async\" src=\"http:\/\/noticiasbahia360.com.br\/wp-content\/uploads\/2026\/09\/Data-centers-Foto-Divulgacao-GOVBR_.jpg\" alt=\"Data centers\"><figcaption>Foto: Divulga\u00e7\u00e3o\/ GOV.BR<\/figcaption><\/figure>\n<\/div>\n<p class=\"wp-block-paragraph\">Ag\u00eancia Brasil \u2014 <strong>O Senado Federal aprovou nesta ter\u00e7a-feira (1\u00ba) o Projeto de Lei (PL) 278\/2026, que institui um regime tribut\u00e1rio para incentivar a instala\u00e7\u00e3o de data centers no pa\u00eds.<\/strong><img decoding=\"async\" src=\"https:\/\/agenciabrasil.ebc.com.br\/ebc.png?id=1701305&amp;o=node\"><img decoding=\"async\" src=\"https:\/\/agenciabrasil.ebc.com.br\/ebc.gif?id=1701305&amp;o=node\"><\/p>\n<p class=\"wp-block-paragraph\">Os data centers s\u00e3o estruturas f\u00edsicas que concentram computadores e servidores que armazenam, processam e distribuem grandes volumes de dados e aplica\u00e7\u00f5es digitais.<\/p>\n<p class=\"wp-block-paragraph\">O texto, que j\u00e1 foi aprovado pela C\u00e2mara dos Deputados, substitui a medida provis\u00f3ria que previa a cria\u00e7\u00e3o do Regime Especial para Servi\u00e7os de Data Center (Redata), que perdeu a validade em fevereiro.<strong>\u00a0Com a tramita\u00e7\u00e3o conclu\u00edda no Congresso Nacional, o texto segue para san\u00e7\u00e3o presidencial.<\/strong>\u00a0\u00a0<\/p>\n<p class=\"wp-block-paragraph\">O PL do Redata, relatado pelo senador Cid Gomes (PDT-CE), prev\u00ea zerar impostos federais para importa\u00e7\u00e3o de componentes eletr\u00f4nicos e de tecnologia da informa\u00e7\u00e3o destinados aos<em>\u00a0<\/em>data centers como forma de incentivar a instala\u00e7\u00e3o desses equipamentos no Brasil.<\/p>\n<blockquote class=\"wp-block-quote is-layout-flow wp-block-quote-is-layout-flow\">\n<p class=\"wp-block-paragraph\">\u201cO Redata \u200cvisa, \u200bfundamentalmente, desonerar a infraestrutura f\u00edsica necess\u00e1ria para o processamento de dados, armazenamento em nuvem e \u200co treinamento e a infer\u00eancia de modelos de intelig\u00eancia artificial\u201d, destacou o relator da proposta, no parecer aprovado nesta ter\u00e7a-feira.<\/p>\n<\/blockquote>\n<p class=\"wp-block-paragraph\"><strong>Como contrapartida, as empresas ter\u00e3o que usar energia de fonte limpa ou renov\u00e1vel<\/strong>, al\u00e9m de apresentar \u00cdndice de Efici\u00eancia H\u00eddrica no uso da \u00e1gua para resfriamento dos equipamentos igual ou inferior a 0,05 litro\/kWh em aferi\u00e7\u00e3o anual.<\/p>\n<p class=\"wp-block-paragraph\">O PL ainda obriga as empresas beneficiadas a realizar investimentos no pa\u00eds equivalentes a 2% do valor dos produtos comprados com o benef\u00edcio fiscal e reservar 10% dos servi\u00e7os dos data centers para o mercado interno.<\/p>\n<p class=\"wp-block-paragraph\"><strong>A estimativa do governo \u00e9 de uma isen\u00e7\u00e3o em torno de R$ 5,2 bilh\u00f5es ainda este ano e de R$ 1 bilh\u00e3o em cada um dos dois anos seguintes<\/strong>, segundo o parecer ao projeto na C\u00e2mara, do deputado Aguinaldo Ribeiro (PP-PB).<\/p>\n<h2 id=\"h-soberania-digital\" class=\"wp-block-heading\">Soberania digital<\/h2>\n<p class=\"wp-block-paragraph\">De acordo com as\u00a0entidades da sociedade civil, cr\u00edticas ao programa, o projeto de lei n\u00e3o foi suficientemente debatido para garantir que possa aumentar a soberania digital do Brasil e reduzir a depend\u00eancia externa de tecnologias da informa\u00e7\u00e3o.<\/p>\n<p class=\"wp-block-paragraph\">\u201cSoberania n\u00e3o se resume a instalar servidores em territ\u00f3rio nacional. Ela envolve capacidades tecnol\u00f3gicas e cient\u00edficas nacionais, seguran\u00e7a e governan\u00e7a de dados, autonomia energ\u00e9tica e prote\u00e7\u00e3o dos recursos naturais\u201d, defendem as entidades na nota.<\/p>\n<p class=\"wp-block-paragraph\">Usados principalmente pelas plataformas digitais para processar sistemas de intelig\u00eancia artificial (IA) e armazenar os dados das \u201cnuvens\u201d das chamadas bigtechs, os data centers s\u00e3o criticados, entre outros motivos, pelo elevado consumo de energia e \u00e1gua.<\/p>\n<p class=\"wp-block-paragraph\"><em>Siga o Acorda Cidade no\u00a0<\/em><a href=\"https:\/\/news.google.com\/search?q=acorda%20cidade&amp;hl=pt-BR&amp;gl=BR&amp;ceid=BR%3Apt-419\"><strong><em>Google Not\u00edcias<\/em><\/strong><\/a><em>\u00a0e receba os principais destaques do dia. Participe tamb\u00e9m dos nossos canais no\u00a0<\/em><a href=\"https:\/\/www.whatsapp.com\/channel\/0029Va6Rb4v3WHTNnsh8WI3N\"><strong><em>WhatsApp<\/em><\/strong><\/a><em>\u00a0e\u00a0<\/em><a href=\"https:\/\/www.youtube.com\/@acordacidadenoticias\/videos\"><strong>YouTube<\/strong><\/a><em>\u00a0e do grupo no\u00a0<\/em><a href=\"https:\/\/t.me\/+sSz0khrgARA0ZmRh\"><strong><em>Telegram<\/em><\/strong><\/a><em>.<\/em><\/p>\n<\/div>\n","protected":false},"excerpt":{"rendered":"<p>Foto: Divulga\u00e7\u00e3o\/ GOV.BR Ag\u00eancia Brasil \u2014 O Senado Federal aprovou nesta ter\u00e7a-feira (1\u00ba) o Projeto<\/p>\n","protected":false},"author":1,"featured_media":148404,"comment_status":"closed","ping_status":"closed","sticky":false,"template":"","format":"gallery","meta":{"footnotes":""},"categories":[8,9,6,57,56,10],"tags":[],"class_list":["post-148403","post","type-post","status-publish","format-gallery","has-post-thumbnail","hentry","category-bahia","category-brasil","category-feira-de-santana","category-mundo","category-policia","category-politica","post_format-post-format-gallery"],"featured_image_urls":{"full":["https:\/\/noticiasbahia360.com.br\/wp-content\/uploads\/2026\/09\/Data-centers-Foto-Divulgacao-GOVBR_.jpg",1200,718,false],"thumbnail":["https:\/\/noticiasbahia360.com.br\/wp-content\/uploads\/2026\/09\/Data-centers-Foto-Divulgacao-GOVBR_-150x150.jpg",150,150,true],"medium":["https:\/\/noticiasbahia360.com.br\/wp-content\/uploads\/2026\/09\/Data-centers-Foto-Divulgacao-GOVBR_-300x180.jpg",300,180,true],"medium_large":["https:\/\/noticiasbahia360.com.br\/wp-content\/uploads\/2026\/09\/Data-centers-Foto-Divulgacao-GOVBR_-768x460.jpg",640,383,true],"large":["https:\/\/noticiasbahia360.com.br\/wp-content\/uploads\/2026\/09\/Data-centers-Foto-Divulgacao-GOVBR_-1024x613.jpg",640,383,true],"1536x1536":["https:\/\/noticiasbahia360.com.br\/wp-content\/uploads\/2026\/09\/Data-centers-Foto-Divulgacao-GOVBR_.jpg",1200,718,false],"2048x2048":["https:\/\/noticiasbahia360.com.br\/wp-content\/uploads\/2026\/09\/Data-centers-Foto-Divulgacao-GOVBR_.jpg",1200,718,false],"chromenews-featured":["https:\/\/noticiasbahia360.com.br\/wp-content\/uploads\/2026\/09\/Data-centers-Foto-Divulgacao-GOVBR_-1024x613.jpg",1024,613,true],"chromenews-large":["https:\/\/noticiasbahia360.com.br\/wp-content\/uploads\/2026\/09\/Data-centers-Foto-Divulgacao-GOVBR_-825x575.jpg",825,575,true],"chromenews-medium":["https:\/\/noticiasbahia360.com.br\/wp-content\/uploads\/2026\/09\/Data-centers-Foto-Divulgacao-GOVBR_-590x410.jpg",590,410,true]},"author_info":{"display_name":"noticiasbahia360.com.br","author_link":"https:\/\/noticiasbahia360.com.br\/?author=1"},"category_info":"<a href=\"https:\/\/noticiasbahia360.com.br\/?cat=8\" rel=\"category\">Bahia<\/a> <a href=\"https:\/\/noticiasbahia360.com.br\/?cat=9\" rel=\"category\">Brasil<\/a> <a href=\"https:\/\/noticiasbahia360.com.br\/?cat=6\" rel=\"category\">Feira de Santana<\/a> <a href=\"https:\/\/noticiasbahia360.com.br\/?cat=57\" rel=\"category\">Mundo<\/a> <a href=\"https:\/\/noticiasbahia360.com.br\/?cat=56\" rel=\"category\">Pol\u00edcia<\/a> <a href=\"https:\/\/noticiasbahia360.com.br\/?cat=10\" rel=\"category\">Pol\u00edtica<\/a>","tag_info":"Pol\u00edtica","comment_count":"0","_links":{"self":[{"href":"https:\/\/noticiasbahia360.com.br\/index.php?rest_route=\/wp\/v2\/posts\/148403","targetHints":{"allow":["GET"]}}],"collection":[{"href":"https:\/\/noticiasbahia360.com.br\/index.php?rest_route=\/wp\/v2\/posts"}],"about":[{"href":"https:\/\/noticiasbahia360.com.br\/index.php?rest_route=\/wp\/v2\/types\/post"}],"author":[{"embeddable":true,"href":"https:\/\/noticiasbahia360.com.br\/index.php?rest_route=\/wp\/v2\/users\/1"}],"replies":[{"embeddable":true,"href":"https:\/\/noticiasbahia360.com.br\/index.php?rest_route=%2Fwp%2Fv2%2Fcomments&post=148403"}],"version-history":[{"count":0,"href":"https:\/\/noticiasbahia360.com.br\/index.php?rest_route=\/wp\/v2\/posts\/148403\/revisions"}],"wp:featuredmedia":[{"embeddable":true,"href":"https:\/\/noticiasbahia360.com.br\/index.php?rest_route=\/wp\/v2\/media\/148404"}],"wp:attachment":[{"href":"https:\/\/noticiasbahia360.com.br\/index.php?rest_route=%2Fwp%2Fv2%2Fmedia&parent=148403"}],"wp:term":[{"taxonomy":"category","embeddable":true,"href":"https:\/\/noticiasbahia360.com.br\/index.php?rest_route=%2Fwp%2Fv2%2Fcategories&post=148403"},{"taxonomy":"post_tag","embeddable":true,"href":"https:\/\/noticiasbahia360.com.br\/index.php?rest_route=%2Fwp%2Fv2%2Ftags&post=148403"}],"curies":[{"name":"wp","href":"https:\/\/api.w.org\/{rel}","templated":true}]}}