{"id":148407,"date":"2026-09-02T00:02:09","date_gmt":"2026-09-02T03:02:09","guid":{"rendered":"https:\/\/noticiasbahia360.com.br\/?p=148407"},"modified":"2026-09-02T00:02:09","modified_gmt":"2026-09-02T03:02:09","slug":"acusado-de-tentativa-de-feminicidio-contra-ex-companheira-e-preso-pela-policia-civil","status":"publish","type":"post","link":"https:\/\/noticiasbahia360.com.br\/?p=148407","title":{"rendered":"Acusado de tentativa de feminic\u00eddio contra ex-companheira \u00e9 preso pela Pol\u00edcia Civil"},"content":{"rendered":"<div>\n<div>\n<figure><img decoding=\"async\" src=\"http:\/\/noticiasbahia360.com.br\/wp-content\/uploads\/2026\/09\/Investigadora-da-Policia-Civil.jpg\" alt=\"Investigadora da Pol\u00edcia Civil\"><figcaption>Foto: Divulga\u00e7\u00e3o\/ Pol\u00edcia Civil<\/figcaption><\/figure>\n<\/div>\n<p class=\"wp-block-paragraph\">Um homem de 30 anos foi preso nesta ter\u00e7a-feira (1\u00ba) por investigadores da Pol\u00edcia Civil, acusado de tentativa de feminic\u00eddio contra sua ex-companheira, de 33 anos. O crime ocorreu no dia 23 de agosto, no povoado de Lagoa das Pedras, zona rural do munic\u00edpio de\u00a0Monte Santo, no norte da Bahia.<\/p>\n<p class=\"wp-block-paragraph\">Segundo as investiga\u00e7\u00f5es, a motiva\u00e7\u00e3o do ataque foi a inconformidade do suspeito com o t\u00e9rmino do relacionamento, que durou dois anos. A v\u00edtima decidiu romper a rela\u00e7\u00e3o ap\u00f3s sofrer epis\u00f3dios reiterados de viol\u00eancia dom\u00e9stica, incluindo amea\u00e7as e agress\u00f5es constantes.<\/p>\n<p class=\"wp-block-paragraph\">Na data do crime, o agressor tentou atingir a mulher com um fac\u00e3o. Durante a luta corporal, a v\u00edtima conseguiu se desvencilhar e correr para se abrigar na casa de vizinhos, mas acabou sendo atingida por um golpe na regi\u00e3o da cabe\u00e7a. Ela recebeu os primeiros socorros e foi encaminhada para atendimento m\u00e9dico no hospital local.<\/p>\n<p class=\"wp-block-paragraph\">O investigado foi localizado no Centro de Monte Santo e apresentou-se espontaneamente na Delegacia Territorial (DT\/Monte Santo) acompanhado por seu advogado. No local, a equipe policial deu cumprimento ao mandado de pris\u00e3o preventiva que vigorava contra ele.<\/p>\n<p class=\"wp-block-paragraph\"><em>Fonte: <a href=\"https:\/\/www.bahianoticias.com.br\/municipios\/noticia\/52361-homem-e-preso-por-tentativa-de-feminicidio-contra-ex-companheira-em-monte-santo\" target=\"_blank\" rel=\"noreferrer noopener\">Bahia Not\u00edcias<\/a>, parceiro do Acorda Cidade<\/em><\/p>\n<p class=\"wp-block-paragraph\"><em>Siga o Acorda Cidade no\u00a0<\/em><a href=\"https:\/\/news.google.com\/search?q=acorda%20cidade&amp;hl=pt-BR&amp;gl=BR&amp;ceid=BR%3Apt-419\"><strong><em>Google Not\u00edcias<\/em><\/strong><\/a><em>\u00a0e receba os principais destaques do dia. Participe tamb\u00e9m dos nossos canais no\u00a0<\/em><a href=\"https:\/\/www.whatsapp.com\/channel\/0029Va6Rb4v3WHTNnsh8WI3N\"><strong><em>WhatsApp<\/em><\/strong><\/a><em>\u00a0e\u00a0<\/em><a href=\"https:\/\/www.youtube.com\/@acordacidadenoticias\/videos\"><strong>YouTube<\/strong><\/a><em>\u00a0e do grupo no\u00a0<\/em><a href=\"https:\/\/t.me\/+sSz0khrgARA0ZmRh\"><strong><em>Telegram<\/em><\/strong><\/a><em>.<\/em><\/p>\n<\/div>\n","protected":false},"excerpt":{"rendered":"<p>Foto: Divulga\u00e7\u00e3o\/ Pol\u00edcia Civil Um homem de 30 anos foi preso nesta ter\u00e7a-feira (1\u00ba) por<\/p>\n","protected":false},"author":1,"featured_media":148408,"comment_status":"closed","ping_status":"closed","sticky":false,"template":"","format":"gallery","meta":{"footnotes":""},"categories":[8,9,6,57,56,10],"tags":[],"class_list":["post-148407","post","type-post","status-publish","format-gallery","has-post-thumbnail","hentry","category-bahia","category-brasil","category-feira-de-santana","category-mundo","category-policia","category-politica","post_format-post-format-gallery"],"featured_image_urls":{"full":["https:\/\/noticiasbahia360.com.br\/wp-content\/uploads\/2026\/09\/Investigadora-da-Policia-Civil.jpg",1200,827,false],"thumbnail":["https:\/\/noticiasbahia360.com.br\/wp-content\/uploads\/2026\/09\/Investigadora-da-Policia-Civil-150x150.jpg",150,150,true],"medium":["https:\/\/noticiasbahia360.com.br\/wp-content\/uploads\/2026\/09\/Investigadora-da-Policia-Civil-300x207.jpg",300,207,true],"medium_large":["https:\/\/noticiasbahia360.com.br\/wp-content\/uploads\/2026\/09\/Investigadora-da-Policia-Civil-768x529.jpg",640,441,true],"large":["https:\/\/noticiasbahia360.com.br\/wp-content\/uploads\/2026\/09\/Investigadora-da-Policia-Civil-1024x706.jpg",640,441,true],"1536x1536":["https:\/\/noticiasbahia360.com.br\/wp-content\/uploads\/2026\/09\/Investigadora-da-Policia-Civil.jpg",1200,827,false],"2048x2048":["https:\/\/noticiasbahia360.com.br\/wp-content\/uploads\/2026\/09\/Investigadora-da-Policia-Civil.jpg",1200,827,false],"chromenews-featured":["https:\/\/noticiasbahia360.com.br\/wp-content\/uploads\/2026\/09\/Investigadora-da-Policia-Civil-1024x706.jpg",1024,706,true],"chromenews-large":["https:\/\/noticiasbahia360.com.br\/wp-content\/uploads\/2026\/09\/Investigadora-da-Policia-Civil-825x575.jpg",825,575,true],"chromenews-medium":["https:\/\/noticiasbahia360.com.br\/wp-content\/uploads\/2026\/09\/Investigadora-da-Policia-Civil-590x410.jpg",590,410,true]},"author_info":{"display_name":"noticiasbahia360.com.br","author_link":"https:\/\/noticiasbahia360.com.br\/?author=1"},"category_info":"<a href=\"https:\/\/noticiasbahia360.com.br\/?cat=8\" rel=\"category\">Bahia<\/a> <a href=\"https:\/\/noticiasbahia360.com.br\/?cat=9\" rel=\"category\">Brasil<\/a> <a href=\"https:\/\/noticiasbahia360.com.br\/?cat=6\" rel=\"category\">Feira de Santana<\/a> <a href=\"https:\/\/noticiasbahia360.com.br\/?cat=57\" rel=\"category\">Mundo<\/a> <a href=\"https:\/\/noticiasbahia360.com.br\/?cat=56\" rel=\"category\">Pol\u00edcia<\/a> <a href=\"https:\/\/noticiasbahia360.com.br\/?cat=10\" rel=\"category\">Pol\u00edtica<\/a>","tag_info":"Pol\u00edtica","comment_count":"0","_links":{"self":[{"href":"https:\/\/noticiasbahia360.com.br\/index.php?rest_route=\/wp\/v2\/posts\/148407","targetHints":{"allow":["GET"]}}],"collection":[{"href":"https:\/\/noticiasbahia360.com.br\/index.php?rest_route=\/wp\/v2\/posts"}],"about":[{"href":"https:\/\/noticiasbahia360.com.br\/index.php?rest_route=\/wp\/v2\/types\/post"}],"author":[{"embeddable":true,"href":"https:\/\/noticiasbahia360.com.br\/index.php?rest_route=\/wp\/v2\/users\/1"}],"replies":[{"embeddable":true,"href":"https:\/\/noticiasbahia360.com.br\/index.php?rest_route=%2Fwp%2Fv2%2Fcomments&post=148407"}],"version-history":[{"count":0,"href":"https:\/\/noticiasbahia360.com.br\/index.php?rest_route=\/wp\/v2\/posts\/148407\/revisions"}],"wp:featuredmedia":[{"embeddable":true,"href":"https:\/\/noticiasbahia360.com.br\/index.php?rest_route=\/wp\/v2\/media\/148408"}],"wp:attachment":[{"href":"https:\/\/noticiasbahia360.com.br\/index.php?rest_route=%2Fwp%2Fv2%2Fmedia&parent=148407"}],"wp:term":[{"taxonomy":"category","embeddable":true,"href":"https:\/\/noticiasbahia360.com.br\/index.php?rest_route=%2Fwp%2Fv2%2Fcategories&post=148407"},{"taxonomy":"post_tag","embeddable":true,"href":"https:\/\/noticiasbahia360.com.br\/index.php?rest_route=%2Fwp%2Fv2%2Ftags&post=148407"}],"curies":[{"name":"wp","href":"https:\/\/api.w.org\/{rel}","templated":true}]}}