{"id":148415,"date":"2026-09-02T06:03:46","date_gmt":"2026-09-02T09:03:46","guid":{"rendered":"https:\/\/noticiasbahia360.com.br\/?p=148415"},"modified":"2026-09-02T06:03:46","modified_gmt":"2026-09-02T09:03:46","slug":"confira-as-vagas-de-estagio-e-empregos-para-feira-de-santana-nesta-quarta-feira-2","status":"publish","type":"post","link":"https:\/\/noticiasbahia360.com.br\/?p=148415","title":{"rendered":"Confira as vagas de est\u00e1gio e empregos para Feira de Santana nesta quarta-feira (2)"},"content":{"rendered":"<div>\n<div>\n<figure><img decoding=\"async\" src=\"http:\/\/noticiasbahia360.com.br\/wp-content\/uploads\/2026\/09\/movimento-do-comercio-rua-centro-de-Feira-de-Santana-foto-Jefferson-Araujo-Acorda-Cidade-.jpg\" alt=\"com\u00e9rcio\"><figcaption>Foto: Jefferson Ara\u00fajo \/ Acorda Cidade <\/figcaption><\/figure>\n<\/div>\n<p class=\"wp-block-paragraph\">\ud83d\udc49\ud83c\udfff <strong>Veja as vagas do <a href=\"https:\/\/www.acordacidade.com.br\/temvagas\/\">TemVagas<\/a> aqui<\/strong>!<\/p>\n<hr class=\"wp-block-separator has-alpha-channel-opacity\">\n<h2 id=\"h-cepreng-engenharia\" class=\"wp-block-heading\">\ud83d\udc77\ud83c\udfffCepreng Engenharia <\/h2>\n<p class=\"wp-block-paragraph\"><strong>Ajudante de Obra<\/strong> \u2013 N\u00e3o \u00e9 Necess\u00e1rio Ter Experi\u00eancia.<br \/><strong>Pedreiro<\/strong> \u2013 Necess\u00e1rio Ter Experi\u00eancia.<\/p>\n<p class=\"wp-block-paragraph\"><strong>Local Da Obra: <\/strong>Residencial Vivendas Villa Norte, Bairro Asa Branca, Feira De Santana \u2013 BA. <strong>Sal\u00e1rio: Compat\u00edvel Com o Mercado.<\/strong><\/p>\n<p class=\"wp-block-paragraph\"><strong>Benef\u00edcios:<\/strong><\/p>\n<ul class=\"wp-block-list\">\n<li>Vale-Transporte;<\/li>\n<li>Restaurante na Empresa (Caf\u00e9 da Manh\u00e3 e Almo\u00e7o);<\/li>\n<li>Cesta B\u00e1sica (Cart\u00e3o);<\/li>\n<li>Plano Odontol\u00f3gico.<\/li>\n<\/ul>\n<p class=\"wp-block-paragraph\"><strong>Envio De Curr\u00edculo Pelo WhatsApp:<\/strong><br \/>(75) 99712-0155 \u2013 Falar Com Sofia.<\/p>\n<p class=\"wp-block-paragraph\"><strong>Entrega De Curr\u00edculo Diretamente Na Obra:<\/strong><br \/>Rua Cacique, N\u00ba 48, Avenida Asa Branca, Feira De Santana \u2013 BA.<\/p>\n<p class=\"wp-block-paragraph\"><strong>Hor\u00e1rio De Atendimento:<\/strong><br \/>Das 7h \u00c0s 11h E Das 13h \u00c0s 16h \/ Procurar Por: Sofia Ou Fabr\u00edcio<\/p>\n<hr class=\"wp-block-separator has-alpha-channel-opacity\">\n<h2 id=\"h-oportunidade-no-economart\" class=\"wp-block-heading\">\ud83d\uded2Oportunidade no Economart! <\/h2>\n<figure class=\"wp-block-image size-large\"><img fetchpriority=\"high\" fetchpriority=\"high\" decoding=\"async\" width=\"1200\" height=\"675\" src=\"http:\/\/noticiasbahia360.com.br\/wp-content\/uploads\/2026\/09\/Pessoas-fazendo-compras-em-supermercado-Foto-Divulgacao-Settdec-edited.jpg\" alt=\"Pessoas fazendo compras em supermercado\" class=\"wp-image-680759\" srcset=\"http:\/\/noticiasbahia360.com.br\/wp-content\/uploads\/2026\/09\/Pessoas-fazendo-compras-em-supermercado-Foto-Divulgacao-Settdec-edited.jpg 1200w, https:\/\/uploads.acordacidade.com.br\/2026\/08\/Pessoas-fazendo-compras-em-supermercado-Foto-Divulgacao-Settdec-edited-750x422.jpg 750w, https:\/\/uploads.acordacidade.com.br\/2026\/08\/Pessoas-fazendo-compras-em-supermercado-Foto-Divulgacao-Settdec-edited-1000x563.jpg 1000w, https:\/\/uploads.acordacidade.com.br\/2026\/08\/Pessoas-fazendo-compras-em-supermercado-Foto-Divulgacao-Settdec-edited-450x253.jpg 450w, https:\/\/uploads.acordacidade.com.br\/2026\/08\/Pessoas-fazendo-compras-em-supermercado-Foto-Divulgacao-Settdec-edited-150x84.jpg 150w\" sizes=\"(max-width: 1200px) 100vw, 1200px\"><figcaption class=\"wp-element-caption\">Foto: Divulga\u00e7\u00e3o\/ Settdec<\/figcaption><\/figure>\n<h3 id=\"h-vagas-disponiveis\" class=\"wp-block-heading\">Vagas dispon\u00edveis<\/h3>\n<p class=\"wp-block-paragraph\">\ud83d\udea8<strong>Observa\u00e7\u00e3o:<\/strong> Todas as vagas s\u00e3o destinadas a Pessoas com defici\u00eancias (PCD), que est\u00e3o em busca do primeiro emprego ou pessoas com 50 anos ou mais. <\/p>\n<ul class=\"wp-block-list\">\n<li><strong>Subgerente de loja<\/strong> <\/li>\n<li><strong>Assistente de DP<\/strong><\/li>\n<li><strong>Supervisor de PDV<\/strong> <\/li>\n<li><strong>Analista de RH<\/strong> <\/li>\n<li><strong>Frente de caixa<\/strong> <\/li>\n<li><strong>Assistente de T.I.<\/strong> <\/li>\n<li><strong>Analista de recebimento de mercadoria<\/strong> <\/li>\n<li><strong>Assistente de manuten\u00e7\u00e3o<\/strong> <\/li>\n<li><strong>Encarregado de hortifr\u00fati<\/strong> <\/li>\n<li><strong>Encarregado de a\u00e7ougue<\/strong><\/li>\n<li><strong>Encarregado de mercearia<\/strong> <\/li>\n<li><strong>Encarregado de padaria<\/strong> <\/li>\n<li><strong>Encarregado de perec\u00edveis<\/strong> <\/li>\n<li><strong>Recebimento de mercadoria<\/strong> <\/li>\n<li><strong>Fiscaliza\u00e7\u00e3o<\/strong> <\/li>\n<li><strong>Auxiliar de limpeza<\/strong> <\/li>\n<li><strong>Locutor<\/strong> <\/li>\n<li><strong>Operador de caixa<\/strong> <\/li>\n<li><strong>Operador de c\u00e2mara fria<\/strong><\/li>\n<li><strong>Operador de empilhadeira<\/strong> <\/li>\n<li><strong>Operador de prensa<\/strong> <\/li>\n<li><strong>A\u00e7ougueiro<\/strong><\/li>\n<li><strong>Padeiro<\/strong> <\/li>\n<li><strong>Conferente<\/strong> <\/li>\n<li><strong>Fiscal de loja e de seguran\u00e7a alimentar<\/strong> <\/li>\n<\/ul>\n<p class=\"wp-block-paragraph\">\ud83d\udcf2Envie seu curr\u00edculo para o e-mail economart@job.recrut.ai ou entre no site <a href=\"https:\/\/economart.jobs.recrut.ai\/\">economart.jobs.recrut.ai<\/a> para ficar por dentro de todas as nossas vagas!<\/p>\n<hr class=\"wp-block-separator has-alpha-channel-opacity\">\n<ul class=\"wp-block-list\">\n<li><strong>Auxiliar de Dep\u00f3sito<\/strong>\u00a0\u2013 Experi\u00eancia comprovada em carteira no m\u00ednimo 1 ano,\u00a0 inform\u00e1tica b\u00e1sica, ensino m\u00e9dico completo, Residir em Feira de Santana.\u00a0 Interessados enviar curr\u00edculo pelo Whatsap: 71 99100-2275.<\/li>\n<\/ul>\n<ul class=\"wp-block-list\">\n<li><strong>Vendedor de Balc\u00e3o<\/strong>\u00a0\u2013 Experi\u00eancia comprovada em carteira no m\u00ednimo 1 ano, Habilidade em trabalhar com metas, inform\u00e1tica b\u00e1sica, ensino m\u00e9dico completo, Residir em Feira de Santana.\u00a0 Interessados enviar curr\u00edculo pelo Whatsap: 71 99100-2275.<\/li>\n<\/ul>\n<ul class=\"wp-block-list\">\n<li><strong>Auxiliar de Dep\u00f3sito<\/strong>\u00a0\u2013\u00a0\u00a0<strong>vagas para PCD:<\/strong>\u00a0\u00a0\u00a0Experi\u00eancia comprovada em carteira no m\u00ednimo 1 ano,\u00a0 inform\u00e1tica b\u00e1sica, ensino m\u00e9dico completo, Residir em Feira de Santana.\u00a0 Interessados enviar curr\u00edculo pelo Whatsap: 71 99100-2275<\/li>\n<\/ul>\n<ul class=\"wp-block-list\">\n<li><strong>Vendedor de Balc\u00e3o<\/strong>\u00a0\u2013\u00a0\u00a0<strong>\u00a0vagas para PCD:<\/strong>\u00a0 \u00a0Experi\u00eancia comprovada em carteira no m\u00ednimo 1 ano, Habilidade em trabalhar com metas, inform\u00e1tica b\u00e1sica, ensino m\u00e9dico completo, Residir em Feira de Santana.\u00a0 Interessados enviar curr\u00edculo pelo Whatsap: 71 99100-2275.<\/li>\n<\/ul>\n<h3 id=\"h-oportunidade-no-cemiterio-sao-jorge\" class=\"wp-block-heading\">Oportunidade no Cemit\u00e9rio S\u00e3o Jorge <\/h3>\n<ul class=\"wp-block-list\">\n<li>01 vaga para sepultador (De segunda a sexta. Um final de semana trabalha e o outro folga)<\/li>\n<li>01 vaga para servi\u00e7os gerais<\/li>\n<\/ul>\n<p class=\"wp-block-paragraph\"><strong>\ud83d\udcf2\ud83d\udc49\ud83c\udfffInteressados entrar em contato pelo (75) 9 9879-4204<\/strong><\/p>\n<hr class=\"wp-block-separator has-alpha-channel-opacity\">\n<h3 id=\"h-atendimento-ao-cliente-e-commerce-feira-de-santana\" class=\"wp-block-heading\">Atendimento ao Cliente (E-commerce) | Feira de Santana<\/h3>\n<p class=\"wp-block-paragraph\">Empresa busca profissionais para atuar no atendimento ao cliente por voz, chat e e-mail, prestando suporte financeiro e t\u00e9cnico a usu\u00e1rios de plataformas de pagamento. A vaga \u00e9 presencial, com possibilidade de home office ap\u00f3s 90 dias, mediante avalia\u00e7\u00e3o de desempenho.<\/p>\n<p class=\"wp-block-paragraph\"><strong>Requisitos:<\/strong><\/p>\n<ul class=\"wp-block-list\">\n<li>Ensino M\u00e9dio completo;<\/li>\n<li>Idade m\u00ednima de 18 anos;<\/li>\n<li>Conhecimentos em inform\u00e1tica (Pacote Office e Google Chrome);<\/li>\n<li>Boa comunica\u00e7\u00e3o e digita\u00e7\u00e3o;<\/li>\n<li>Experi\u00eancia com atendimento ao cliente \u00e9 um diferencial.<\/li>\n<\/ul>\n<p class=\"wp-block-paragraph\"><strong>Sal\u00e1rio e benef\u00edcios:<\/strong><\/p>\n<ul class=\"wp-block-list\">\n<li>Sal\u00e1rio de <strong>R$ 1.621,00<\/strong>;<\/li>\n<li>Remunera\u00e7\u00e3o vari\u00e1vel de at\u00e9 <strong>R$ 280,00<\/strong> por metas;<\/li>\n<li>Vale-transporte, vale-refei\u00e7\u00e3o\/alimenta\u00e7\u00e3o, assist\u00eancia m\u00e9dica e odontol\u00f3gica, seguro de vida, plano de carreira e outros benef\u00edcios.<\/li>\n<\/ul>\n<p class=\"wp-block-paragraph\"><strong>Local de trabalho:<\/strong><br \/>Pra\u00e7a Carlos Bahia, <strong>Feira de Santana (BA)<\/strong>. <\/p>\n<div class=\"wp-block-buttons is-content-justification-center is-layout-flex wp-container-core-buttons-is-layout-fe48e5de wp-block-buttons-is-layout-flex\">\n<div class=\"wp-block-button\"><a class=\"wp-block-button__link wp-element-button\" href=\"https:\/\/atento.gupy.io\/jobs\/11574122\" target=\"_blank\" rel=\"noreferrer noopener\">\ud83d\udc49\ud83c\udfffSe inscreva para essa vaga clicando neste bot\u00e3o<\/a><\/div>\n<\/div>\n<hr class=\"wp-block-separator has-alpha-channel-opacity\">\n<h3 id=\"h-vagas-do-iel\" class=\"wp-block-heading\">Vagas do IEL<\/h3>\n<ul class=\"wp-block-list\">\n<li><strong>Administra\u00e7\u00e3o \/ Gest\u00e3o Comercial<br \/><\/strong>Local: Alto do Cruzeiro<br \/>C\u00f3digo: 26086<br \/>Vaga: 1<br \/>P\u00fablico: Administra\u00e7\u00e3o (1\u00ba ao 5\u00ba semestre) e Gest\u00e3o Comercial (1\u00ba ao 2\u00ba semestre)<br \/>Carga hor\u00e1ria: 30 horas semanais, de segunda a sexta, das 9h \u00e0s 16h (1 hora de intervalo)<br \/>Bolsa: R$ 1.078<br \/>Aux\u00edlio-transporte: R$ 252<br \/>Aux\u00edlio-alimenta\u00e7\u00e3o: R$ 315<br \/>Inscri\u00e7\u00f5es at\u00e9 31 de julho de 2026.<\/li>\n<li><strong>Ci\u00eancias Cont\u00e1beis \/ Centro <br \/><\/strong>C\u00f3digo: 26253<br \/>Vaga: 1<br \/>P\u00fablico: estudantes do 4\u00ba ao 7\u00ba semestre<br \/>Carga hor\u00e1ria: 30 horas semanais, de segunda a sexta, das 9h \u00e0s 12h e das 14h \u00e0s 17h<br \/>Bolsa: R$ 1.000<br \/>Aux\u00edlio-transporte: R$ 200<br \/>Inscri\u00e7\u00f5es at\u00e9 14 de agosto de 2026.<\/li>\n<li><strong>Design Gr\u00e1fico \/ Publicidade e Propaganda<br \/><\/strong>Local: Santa M\u00f4nica II<br \/>C\u00f3digo: 25936<br \/>Vaga: 1<br \/>P\u00fablico: estudantes do 1\u00ba ao 3\u00ba semestre<br \/>Carga hor\u00e1ria: 30 horas semanais, de segunda a sexta, das 10h \u00e0s 12h e das 14h \u00e0s 18h<br \/>Bolsa: R$ 800<br \/>Aux\u00edlio-transporte: R$ 11,80 por dia estagiado<br \/>Inscri\u00e7\u00f5es at\u00e9 28 de agosto de 2026.<\/li>\n<li><strong>Ensino M\u00e9dio<br \/><\/strong>Local: Jardim Cruzeiro<br \/>C\u00f3digo: 25054<br \/>Vaga: 1<br \/>P\u00fablico: estudantes do 1\u00ba ao 3\u00ba ano<br \/>Carga hor\u00e1ria: 25 horas semanais, de segunda a sexta, das 13h \u00e0s 18h<br \/>Bolsa: R$ 710<br \/>Aux\u00edlio-transporte: R$ 100<br \/>Inscri\u00e7\u00f5es at\u00e9 31 de julho de 2026.<\/li>\n<li><strong>Licenciatura em Pedagogia<br \/><\/strong>Local: Cidade Nova<br \/>C\u00f3digo: 24710<br \/>Vaga: 1<br \/>P\u00fablico: estudantes do 1\u00ba ao 6\u00ba semestre<br \/>Carga hor\u00e1ria: 30 horas semanais, de segunda a sexta, das 7h \u00e0s 13h<br \/>Bolsa: R$ 800<br \/>Aux\u00edlio-transporte: R$ 180<br \/>Inscri\u00e7\u00f5es at\u00e9 31 de julho de 2026.<\/li>\n<li><strong>Administra\u00e7\u00e3o (Bacharelado)<br \/><\/strong>Local: Parque Get\u00falio Vargas<br \/>C\u00f3digo: 25412<br \/>Vaga: 1<br \/>P\u00fablico: estudantes do 3\u00ba ao 6\u00ba semestre<br \/>Carga hor\u00e1ria: 30 horas semanais, de segunda a sexta, das 7h \u00e0s 13h<br \/>Bolsa: R$ 700<br \/>Aux\u00edlio-transporte: R$ 200 (Cart\u00e3o Via Feira)<br \/>Inscri\u00e7\u00f5es at\u00e9 31 de agosto de 2026.<\/li>\n<\/ul>\n<p class=\"wp-block-paragraph\"><em><strong>Os interessados devem acessar o site do IEL, realizar o cadastro e se candidatar utilizando o c\u00f3digo da vaga dentro do prazo informado para cada oportunidade.<\/strong><\/em><\/p>\n<div class=\"wp-block-group\">\n<div class=\"wp-block-group__inner-container is-layout-constrained wp-block-group-is-layout-constrained\">\n<hr class=\"wp-block-separator has-alpha-channel-opacity\">\n<p class=\"wp-block-paragraph\"><strong>\ud83d\ude97Mec\u00e2nico geral de autom\u00f3vel com experi\u00eancia.<\/strong><\/p>\n<p class=\"wp-block-paragraph\">\ud83d\udc49\ud83c\udfffInteressando nas vagas ligar ou mandar curr\u00edculo para (75) 9 9277- 0909.<\/p>\n<p class=\"wp-block-paragraph\"><strong>\ud83d\ude97Mec\u00e2nico de autom\u00f3vel com experi\u00eancia em inje\u00e7\u00e3o eletr\u00f4nica e El\u00e9trica<\/strong><\/p>\n<p class=\"wp-block-paragraph\">\ud83d\udc49\ud83c\udfffInteressando nas vagas ligar ou mandar curr\u00edculo para (75) 9 9277- 0909.<\/p>\n<hr class=\"wp-block-separator has-alpha-channel-opacity\">\n<p class=\"wp-block-paragraph\">\ud83d\udcde<strong>Recepcionista de autom\u00f3veis<\/strong><\/p>\n<ul class=\"wp-block-list\">\n<li>Sexo: Masculino<\/li>\n<li>Requisito: Possuir CNH categoria B<\/li>\n<li>Contato: (75) 99277-0909 ou (75) 3623-2155<\/li>\n<\/ul>\n<p class=\"wp-block-paragraph\">\ud83e\udd69<strong>Churrasqueiro<\/strong><\/p>\n<ul class=\"wp-block-list\">\n<li>Sexo: Masculino<\/li>\n<li>Endere\u00e7o: Rua Castro Alves, 1643, Centro<\/li>\n<li>Requisito: Possuir CNH categoria B<\/li>\n<li>Contato: (75) 3223-1495<\/li>\n<\/ul>\n<\/div>\n<\/div>\n<hr class=\"wp-block-separator has-alpha-channel-opacity\">\n<h3 id=\"h-oportunidades\" class=\"wp-block-heading\">+Oportunidades <\/h3>\n<ul class=\"wp-block-list\">\n<li><strong>Conferente de Mercadorias<\/strong> \u2013 Experi\u00eancia comprovada em Carteira no m\u00ednimo 1 ano, inform\u00e1tica b\u00e1sica, ensino m\u00e9dico completo. Residir em Feira de Santana.<\/li>\n<li><strong>Auxiliar de Dep\u00f3sito<\/strong> \u2013 Experi\u00eancia comprovada em Carteira no m\u00ednimo 1 ano, inform\u00e1tica b\u00e1sica, ensino m\u00e9dico completo, Residir em Feira de Santana.<\/li>\n<li><strong>Vendedor de Balc\u00e3o <\/strong>\u2013 Experi\u00eancia comprovada em Carteira no m\u00ednimo 1 ano, Habilidade em trabalhar com metas, inform\u00e1tica b\u00e1sica, ensino m\u00e9dico completo, Residir em Feira de Santana.<\/li>\n<\/ul>\n<p class=\"wp-block-paragraph\">\ud83d\udc49\ud83c\udfff<strong>Interessados enviar curr\u00edculo pelo Whatsap: 71 99100-2275<\/strong><\/p>\n<hr class=\"wp-block-separator has-alpha-channel-opacity\">\n<h2 id=\"h-vagas-do-sinebahia-sac-feira-ii\" class=\"wp-block-heading\">Vagas do SineBahia \u2013 SAC Feira II<\/h2>\n<p class=\"wp-block-paragraph\">O SineBahia est\u00e1 encaminhando candidatos para diversas oportunidades de emprego em Feira de Santana. Os interessados devem realizar agendamento por meio do SAC Digital ou pelos telefones <strong>0800 071 5353<\/strong> e <strong>(71) 4020-5353<\/strong>. <\/p>\n<ul class=\"wp-block-list\">\n<li><strong>ANALISTA DE CONTROLE DE QUALIDADE \u2013 VAGA PCD<br \/><\/strong>Ensino Superior Incompleto \u2013 adm., eco., cont\u00e1beis<br \/>Com experi\u00eancia<br \/>Benef\u00edcios:vale transporte e refei\u00e7\u00e3o, ass.m\u00e9dica e odontol\u00f3gica<br \/>Salario:R$2.500,00<br \/>CNH- B<br \/>01 VAGA<\/li>\n<li><strong>AUXILIAR DE LIMPEZA (ajudante geral) VAGA PCD<br \/><\/strong>Ensino Fundamental Incompleto<br \/>Sem experi\u00eancia<br \/>Benef\u00edcios:vale transporte e cesta b\u00e1sica,seguro de vida e refeit\u00f3rio<br \/>Sal\u00e1rio: R$ 1.707,20<br \/>Cesta b\u00e1sica no valor de R$ 560,00<br \/>Exige esfor\u00e7o f\u00edsico<br \/>01 VAGA<\/li>\n<li><strong>AUXILIAR ADMINISTRATIVO-VAGA PCD<br \/><\/strong>Ensino M\u00e9dio Completo<br \/>Sem experi\u00eancia (Vivencia em rotina administrativa)<br \/>Benef\u00edcios:vale transporte e cesta b\u00e1sica,seguro de vida e refeit\u00f3rio<br \/>Sal\u00e1rio: R$ 1.707,20<br \/>Cesta b\u00e1sica no valor de R$ 560,00<br \/>01 VAGA<\/li>\n<li><strong>MOTORISTA CARRETEIRO<br \/><\/strong>Ensino M\u00e9dio Completo<br \/>Com experi\u00eancia 6 meses na CTPS<br \/>Benef\u00edcios:Vale transporte,refei\u00e7\u00e3o, ass. m\u00e9dica,cesta b\u00e1sica,seguro de vida,adic.periculosidade e demais benef\u00edcios ser\u00e3o informados na entrevista.<br \/>Salario:R$3.148,76<br \/>CNH \u2013 E<br \/>CURSOS: NR20, NR 35, MOPP<br \/>05 VAGAS<\/li>\n<li><strong>T\u00c9CNICO EM MANUTEN\u00c7\u00c3O (GERAL)<br \/><\/strong>Ensino M\u00e9dio Completo<br \/>Com experi\u00eancia 6 meses na CTPS (Manuten\u00e7\u00e3o em pr\u00e9dio e equipamentos)<br \/>Curso de NR10, NR35<br \/>Benef\u00edcios:vale transporte, ass. m\u00e9dica, ass. odontol\u00f3gica,seguro de vida, refeit\u00f3rio da empresa,uniforme, tele medicina, cart\u00e3o para compra na loja e universidade coorporativa<br \/>Sal\u00e1rio: a combinar<br \/>01 VAGA<\/li>\n<li><strong>FISCAL DE PREVEN\u00c7\u00c3O DE PERDAS<br \/><\/strong>Ensino M\u00e9dio Completo<br \/>Sem experi\u00eancia<br \/>Benef\u00edcios:vale transporte, ass. m\u00e9dica, ass. odontol\u00f3gica,seguro de vida, refeit\u00f3rio da empresa,uniforme, tele medicina, cart\u00e3o para compra na loja e universidade coorporativa<br \/>Exige esfor\u00e7o f\u00edsico<br \/>Sal\u00e1rio: a combinar<br \/>02 VAGAS<\/li>\n<li><strong>GERENTE DE SUPERMERCADO<br \/><\/strong>Ensino M\u00e9dio Completo<br \/>Com experi\u00eancia 6 meses na CTPS<br \/>Benef\u00edcios:vale transporte, ass. m\u00e9dica, ass. odontol\u00f3gica,seguro de vida, refeit\u00f3rio da empresa,uniforme, tele medicina, cart\u00e3o para compra na loja e universidade coorporativa<br \/>Sal\u00e1rio: a combinar<br \/>01 VAGA<\/li>\n<li><strong>REPOSITOR DE FRIOS<br \/><\/strong>Ensino M\u00e9dio Completo<br \/>Sem experi\u00eancia<br \/>Benef\u00edcios:vale transporte, ass. m\u00e9dica, ass. odontol\u00f3gica,seguro de vida, refeit\u00f3rio da empresa,uniforme, tele medicina, cart\u00e3o para compra na loja e universidade coorporativa<br \/>Sal\u00e1rio: a combinar<br \/>Exige esfor\u00e7o f\u00edsico<br \/>03 VAGAS<\/li>\n<li><strong>REPOSITOR DE HORTIFRUT<br \/><\/strong>Ensino M\u00e9dio Completo<br \/>Com experi\u00eancia 6 meses na CTPS<br \/>Benef\u00edcios:vale transporte, ass. m\u00e9dica, ass. odontol\u00f3gica,seguro de vida, refeit\u00f3rio da empresa,uniforme, tele medicina, cart\u00e3o para compra na loja e universidade coorporativa<br \/>Sal\u00e1rio: a combinar<br \/>04 VAGAS<\/li>\n<li><strong>AUXILIAR DE LOG\u00cdSTICA<br \/><\/strong>Ensino M\u00e9dio Completo<br \/>Sem experi\u00eancia, por\u00e9m ter vivencia em rotinas de logistica, estoque, separador, conferente, repositor e ou\/almoxarife e afins<br \/>Benef\u00edcios:ass.m\u00e9dica e odontol\u00f3gica, vale refei\u00e7\u00e3o, seguro de vida,adicional noturno. transporte e refeit\u00f3rio na Empresa entre outros<br \/>Exige esfor\u00e7o f\u00edsico<br \/>Salario: R$1.682,00<br \/>08 VAGAS<\/li>\n<li><strong>FIEL DE DEPOSITO<br \/><\/strong>Ensino M\u00e9dio Completo<br \/>Com experi\u00eancia de 03 meses na ctps, contrato ou declara\u00e7\u00e3o<br \/>Benef\u00edcios:vale transporte e vale refei\u00e7\u00e3o<br \/>CNH A\/B<br \/>Desej\u00e1vel: Ter a CNH e o curso de op. de empilhadeira.<br \/>Sal\u00e1rio: a combinar<br \/>Exige esfor\u00e7o f\u00edsico<br \/>01 VAGA<\/li>\n<li><strong>OPERADOR DE CAIXA<br \/><\/strong>Ensino M\u00e9dio Completo<br \/>Sem experi\u00eancia<br \/>Benef\u00edcios:vale transporte, ass. m\u00e9dica, ass. odontol\u00f3gica,seguro de vida, refeit\u00f3rio da empresa,uniforme, tele medicina, cart\u00e3o para compra na loja e universidade coorporativa<br \/>Sal\u00e1rio: a combinar<br \/>02 VAGAS<\/li>\n<li><strong>FISCAL DE CAIXA<br \/><\/strong>Ensino M\u00e9dio Completo<br \/>Com experi\u00eancia 6 meses na CTPS<br \/>Benef\u00edcios:vale transporte, ass. m\u00e9dica, ass. odontol\u00f3gica,seguro de vida, refeit\u00f3rio da empresa,uniforme, tele medicina, cart\u00e3o para compra na loja e universidade coorporativa<br \/>Sal\u00e1rio: a combinar<br \/>01 VAGA<\/li>\n<li><strong>GERENTE DISTRITAL DE VENDAS (PORTA A PORTA)<br \/><\/strong>Ensino M\u00e9dio Completo<br \/>Com experi\u00eancia 6 meses na CTPS \/CONTRATO OU DECLARA\u00c7\u00c3O<br \/>CNH B<br \/>Salario: R$1.814,67<br \/>Benef\u00edcios: vale refei\u00e7\u00e3o, vale transporte, ass.m\u00e9dica, ass. odontol\u00f3gica , seguro de vida e uniforme<br \/>01 VAGA<\/li>\n<li><strong>AUXILIAR DE LINHA DE PRODU\u00c7\u00c3O \u2013 VAGA PARA DISTRITO DE S\u00c3O JOS\u00c9<br \/><\/strong>Ensino Fundamental Incompleto<br \/>Sem experi\u00eancia<br \/>Benef\u00edcios:a combinar<br \/>Salario:R$2.500,00<br \/>05 VAGAS<\/li>\n<li><strong>PEDREIRO<br \/><\/strong>Ensino Fundamental Incompleto<br \/>Com experi\u00eancia de 06 meses na CTPS, contrato ou declara\u00e7\u00e3o<br \/>Benef\u00edcios:refeit\u00f3rio na empresa e uniforme<br \/>Sal\u00e1rio:a combinar<br \/>Imprescind\u00edvel:Experi\u00eancia em reboco, contrapiso.mestramento, nivelamento, acabamento e corre\u00e7\u00f5es de superf\u00edcies.<br \/>06 VAGAS<\/li>\n<li><strong>GESSEIRO<br \/><\/strong>Ensino Fundamental Incompleto<br \/>Com experi\u00eancia de 06 meses na CTPS, contrato ou declara\u00e7\u00e3o<br \/>Benef\u00edcios:refeit\u00f3rio na empresa e uniforme<br \/>Sal\u00e1rio:a combinar<br \/>Imprescind\u00edvel:Experi\u00eancia em reboco de gesso,emassamento,nivelamento,acabamento e corre\u00e7\u00f5es de superf\u00edcies.<br \/>05 VAGAS<\/li>\n<li><strong>VENDEDOR \u2013 VAGA PARA SERRINHA<br \/><\/strong>Ensino M\u00e9dio Completo<br \/>Com experi\u00eancia 06 meses na CTPS<br \/>Benef\u00edcios: Ass. m\u00e9dica, adic periculosidade, Uniforme, vale alimenta\u00e7\u00e3o<br \/>Salario:a combinar, comiss\u00e3o<br \/>01 VAGA<\/li>\n<li><strong>SUSHIMAN<br \/><\/strong>Ensino M\u00e9dio Completo<br \/>Com experi\u00eancia 06 meses na CTPS<br \/>Salario:a combinar<br \/>01 VAGA<\/li>\n<li><strong>AUXILIAR DE ARMAZENAMENTO<br \/><\/strong>Ensino M\u00e9dio Completo<br \/>Sem experi\u00eancia<br \/>Benef\u00edcios:vale transporte, ass. m\u00e9dica, ass. odontol\u00f3gica,seguro de vida, refeit\u00f3rio da empresa,uniforme, tele medicina, cart\u00e3o para compra na loja e universidade coorporativa<br \/>Sal\u00e1rio: a combinar<br \/>Exige esfor\u00e7o f\u00edsico<br \/>01 VAGA<\/li>\n<\/ul>\n<h2 id=\"h-casa-do-trabalhador\" class=\"wp-block-heading\">Casa do Trabalhador:<\/h2>\n<p class=\"wp-block-paragraph\">Os interessados devem comparecer \u00e0 Casa do Trabalhador, localizada na Rua Desembargador Felinto Bastos, 527-A, antiga Rua de Aurora, no centro de Feira de Santana. \u00c9 importante apresentar documentos pessoais, carteira de trabalho, curr\u00edculo atualizado e comprovantes de escolaridade e experi\u00eancia profissional, quando exigidos para a fun\u00e7\u00e3o.<\/p>\n<ul class=\"wp-block-list\">\n<li><strong>AJUDANTE DE MOTORISTA \u2013 15 VAGAS<\/strong> (Distribuidora) \u2014 Experi\u00eancia comprovada de 6 meses. CNH D ser\u00e1 um diferencial, mas n\u00e3o \u00e9 obrigat\u00f3ria.<\/li>\n<li><strong>AJUDANTE DE PINTOR \u2013 2 VAGAS<\/strong> (Ind\u00fastria) \u2014 Ensino Fundamental completo e experi\u00eancia.<\/li>\n<li><strong>ALMOXARIFE \u2013 3 VAGAS<\/strong> (Ind\u00fastria) \u2014 Experi\u00eancia comprovada de 6 meses. Sal\u00e1rio de R$ 2.627,00 + benef\u00edcios. Curso NR11 e CNH B.<\/li>\n<li><strong>ASSISTENTE DE RH \u2013 1 VAGA<\/strong> (Servi\u00e7o) \u2014 Ensino Superior ou T\u00e9cnico comprovado e experi\u00eancia comprovada de 6 meses. Sal\u00e1rio de R$ 2.500,00 + benef\u00edcio.<\/li>\n<li><strong>ATENDENTE DE BALC\u00c3O \u2013 2 VAGAS<\/strong> (Com\u00e9rcio) \u2014 Experi\u00eancia comprovada de 6 meses. Sal\u00e1rio de R$ 1.621,00 + benef\u00edcio. Empregabilidade da mulher.<\/li>\n<li><strong>AUXILIAR DE CHURRASQUEIRO \u2013 1 VAGA<\/strong> (Restaurante) \u2014 Ensino Fundamental completo e experi\u00eancia.<\/li>\n<li><strong>AUXILIAR DE COZINHA \u2013 2 VAGAS<\/strong> (Ind\u00fastria) \u2014 Ensino M\u00e9dio incompleto e experi\u00eancia comprovada de 6 meses. Sal\u00e1rio de R$ 1.723,00 + benef\u00edcio. Realizar atividade que exige esfor\u00e7o f\u00edsico.<\/li>\n<li><strong>AUXILIAR DE ESTOQUE \u2013 2 VAGAS<\/strong> (Supermercado \u2013 Centro de Distribui\u00e7\u00e3o) \u2014 Experi\u00eancia comprovada de 6 meses.<\/li>\n<li><strong>AUXILIAR DE LIMPEZA \u2013 4 VAGAS<\/strong> (PCD \u2013 Com\u00e9rcio) \u2014 Ensino M\u00e9dio completo.<\/li>\n<li><strong>AUXILIAR DE LIMPEZA \u2013 9 VAGAS<\/strong> (Servi\u00e7o) \u2014 Ensino Fundamental completo e experi\u00eancia comprovada de 6 meses. Realizar atividade que exige esfor\u00e7o f\u00edsico.<\/li>\n<li><strong>AUXILIAR DE LIMPEZA \u2013 5 VAGAS<\/strong> (Ind\u00fastria) \u2014 Ensino Fundamental completo e experi\u00eancia comprovada de 6 meses. Sal\u00e1rio de R$ 1.719,00 + benef\u00edcio. Realizar atividade que exige esfor\u00e7o f\u00edsico.<\/li>\n<li><strong>AUXILIAR DE LOG\u00cdSTICA \u2013 40 VAGAS<\/strong> (Transportadora) \u2014 Experi\u00eancia comprovada de 6 meses. Experi\u00eancia com estoque, confer\u00eancia e separa\u00e7\u00e3o de mercadoria. Sal\u00e1rio de R$ 1.682,00 + benef\u00edcios. Realizar atividade que exige esfor\u00e7o f\u00edsico.<\/li>\n<li><strong>AUXILIAR DE PIZZAIOLO \u2013 2 VAGAS<\/strong> (Restaurante) \u2014 Ensino Fundamental completo, experi\u00eancia e disponibilidade de hor\u00e1rio. Realizar atividade que exige esfor\u00e7o f\u00edsico.<\/li>\n<li><strong>BAB\u00c1 \u2013 1 VAGA<\/strong> (Servi\u00e7o) \u2014 Ensino Fundamental completo e experi\u00eancia comprovada de 6 meses. Empregabilidade da mulher.<\/li>\n<li><strong>CHURRASQUEIRO \u2013 4 VAGAS<\/strong> (Restaurante) \u2014 Ensino Fundamental completo e experi\u00eancia.<\/li>\n<li><strong>CHURRASQUEIRO \u2013 2 VAGAS<\/strong> (Restaurante) \u2014 Ensino Fundamental completo, experi\u00eancia e disponibilidade de hor\u00e1rio.<\/li>\n<li><strong>CONFERENTE \u2013 4 VAGAS<\/strong> (Com\u00e9rcio) \u2014 Experi\u00eancia comprovada de 6 meses. Realizar atividade que exige esfor\u00e7o f\u00edsico.<\/li>\n<li><strong>CONFERENTE DE FATURAS EM NOTAS FISCAIS \u2013 4 VAGAS<\/strong> (Distribuidora) \u2014 Experi\u00eancia comprovada de 6 meses. Realizar atividade que exige esfor\u00e7o f\u00edsico.<\/li>\n<li><strong>COSTUREIRO \u00c0 M\u00c1QUINA \u2013 15 VAGAS<\/strong> (Ind\u00fastria) \u2014 Ensino Fundamental completo. Experi\u00eancia em costura de bags. Residir em Riach\u00e3o do Jacu\u00edpe. Sal\u00e1rio de R$ 1.674,00 + benef\u00edcio.<\/li>\n<li><strong>COZINHEIRO GERAL \u2013 8 VAGAS<\/strong> (Restaurante) \u2014 Ensino M\u00e9dio incompleto e experi\u00eancia comprovada de 6 meses. Empregabilidade da mulher.<\/li>\n<li><strong>EMPREGADA DOM\u00c9STICA \u2013 2 VAGAS<\/strong> (Servi\u00e7o) \u2014 Ensino Fundamental completo e experi\u00eancia comprovada de 6 meses.<\/li>\n<li><strong>ESTOQUISTA \u2013 7 VAGAS<\/strong> (Supermercado) \u2014 Experi\u00eancia comprovada de 6 meses. Realizar atividade que exige esfor\u00e7o f\u00edsico.<\/li>\n<li><strong>FIEL DE DEP\u00d3SITO \u2013 3 VAGAS<\/strong> (Supermercado) \u2014 Experi\u00eancia comprovada de 6 meses. Realizar atividade que exige esfor\u00e7o f\u00edsico.<\/li>\n<li><strong>FISCAL DE CAIXA \u2013 6 VAGAS<\/strong> (Supermercado) \u2014 Experi\u00eancia comprovada de 6 meses. Sal\u00e1rio de R$ 1.770,00 + benef\u00edcio.<\/li>\n<li><strong>GERENTE DE LOJA \u2013 1 VAGA<\/strong> (Supermercado) \u2014 Experi\u00eancia comprovada.<\/li>\n<li><strong>GERENTE DE PREVEN\u00c7\u00c3O \u2013 1 VAGA<\/strong> (Supermercado) \u2014 Experi\u00eancia comprovada de 6 meses.<\/li>\n<li><strong>JARDINEIRO \u2013 10 VAGAS<\/strong> (Servi\u00e7o) \u2014 Ensino Fundamental completo e experi\u00eancia.<\/li>\n<li><strong>MEC\u00c2NICO DE MOTOCICLETA \u2013 3 VAGAS<\/strong> (Servi\u00e7o) \u2014 Ensino Fundamental completo e experi\u00eancia comprovada de 6 meses.<\/li>\n<li><strong>MONITOR DE PARQUE INFANTIL \u2013 1 VAGA<\/strong> (Servi\u00e7o) \u2014 Pode ser primeiro emprego. Prefer\u00eancia por morar no bairro Papagaio.<\/li>\n<li><strong>MONTADOR DE ESQUADRIAS DE MADEIRA \u2013 4 VAGAS<\/strong> (Servi\u00e7o) \u2014 Ensino Fundamental completo e experi\u00eancia comprovada de 6 meses. Trabalhar em Concei\u00e7\u00e3o do Jacu\u00edpe. Realizar atividade que exige esfor\u00e7o f\u00edsico.<\/li>\n<li><strong>MONTADOR DE IMPLEMENTOS RODOVI\u00c1RIOS \u2013 4 VAGAS<\/strong> (Ind\u00fastria) \u2014 Ensino Fundamental completo e experi\u00eancia.<\/li>\n<li><strong>MOTORISTA DE CAMINH\u00c3O \u2013 40 VAGAS<\/strong> (Servi\u00e7o) \u2014 Ensino M\u00e9dio incompleto e experi\u00eancia comprovada de 6 meses. CNH D. Disponibilidade para realizar viagem.<\/li>\n<li><strong>OPERADOR DE CAIXA \u2013 7 VAGAS<\/strong> (Servi\u00e7o) \u2014 Experi\u00eancia comprovada de 6 meses.<\/li>\n<li><strong>OPERADOR DE EMPILHADEIRA \u2013 2 VAGAS<\/strong> (Com\u00e9rcio) \u2014 Possuir curso e CNH B. Experi\u00eancia comprovada de 6 meses.<\/li>\n<li><strong>PEDREIRO \u2013 63 VAGAS<\/strong> (Construtora) \u2014 Ensino Fundamental completo e experi\u00eancia comprovada de 6 meses.<\/li>\n<li><strong>PINTOR AUTOMOTIVO \u2013 3 VAGAS<\/strong> (Ind\u00fastria) \u2014 Ensino Fundamental completo e experi\u00eancia.<\/li>\n<li><strong>PINTOR INDUSTRIAL \u2013 2 VAGAS<\/strong> (Servi\u00e7o) \u2014 Ensino Fundamental completo e experi\u00eancia comprovada de 6 meses. Sal\u00e1rio de R$ 2.269,00 + benef\u00edcio.<\/li>\n<li><strong>REPOSITOR DE MERCADORIA \u2013 5 VAGAS<\/strong> (Supermercado) \u2014 Experi\u00eancia comprovada de 6 meses e experi\u00eancia em hortifruti. Realizar atividade que exige esfor\u00e7o f\u00edsico.<\/li>\n<li><strong>REPOSITOR DE MERCADORIA \u2013 4 VAGAS<\/strong> (Supermercado) \u2014 Ensino Fundamental completo e experi\u00eancia comprovada de 6 meses. Sal\u00e1rio de R$ 1.740,00 + benef\u00edcio. Realizar atividade que exige esfor\u00e7o f\u00edsico.<\/li>\n<li><strong>REPOSITOR DE MERCADORIA \u2013 6 VAGAS<\/strong> (Com\u00e9rcio) \u2014 Experi\u00eancia comprovada de 6 meses. Sal\u00e1rio de R$ 1.770,00 + benef\u00edcio. Realizar atividade que exige esfor\u00e7o f\u00edsico.<\/li>\n<li><strong>SERRALHEIRO \u2013 5 VAGAS<\/strong> (Metal\u00fargica) \u2014 Ensino Fundamental completo e experi\u00eancia comprovada de 6 meses.<\/li>\n<li><strong>SOLDADOR \u2013 4 VAGAS<\/strong> (Ind\u00fastria) \u2014 Ensino Fundamental completo. Experi\u00eancia com implementos rodovi\u00e1rios.<\/li>\n<li><strong>SUSHIMAN \u2013 2 VAGAS<\/strong> (Restaurante) \u2014 Experi\u00eancia comprovada de 6 meses e disponibilidade de hor\u00e1rio. Sal\u00e1rio de R$ 2.200,00 + benef\u00edcio.<\/li>\n<li><strong>T\u00c9CNICO DE MANUTEN\u00c7\u00c3O EL\u00c9TRICA \u2013 2 VAGAS<\/strong> (Supermercado) \u2014 Experi\u00eancia comprovada de 6 meses. Curso NR10 e NR35.<\/li>\n<li><strong>T\u00c9CNICO EM SEGURAN\u00c7A DO TRABALHO \u2013 2 VAGAS<\/strong> (Construtora) \u2014 Experi\u00eancia comprovada de 6 meses.<\/li>\n<\/ul>\n<p class=\"wp-block-paragraph\">Mais informa\u00e7\u00f5es podem ser obtidas pelos telefones (75) 3614-2550 e 3614-2551 ou pelo e-mail casadotrabalhador@pmfs.ba.gov.br. <\/p>\n<h2 id=\"h-mais-vagas\" class=\"wp-block-heading\">Mais vagas<\/h2>\n<p class=\"wp-block-paragraph\">\ud83d\udc49\ud83c\udfff <strong>Veja as vagas do <a href=\"https:\/\/www.acordacidade.com.br\/empregos\/\">TemVagas aqui<\/a><\/strong><\/p>\n<p class=\"wp-block-paragraph\"><em>Siga o Acorda Cidade no <\/em><a href=\"https:\/\/news.google.com\/search?q=acorda%20cidade&amp;hl=pt-BR&amp;gl=BR&amp;ceid=BR%3Apt-419\"><strong><em>Google Not\u00edcias<\/em><\/strong><\/a><em> e receba os principais destaques do dia. Participe tamb\u00e9m dos nossos canais no <\/em><a href=\"https:\/\/whatsapp.com\/channel\/0029Va6Rb4v3WHTNnsh8WI3N\"><strong><em>WhatsApp<\/em><\/strong><\/a><em> e <\/em><a href=\"https:\/\/www.youtube.com\/@acordacidadenoticias\/videos\"><strong>YouTube<\/strong><\/a><em> e do grupo no <\/em><a href=\"https:\/\/t.me\/+sSz0khrgARA0ZmRh\"><strong><em>Telegram<\/em><\/strong><\/a><em>.<\/em><\/p>\n<\/div>\n","protected":false},"excerpt":{"rendered":"<p>Foto: Jefferson Ara\u00fajo \/ Acorda Cidade \ud83d\udc49\ud83c\udfff Veja as vagas do TemVagas aqui! \ud83d\udc77\ud83c\udfffCepreng Engenharia<\/p>\n","protected":false},"author":1,"featured_media":148416,"comment_status":"closed","ping_status":"closed","sticky":false,"template":"","format":"gallery","meta":{"footnotes":""},"categories":[8,9,6,57,56,10],"tags":[],"class_list":["post-148415","post","type-post","status-publish","format-gallery","has-post-thumbnail","hentry","category-bahia","category-brasil","category-feira-de-santana","category-mundo","category-policia","category-politica","post_format-post-format-gallery"],"featured_image_urls":{"full":["https:\/\/noticiasbahia360.com.br\/wp-content\/uploads\/2026\/09\/movimento-do-comercio-rua-centro-de-Feira-de-Santana-foto-Jefferson-Araujo-Acorda-Cidade-.jpg",1200,800,false],"thumbnail":["https:\/\/noticiasbahia360.com.br\/wp-content\/uploads\/2026\/09\/movimento-do-comercio-rua-centro-de-Feira-de-Santana-foto-Jefferson-Araujo-Acorda-Cidade--150x150.jpg",150,150,true],"medium":["https:\/\/noticiasbahia360.com.br\/wp-content\/uploads\/2026\/09\/movimento-do-comercio-rua-centro-de-Feira-de-Santana-foto-Jefferson-Araujo-Acorda-Cidade--300x200.jpg",300,200,true],"medium_large":["https:\/\/noticiasbahia360.com.br\/wp-content\/uploads\/2026\/09\/movimento-do-comercio-rua-centro-de-Feira-de-Santana-foto-Jefferson-Araujo-Acorda-Cidade--768x512.jpg",640,427,true],"large":["https:\/\/noticiasbahia360.com.br\/wp-content\/uploads\/2026\/09\/movimento-do-comercio-rua-centro-de-Feira-de-Santana-foto-Jefferson-Araujo-Acorda-Cidade--1024x683.jpg",640,427,true],"1536x1536":["https:\/\/noticiasbahia360.com.br\/wp-content\/uploads\/2026\/09\/movimento-do-comercio-rua-centro-de-Feira-de-Santana-foto-Jefferson-Araujo-Acorda-Cidade-.jpg",1200,800,false],"2048x2048":["https:\/\/noticiasbahia360.com.br\/wp-content\/uploads\/2026\/09\/movimento-do-comercio-rua-centro-de-Feira-de-Santana-foto-Jefferson-Araujo-Acorda-Cidade-.jpg",1200,800,false],"chromenews-featured":["https:\/\/noticiasbahia360.com.br\/wp-content\/uploads\/2026\/09\/movimento-do-comercio-rua-centro-de-Feira-de-Santana-foto-Jefferson-Araujo-Acorda-Cidade--1024x683.jpg",1024,683,true],"chromenews-large":["https:\/\/noticiasbahia360.com.br\/wp-content\/uploads\/2026\/09\/movimento-do-comercio-rua-centro-de-Feira-de-Santana-foto-Jefferson-Araujo-Acorda-Cidade--825x575.jpg",825,575,true],"chromenews-medium":["https:\/\/noticiasbahia360.com.br\/wp-content\/uploads\/2026\/09\/movimento-do-comercio-rua-centro-de-Feira-de-Santana-foto-Jefferson-Araujo-Acorda-Cidade--590x410.jpg",590,410,true]},"author_info":{"display_name":"noticiasbahia360.com.br","author_link":"https:\/\/noticiasbahia360.com.br\/?author=1"},"category_info":"<a href=\"https:\/\/noticiasbahia360.com.br\/?cat=8\" rel=\"category\">Bahia<\/a> <a href=\"https:\/\/noticiasbahia360.com.br\/?cat=9\" rel=\"category\">Brasil<\/a> <a href=\"https:\/\/noticiasbahia360.com.br\/?cat=6\" rel=\"category\">Feira de Santana<\/a> <a href=\"https:\/\/noticiasbahia360.com.br\/?cat=57\" rel=\"category\">Mundo<\/a> <a href=\"https:\/\/noticiasbahia360.com.br\/?cat=56\" rel=\"category\">Pol\u00edcia<\/a> <a href=\"https:\/\/noticiasbahia360.com.br\/?cat=10\" rel=\"category\">Pol\u00edtica<\/a>","tag_info":"Pol\u00edtica","comment_count":"0","_links":{"self":[{"href":"https:\/\/noticiasbahia360.com.br\/index.php?rest_route=\/wp\/v2\/posts\/148415","targetHints":{"allow":["GET"]}}],"collection":[{"href":"https:\/\/noticiasbahia360.com.br\/index.php?rest_route=\/wp\/v2\/posts"}],"about":[{"href":"https:\/\/noticiasbahia360.com.br\/index.php?rest_route=\/wp\/v2\/types\/post"}],"author":[{"embeddable":true,"href":"https:\/\/noticiasbahia360.com.br\/index.php?rest_route=\/wp\/v2\/users\/1"}],"replies":[{"embeddable":true,"href":"https:\/\/noticiasbahia360.com.br\/index.php?rest_route=%2Fwp%2Fv2%2Fcomments&post=148415"}],"version-history":[{"count":0,"href":"https:\/\/noticiasbahia360.com.br\/index.php?rest_route=\/wp\/v2\/posts\/148415\/revisions"}],"wp:featuredmedia":[{"embeddable":true,"href":"https:\/\/noticiasbahia360.com.br\/index.php?rest_route=\/wp\/v2\/media\/148416"}],"wp:attachment":[{"href":"https:\/\/noticiasbahia360.com.br\/index.php?rest_route=%2Fwp%2Fv2%2Fmedia&parent=148415"}],"wp:term":[{"taxonomy":"category","embeddable":true,"href":"https:\/\/noticiasbahia360.com.br\/index.php?rest_route=%2Fwp%2Fv2%2Fcategories&post=148415"},{"taxonomy":"post_tag","embeddable":true,"href":"https:\/\/noticiasbahia360.com.br\/index.php?rest_route=%2Fwp%2Fv2%2Ftags&post=148415"}],"curies":[{"name":"wp","href":"https:\/\/api.w.org\/{rel}","templated":true}]}}