{"id":148418,"date":"2026-09-02T07:03:32","date_gmt":"2026-09-02T10:03:32","guid":{"rendered":"https:\/\/noticiasbahia360.com.br\/?p=148418"},"modified":"2026-09-02T07:03:32","modified_gmt":"2026-09-02T10:03:32","slug":"senado-aprova-indicacao-de-rodrigo-pacheco-para-vaga-de-bruno-dantas-no-tcu","status":"publish","type":"post","link":"https:\/\/noticiasbahia360.com.br\/?p=148418","title":{"rendered":"Senado aprova indica\u00e7\u00e3o de Rodrigo Pacheco para vaga de Bruno Dantas no TCU"},"content":{"rendered":"<div>\n<div>\n<figure><img decoding=\"async\" src=\"http:\/\/noticiasbahia360.com.br\/wp-content\/uploads\/2026\/09\/rodrigo-pacheco.jpg\" alt=\"\"><figcaption>Foto: Marcelo Camargo\/ Ag\u00eancia Brasil <\/figcaption><\/figure>\n<\/div>\n<p class=\"wp-block-paragraph\">Ag\u00eancia Brasil \u2013 <strong>O plen\u00e1rio do Senado Federal aprovou na ter\u00e7a-feira (1\u00ba) a indica\u00e7\u00e3o do senador Rodrigo Pacheco (PSB-MG) para o cargo de ministro do Tribunal de Contas da Uni\u00e3o (TCU).\u00a0<\/strong><img decoding=\"async\" src=\"https:\/\/agenciabrasil.ebc.com.br\/ebc.png?id=1701304&amp;o=node\"><img decoding=\"async\" src=\"https:\/\/agenciabrasil.ebc.com.br\/ebc.gif?id=1701304&amp;o=node\"><\/p>\n<p class=\"wp-block-paragraph\">Foram 63 votos a favor e quatro contr\u00e1rios \u00e0 indica\u00e7\u00e3o, que segue agora para an\u00e1lise da C\u00e2mara dos Deputados.<\/p>\n<p class=\"wp-block-paragraph\"><strong>Pacheco foi indicado para substituir Bruno Dantas, que renunciou ao cargo nesta semana.<\/strong><\/p>\n<p class=\"wp-block-paragraph\">O projeto de decreto legislativo que indica o nome de Pacheco ao cargo (PDL 995\/2026) foi apresentado pelo presidente do Senado, Davi Alcolumbre (Uni\u00e3o-AP), com apoio de outros 20 senadores e senadoras da base governista e da oposi\u00e7\u00e3o.<\/p>\n<p class=\"wp-block-paragraph\">\u201cEu sei o que representa um tribunal de contas em um pa\u00eds onde a qualidade do recurso p\u00fablico \u00e9 exigida para poder cumprir as pol\u00edticas p\u00fablicas que a popula\u00e7\u00e3o tanto anseia e nunca foi t\u00e3o importante para o pa\u00eds como agora\u201d, afirmou Pacheco ao celebrar a aprova\u00e7\u00e3o na tribuna do plen\u00e1rio.<\/p>\n<p class=\"wp-block-paragraph\">Pacheco foi deputado federal, de 2015 a 2018, e presidiu o Senado por duas vezes, nos bi\u00eanios de 2021-2022 e 2023-2024.<\/p>\n<p class=\"wp-block-paragraph\">Nascido em 1976 e natural de Porto Velho, \u00e9 bacharel em direito pela Pontif\u00edcia Universidade Cat\u00f3lica de Minas Gerais (PUC-MG) e especialista em direito penal econ\u00f4mico internacional. Advogado criminalista, tamb\u00e9m foi conselheiro da Ordem dos Advogados do Brasil (OAB).<\/p>\n<p class=\"wp-block-paragraph\">Foi Pacheco quem presidiu o Senado durante a Comiss\u00e3o Parlamentar de Inqu\u00e9rito (CPI) da covid-19, durante a segunda e mais letal onda da pandemia, que incluiu crise de oxig\u00eanio em Manaus e a acelera\u00e7\u00e3o da vacina\u00e7\u00e3o.<\/p>\n<p class=\"wp-block-paragraph\">\u201cRodrigo Pacheco certamente ir\u00e1 abrilhantar o Tribunal de Contas da Uni\u00e3o, como o fez na condu\u00e7\u00e3o serena, s\u00e1bia e competente desta Casa. Al\u00e9m da inquestion\u00e1vel compet\u00eancia e conhecimentos de todos conhecidos, a gest\u00e3o do presidente Pacheco na presid\u00eancia do Senado Federal se deu em um momento de sobressaltos da vida brasileira, em meio a uma pandemia devastadora e bravatas autorit\u00e1rias. Tivemos nele a sobriedade de um verdadeiro democrata que soube nos conduzir em meio a uma tempestade para ancorarmos em um porto seguro\u201d, afirmou o senador Renan Calheiros (MDB-AL), que foi relator da indica\u00e7\u00e3o de Pacheco ao TCU.<\/p>\n<p class=\"wp-block-paragraph\"><em>*Com informa\u00e7\u00f5es da Ag\u00eancia Senado.<\/em><\/p>\n<p class=\"wp-block-paragraph\"><em>Siga o Acorda Cidade no<a href=\"https:\/\/news.google.com\/search?q=acorda%20cidade&amp;hl=pt-BR&amp;gl=BR&amp;ceid=BR%3Apt-419\" target=\"_blank\" rel=\"noreferrer noopener\">\u00a0Google Not\u00edcias<\/a>\u00a0e receba os principais destaques do dia.\u00a0Participe tamb\u00e9m dos nossos grupos no\u00a0<a href=\"https:\/\/chat.whatsapp.com\/Fj2agnR6CdwLEb9Uqew8QI\" target=\"_blank\" rel=\"noreferrer noopener\">WhatsApp<\/a>\u00a0e\u00a0<a href=\"https:\/\/t.me\/+sSz0khrgARA0ZmRh\" target=\"_blank\" rel=\"noreferrer noopener\">Telegram<\/a><\/em><a href=\"https:\/\/www.acordacidade.com.br\/colunas\/dilton-e-feito\/\"><\/a><\/p>\n<\/div>\n","protected":false},"excerpt":{"rendered":"<p>Foto: Marcelo Camargo\/ Ag\u00eancia Brasil Ag\u00eancia Brasil \u2013 O plen\u00e1rio do Senado Federal aprovou na<\/p>\n","protected":false},"author":1,"featured_media":148419,"comment_status":"closed","ping_status":"closed","sticky":false,"template":"","format":"gallery","meta":{"footnotes":""},"categories":[8,9,6,57,56,10],"tags":[],"class_list":["post-148418","post","type-post","status-publish","format-gallery","has-post-thumbnail","hentry","category-bahia","category-brasil","category-feira-de-santana","category-mundo","category-policia","category-politica","post_format-post-format-gallery"],"featured_image_urls":{"full":["https:\/\/noticiasbahia360.com.br\/wp-content\/uploads\/2026\/09\/rodrigo-pacheco.jpg",640,382,false],"thumbnail":["https:\/\/noticiasbahia360.com.br\/wp-content\/uploads\/2026\/09\/rodrigo-pacheco-150x150.jpg",150,150,true],"medium":["https:\/\/noticiasbahia360.com.br\/wp-content\/uploads\/2026\/09\/rodrigo-pacheco-300x179.jpg",300,179,true],"medium_large":["https:\/\/noticiasbahia360.com.br\/wp-content\/uploads\/2026\/09\/rodrigo-pacheco.jpg",640,382,false],"large":["https:\/\/noticiasbahia360.com.br\/wp-content\/uploads\/2026\/09\/rodrigo-pacheco.jpg",640,382,false],"1536x1536":["https:\/\/noticiasbahia360.com.br\/wp-content\/uploads\/2026\/09\/rodrigo-pacheco.jpg",640,382,false],"2048x2048":["https:\/\/noticiasbahia360.com.br\/wp-content\/uploads\/2026\/09\/rodrigo-pacheco.jpg",640,382,false],"chromenews-featured":["https:\/\/noticiasbahia360.com.br\/wp-content\/uploads\/2026\/09\/rodrigo-pacheco.jpg",640,382,false],"chromenews-large":["https:\/\/noticiasbahia360.com.br\/wp-content\/uploads\/2026\/09\/rodrigo-pacheco.jpg",640,382,false],"chromenews-medium":["https:\/\/noticiasbahia360.com.br\/wp-content\/uploads\/2026\/09\/rodrigo-pacheco-590x382.jpg",590,382,true]},"author_info":{"display_name":"noticiasbahia360.com.br","author_link":"https:\/\/noticiasbahia360.com.br\/?author=1"},"category_info":"<a href=\"https:\/\/noticiasbahia360.com.br\/?cat=8\" rel=\"category\">Bahia<\/a> <a href=\"https:\/\/noticiasbahia360.com.br\/?cat=9\" rel=\"category\">Brasil<\/a> <a href=\"https:\/\/noticiasbahia360.com.br\/?cat=6\" rel=\"category\">Feira de Santana<\/a> <a href=\"https:\/\/noticiasbahia360.com.br\/?cat=57\" rel=\"category\">Mundo<\/a> <a href=\"https:\/\/noticiasbahia360.com.br\/?cat=56\" rel=\"category\">Pol\u00edcia<\/a> <a href=\"https:\/\/noticiasbahia360.com.br\/?cat=10\" rel=\"category\">Pol\u00edtica<\/a>","tag_info":"Pol\u00edtica","comment_count":"0","_links":{"self":[{"href":"https:\/\/noticiasbahia360.com.br\/index.php?rest_route=\/wp\/v2\/posts\/148418","targetHints":{"allow":["GET"]}}],"collection":[{"href":"https:\/\/noticiasbahia360.com.br\/index.php?rest_route=\/wp\/v2\/posts"}],"about":[{"href":"https:\/\/noticiasbahia360.com.br\/index.php?rest_route=\/wp\/v2\/types\/post"}],"author":[{"embeddable":true,"href":"https:\/\/noticiasbahia360.com.br\/index.php?rest_route=\/wp\/v2\/users\/1"}],"replies":[{"embeddable":true,"href":"https:\/\/noticiasbahia360.com.br\/index.php?rest_route=%2Fwp%2Fv2%2Fcomments&post=148418"}],"version-history":[{"count":0,"href":"https:\/\/noticiasbahia360.com.br\/index.php?rest_route=\/wp\/v2\/posts\/148418\/revisions"}],"wp:featuredmedia":[{"embeddable":true,"href":"https:\/\/noticiasbahia360.com.br\/index.php?rest_route=\/wp\/v2\/media\/148419"}],"wp:attachment":[{"href":"https:\/\/noticiasbahia360.com.br\/index.php?rest_route=%2Fwp%2Fv2%2Fmedia&parent=148418"}],"wp:term":[{"taxonomy":"category","embeddable":true,"href":"https:\/\/noticiasbahia360.com.br\/index.php?rest_route=%2Fwp%2Fv2%2Fcategories&post=148418"},{"taxonomy":"post_tag","embeddable":true,"href":"https:\/\/noticiasbahia360.com.br\/index.php?rest_route=%2Fwp%2Fv2%2Ftags&post=148418"}],"curies":[{"name":"wp","href":"https:\/\/api.w.org\/{rel}","templated":true}]}}