{"id":148420,"date":"2026-09-02T07:03:33","date_gmt":"2026-09-02T10:03:33","guid":{"rendered":"https:\/\/noticiasbahia360.com.br\/?p=148420"},"modified":"2026-09-02T07:03:33","modified_gmt":"2026-09-02T10:03:33","slug":"prefeitura-de-feira-de-santana-convoca-aprovados-em-selecao-para-cuidador-confira-a-lista","status":"publish","type":"post","link":"https:\/\/noticiasbahia360.com.br\/?p=148420","title":{"rendered":"Prefeitura de Feira de Santana convoca aprovados em sele\u00e7\u00e3o para cuidador; confira a lista"},"content":{"rendered":"<div>\n<div>\n<figure><img decoding=\"async\" src=\"http:\/\/noticiasbahia360.com.br\/wp-content\/uploads\/2026\/09\/rua-pessoas-andando-caminhado-movimento-centro-prefeitura-sinal-semaforo-governo-Feira-de-Santana-foto-Jefferson-Araujo-Acorda-Cidade-.jpg\" alt=\"\"><figcaption>Foto: Jefferson Ara\u00fajo \/ Acorda Cidade <\/figcaption><\/figure>\n<\/div>\n<p class=\"wp-block-paragraph\">A Prefeitura de Feira de Santana convocou candidatos aprovados no processo seletivo para contrata\u00e7\u00e3o em Regime Especial de Direito Administrativo (Reda), destinado \u00e0 fun\u00e7\u00e3o de cuidador ligado \u00e0 Secretaria Municipal de Educa\u00e7\u00e3o.<\/p>\n<p class=\"wp-block-paragraph\">A convoca\u00e7\u00e3o foi publicada na edi\u00e7\u00e3o do <a href=\"https:\/\/diariooficial.feiradesantana.ba.gov.br\/abrir.asp?edi=3612&amp;p=1\" target=\"_blank\" rel=\"noreferrer noopener\">Di\u00e1rio Oficial do Munic\u00edpio<\/a> desta quarta-feira (2), com base no Edital n\u00ba 02\/2025 e nos resultados finais do processo seletivo, que foi realizado por an\u00e1lise curricular.<\/p>\n<h2 id=\"h-confira-a-lista-dos-convocados\" class=\"wp-block-heading\">Confira a lista dos convocados<\/h2>\n<figure class=\"wp-block-table is-style-stripes\">\n<table class=\"has-pale-cyan-blue-background-color has-background has-fixed-layout\">\n<thead>\n<tr>\n<th>Coloca\u00e7\u00e3o<\/th>\n<th>Nome<\/th>\n<th>Inscri\u00e7\u00e3o<\/th>\n<th>Pontua\u00e7\u00e3o<\/th>\n<\/tr>\n<\/thead>\n<tbody>\n<tr>\n<td>862\u00ba<\/td>\n<td>Miralva Alves de Jesus<\/td>\n<td>41831<\/td>\n<td>70<\/td>\n<\/tr>\n<tr>\n<td>863\u00ba<\/td>\n<td>Ana Claudia Oliveira dos Santos<\/td>\n<td>99145<\/td>\n<td>70<\/td>\n<\/tr>\n<tr>\n<td>864\u00ba<\/td>\n<td>Ana Clecia Santos Vieira<\/td>\n<td>55379<\/td>\n<td>70<\/td>\n<\/tr>\n<tr>\n<td>865\u00ba<\/td>\n<td>Djeane Rodrigues Souza<\/td>\n<td>77135<\/td>\n<td>70<\/td>\n<\/tr>\n<tr>\n<td>866\u00ba<\/td>\n<td>Manoela da Silva Araujo da Cruz<\/td>\n<td>13218<\/td>\n<td>70<\/td>\n<\/tr>\n<tr>\n<td>867\u00ba<\/td>\n<td>Priscila Santos Cerqueira de Jesus<\/td>\n<td>85692<\/td>\n<td>70<\/td>\n<\/tr>\n<tr>\n<td>868\u00ba<\/td>\n<td>Cristina Santos de Oliveira<\/td>\n<td>82664<\/td>\n<td>70<\/td>\n<\/tr>\n<tr>\n<td>869\u00ba<\/td>\n<td>Gleciane Gomes do Amaral Xavier<\/td>\n<td>23765<\/td>\n<td>70<\/td>\n<\/tr>\n<tr>\n<td>870\u00ba<\/td>\n<td>Joilma do Nascimento Concei\u00e7\u00e3o<\/td>\n<td>47290<\/td>\n<td>70<\/td>\n<\/tr>\n<tr>\n<td>871\u00ba<\/td>\n<td>C\u00edntia Pina Santana<\/td>\n<td>20291<\/td>\n<td>70<\/td>\n<\/tr>\n<tr>\n<td>872\u00ba<\/td>\n<td>Danielle da Silva Alves<\/td>\n<td>65029<\/td>\n<td>70<\/td>\n<\/tr>\n<tr>\n<td>873\u00ba<\/td>\n<td>Luciana Borges Silva Macedo<\/td>\n<td>82298<\/td>\n<td>70<\/td>\n<\/tr>\n<tr>\n<td>874\u00ba<\/td>\n<td>Daiana Souza Porto de Almeida<\/td>\n<td>50738<\/td>\n<td>70<\/td>\n<\/tr>\n<tr>\n<td>875\u00ba<\/td>\n<td>Ana Lucia Silva Concei\u00e7\u00e3o<\/td>\n<td>60711<\/td>\n<td>70<\/td>\n<\/tr>\n<tr>\n<td>876\u00ba<\/td>\n<td>Elisangela Oliveira Carneiro<\/td>\n<td>83896<\/td>\n<td>70<\/td>\n<\/tr>\n<tr>\n<td>877\u00ba<\/td>\n<td>Risoneide da Silva Ramos<\/td>\n<td>37314<\/td>\n<td>70<\/td>\n<\/tr>\n<tr>\n<td>878\u00ba<\/td>\n<td>Daiany Aguiar de Cerqueira<\/td>\n<td>86306<\/td>\n<td>70<\/td>\n<\/tr>\n<tr>\n<td>879\u00ba<\/td>\n<td>Regina Araujo Duarte<\/td>\n<td>94200<\/td>\n<td>70<\/td>\n<\/tr>\n<tr>\n<td>880\u00ba<\/td>\n<td>Jaqueline Silva Santos<\/td>\n<td>47356<\/td>\n<td>70<\/td>\n<\/tr>\n<tr>\n<td>881\u00ba<\/td>\n<td>Bruno Soares de Alc\u00e2ntara<\/td>\n<td>42942<\/td>\n<td>70<\/td>\n<\/tr>\n<tr>\n<td>882\u00ba<\/td>\n<td>Meiriane Cardoso Gonzaga<\/td>\n<td>57946<\/td>\n<td>70<\/td>\n<\/tr>\n<tr>\n<td>883\u00ba<\/td>\n<td>Alyne Sacramento Pereira<\/td>\n<td>81441<\/td>\n<td>70<\/td>\n<\/tr>\n<tr>\n<td>884\u00ba<\/td>\n<td>Darijane de Freitas Carvalho Cerqueira<\/td>\n<td>94117<\/td>\n<td>70<\/td>\n<\/tr>\n<tr>\n<td>885\u00ba<\/td>\n<td>Rosecleide Cunha da Silva<\/td>\n<td>83118<\/td>\n<td>70<\/td>\n<\/tr>\n<tr>\n<td>886\u00ba<\/td>\n<td>Ariam\u00e1ria Almeida Nascimento Santos<\/td>\n<td>18747<\/td>\n<td>70<\/td>\n<\/tr>\n<\/tbody>\n<\/table>\n<\/figure>\n<h2 id=\"h-orientacoes\" class=\"wp-block-heading\">Orienta\u00e7\u00f5es<\/h2>\n<p class=\"wp-block-paragraph\">Os candidatos convocados devem comparecer \u00e0 Secretaria Municipal de Educa\u00e7\u00e3o, localizada na Rua Bar\u00e3o de Cotegipe, n\u00ba 1.370, no Centro de Feira de Santana, no prazo de 15 dias corridos, <strong>contados a partir desta quinta-feira, dia 3 de setembro.<\/strong><\/p>\n<p class=\"wp-block-paragraph\">No local, ser\u00e1 necess\u00e1rio apresentar os documentos e exames exigidos em originais e c\u00f3pias, al\u00e9m de realizar o agendamento da inspe\u00e7\u00e3o m\u00e9dica.<\/p>\n<p class=\"wp-block-paragraph\">Entre os documentos exigidos est\u00e3o carteira de identidade, CPF, certid\u00e3o de nascimento, casamento ou div\u00f3rcio, quando aplic\u00e1vel, e Carteira de Trabalho e Previd\u00eancia Social (CTPS), f\u00edsica e\/ou digital.<\/p>\n<p class=\"wp-block-paragraph\">Outros exames complementares poder\u00e3o ser solicitados pelo m\u00e9dico perito durante a avalia\u00e7\u00e3o. A emiss\u00e3o do laudo de aptid\u00e3o ficar\u00e1 condicionada \u00e0 apresenta\u00e7\u00e3o dos exames eventualmente requisitados.<\/p>\n<p class=\"wp-block-paragraph\">O candidato que n\u00e3o comparecer dentro do prazo estabelecido ou deixar de apresentar a documenta\u00e7\u00e3o exigida perder\u00e1 o direito \u00e0 contrata\u00e7\u00e3o. <strong>Para conferir a lista completa de documentos ou verificar outras informa\u00e7\u00f5es, acesse o <a href=\"https:\/\/diariooficial.feiradesantana.ba.gov.br\/abrir.asp?edi=3612&amp;p=1\" target=\"_blank\" rel=\"noreferrer noopener\">Di\u00e1rio Oficial<\/a> a partir da p\u00e1gina 19.<\/strong><\/p>\n<p class=\"wp-block-paragraph\"><em>Siga o Acorda Cidade no<a href=\"https:\/\/news.google.com\/search?q=acorda%20cidade&amp;hl=pt-BR&amp;gl=BR&amp;ceid=BR%3Apt-419\" target=\"_blank\" rel=\"noreferrer noopener\">\u00a0Google Not\u00edcias<\/a>\u00a0e receba os principais destaques do dia.\u00a0Participe tamb\u00e9m dos nossos grupos no\u00a0<a href=\"https:\/\/chat.whatsapp.com\/Fj2agnR6CdwLEb9Uqew8QI\" target=\"_blank\" rel=\"noreferrer noopener\">WhatsApp<\/a>\u00a0e\u00a0<a href=\"https:\/\/t.me\/+sSz0khrgARA0ZmRh\" target=\"_blank\" rel=\"noreferrer noopener\">Telegram<\/a><\/em><a href=\"https:\/\/www.acordacidade.com.br\/colunas\/dilton-e-feito\/\"><\/a><\/p>\n<\/div>\n","protected":false},"excerpt":{"rendered":"<p>Foto: Jefferson Ara\u00fajo \/ Acorda Cidade A Prefeitura de Feira de Santana convocou candidatos aprovados<\/p>\n","protected":false},"author":1,"featured_media":148421,"comment_status":"closed","ping_status":"closed","sticky":false,"template":"","format":"gallery","meta":{"footnotes":""},"categories":[8,9,6,57,56,10],"tags":[],"class_list":["post-148420","post","type-post","status-publish","format-gallery","has-post-thumbnail","hentry","category-bahia","category-brasil","category-feira-de-santana","category-mundo","category-policia","category-politica","post_format-post-format-gallery"],"featured_image_urls":{"full":["https:\/\/noticiasbahia360.com.br\/wp-content\/uploads\/2026\/09\/rua-pessoas-andando-caminhado-movimento-centro-prefeitura-sinal-semaforo-governo-Feira-de-Santana-foto-Jefferson-Araujo-Acorda-Cidade-.jpg",1200,800,false],"thumbnail":["https:\/\/noticiasbahia360.com.br\/wp-content\/uploads\/2026\/09\/rua-pessoas-andando-caminhado-movimento-centro-prefeitura-sinal-semaforo-governo-Feira-de-Santana-foto-Jefferson-Araujo-Acorda-Cidade--150x150.jpg",150,150,true],"medium":["https:\/\/noticiasbahia360.com.br\/wp-content\/uploads\/2026\/09\/rua-pessoas-andando-caminhado-movimento-centro-prefeitura-sinal-semaforo-governo-Feira-de-Santana-foto-Jefferson-Araujo-Acorda-Cidade--300x200.jpg",300,200,true],"medium_large":["https:\/\/noticiasbahia360.com.br\/wp-content\/uploads\/2026\/09\/rua-pessoas-andando-caminhado-movimento-centro-prefeitura-sinal-semaforo-governo-Feira-de-Santana-foto-Jefferson-Araujo-Acorda-Cidade--768x512.jpg",640,427,true],"large":["https:\/\/noticiasbahia360.com.br\/wp-content\/uploads\/2026\/09\/rua-pessoas-andando-caminhado-movimento-centro-prefeitura-sinal-semaforo-governo-Feira-de-Santana-foto-Jefferson-Araujo-Acorda-Cidade--1024x683.jpg",640,427,true],"1536x1536":["https:\/\/noticiasbahia360.com.br\/wp-content\/uploads\/2026\/09\/rua-pessoas-andando-caminhado-movimento-centro-prefeitura-sinal-semaforo-governo-Feira-de-Santana-foto-Jefferson-Araujo-Acorda-Cidade-.jpg",1200,800,false],"2048x2048":["https:\/\/noticiasbahia360.com.br\/wp-content\/uploads\/2026\/09\/rua-pessoas-andando-caminhado-movimento-centro-prefeitura-sinal-semaforo-governo-Feira-de-Santana-foto-Jefferson-Araujo-Acorda-Cidade-.jpg",1200,800,false],"chromenews-featured":["https:\/\/noticiasbahia360.com.br\/wp-content\/uploads\/2026\/09\/rua-pessoas-andando-caminhado-movimento-centro-prefeitura-sinal-semaforo-governo-Feira-de-Santana-foto-Jefferson-Araujo-Acorda-Cidade--1024x683.jpg",1024,683,true],"chromenews-large":["https:\/\/noticiasbahia360.com.br\/wp-content\/uploads\/2026\/09\/rua-pessoas-andando-caminhado-movimento-centro-prefeitura-sinal-semaforo-governo-Feira-de-Santana-foto-Jefferson-Araujo-Acorda-Cidade--825x575.jpg",825,575,true],"chromenews-medium":["https:\/\/noticiasbahia360.com.br\/wp-content\/uploads\/2026\/09\/rua-pessoas-andando-caminhado-movimento-centro-prefeitura-sinal-semaforo-governo-Feira-de-Santana-foto-Jefferson-Araujo-Acorda-Cidade--590x410.jpg",590,410,true]},"author_info":{"display_name":"noticiasbahia360.com.br","author_link":"https:\/\/noticiasbahia360.com.br\/?author=1"},"category_info":"<a href=\"https:\/\/noticiasbahia360.com.br\/?cat=8\" rel=\"category\">Bahia<\/a> <a href=\"https:\/\/noticiasbahia360.com.br\/?cat=9\" rel=\"category\">Brasil<\/a> <a href=\"https:\/\/noticiasbahia360.com.br\/?cat=6\" rel=\"category\">Feira de Santana<\/a> <a href=\"https:\/\/noticiasbahia360.com.br\/?cat=57\" rel=\"category\">Mundo<\/a> <a href=\"https:\/\/noticiasbahia360.com.br\/?cat=56\" rel=\"category\">Pol\u00edcia<\/a> <a href=\"https:\/\/noticiasbahia360.com.br\/?cat=10\" rel=\"category\">Pol\u00edtica<\/a>","tag_info":"Pol\u00edtica","comment_count":"0","_links":{"self":[{"href":"https:\/\/noticiasbahia360.com.br\/index.php?rest_route=\/wp\/v2\/posts\/148420","targetHints":{"allow":["GET"]}}],"collection":[{"href":"https:\/\/noticiasbahia360.com.br\/index.php?rest_route=\/wp\/v2\/posts"}],"about":[{"href":"https:\/\/noticiasbahia360.com.br\/index.php?rest_route=\/wp\/v2\/types\/post"}],"author":[{"embeddable":true,"href":"https:\/\/noticiasbahia360.com.br\/index.php?rest_route=\/wp\/v2\/users\/1"}],"replies":[{"embeddable":true,"href":"https:\/\/noticiasbahia360.com.br\/index.php?rest_route=%2Fwp%2Fv2%2Fcomments&post=148420"}],"version-history":[{"count":0,"href":"https:\/\/noticiasbahia360.com.br\/index.php?rest_route=\/wp\/v2\/posts\/148420\/revisions"}],"wp:featuredmedia":[{"embeddable":true,"href":"https:\/\/noticiasbahia360.com.br\/index.php?rest_route=\/wp\/v2\/media\/148421"}],"wp:attachment":[{"href":"https:\/\/noticiasbahia360.com.br\/index.php?rest_route=%2Fwp%2Fv2%2Fmedia&parent=148420"}],"wp:term":[{"taxonomy":"category","embeddable":true,"href":"https:\/\/noticiasbahia360.com.br\/index.php?rest_route=%2Fwp%2Fv2%2Fcategories&post=148420"},{"taxonomy":"post_tag","embeddable":true,"href":"https:\/\/noticiasbahia360.com.br\/index.php?rest_route=%2Fwp%2Fv2%2Ftags&post=148420"}],"curies":[{"name":"wp","href":"https:\/\/api.w.org\/{rel}","templated":true}]}}