{"id":148426,"date":"2026-09-02T08:02:38","date_gmt":"2026-09-02T11:02:38","guid":{"rendered":"https:\/\/noticiasbahia360.com.br\/?p=148426"},"modified":"2026-09-02T08:02:38","modified_gmt":"2026-09-02T11:02:38","slug":"contratos-luxo-e-viagens-internacionais-confira-o-que-a-pf-diz-que-vorcaro-ofereceu-a-moraes","status":"publish","type":"post","link":"https:\/\/noticiasbahia360.com.br\/?p=148426","title":{"rendered":"Contratos, luxo e viagens internacionais: confira o que a PF diz que Vorcaro ofereceu a Moraes"},"content":{"rendered":"<div>\n<div>\n<figure><img decoding=\"async\" src=\"http:\/\/noticiasbahia360.com.br\/wp-content\/uploads\/2026\/09\/Daniel-Vorcaro-Policia-Federal-Alexandre-de-Moraes-Foto-Divulgacao-g1-1-1.jpg\" alt=\"Montagem mostra o ministro Alexandre de Moraes, a esposa Viviane Barci de Moraes e o banqueiro Daniel Vorcaro\"><figcaption>Montagem mostra o ministro Alexandre de Moraes, a esposa Viviane Barci de Moraes e o banqueiro Daniel Vorcaro |  Foto: Reprodu\u00e7\u00e3o<\/p>\n<\/figcaption><\/figure>\n<\/div>\n<p class=\"wp-block-paragraph\">A investiga\u00e7\u00e3o da Pol\u00edcia Federal sobre o Banco Master identificou contratos milion\u00e1rios de honor\u00e1rios advocat\u00edcios, uma proposta de transfer\u00eancia de cotas de um jato e de um helic\u00f3ptero, al\u00e9m do pagamento de viagem internacional e experi\u00eancias de luxo oferecidas por Daniel Vorcaro ao ministro\u00a0Alexandre de Moraes, do Supremo Tribunal Federal (STF), e integrantes de sua fam\u00edlia. Os epis\u00f3dios est\u00e3o descritos em documento que integra a investiga\u00e7\u00e3o e que foram divulgados por uma reportagem do portal g1. <\/p>\n<p class=\"wp-block-paragraph\">Um dos principais pontos destacados pelos investigadores \u00e9 a rela\u00e7\u00e3o financeira entre empresas ligadas a Daniel Vorcaro e o escrit\u00f3rio Barci de Moraes Sociedade de Advogados, da advogada Viviane Barci de Moraes, esposa do ministro Alexandre de Moraes.<\/p>\n<p class=\"wp-block-paragraph\">Em um dos acordos, o Banco Master se comprometeu a pagar ao escrit\u00f3rio 36 parcelas mensais de R$ 3 milh\u00f5es l\u00edquidos. Com a incid\u00eancia dos tributos prevista no documento, o valor bruto de cada parcela chegava a R$ 3.646.529,77.<\/p>\n<p class=\"wp-block-paragraph\">A investiga\u00e7\u00e3o mostra que o nome de Alexandre de Moraes aparece nos metadados de duas vers\u00f5es da minuta do contrato assinado com o escrit\u00f3rio de sua esposa, segundo a Pol\u00edcia Federal.<\/p>\n<p class=\"wp-block-paragraph\">Em 11 de janeiro de 2024 Viviane enviou a Daniel Vorcaro uma primeira minuta. A PF verificou que o arquivo registrava\u00a0sua \u00faltima modifica\u00e7\u00e3o feita pelo usu\u00e1rio \u201cMinistro Alexandre de Moraes\u201d\u00a0naquele mesmo dia.<\/p>\n<p class=\"wp-block-paragraph\">Em 17 de janeiro, Viviane encaminhou a Vorcaro a vers\u00e3o final da minuta. Segundo a an\u00e1lise dos metadados feita pela PF, esse arquivo tamb\u00e9m tinha como \u00faltima modifica\u00e7\u00e3o o usu\u00e1rio \u201cMinistro Alexandre de Moraes\u201d, do dia 15 de janeiro.<\/p>\n<p class=\"wp-block-paragraph\">O contrato foi assinado em 23 de janeiro de 2024 por Daniel Vorcaro e \u00c2ngelo Ant\u00f4nio Ribeiro da Silva.<\/p>\n<h2 id=\"h-comprovantes-somam-r-13-6-milhoes\" class=\"wp-block-heading\">Comprovantes somam R$ 13,6 milh\u00f5es<\/h2>\n<p class=\"wp-block-paragraph\">Entre fevereiro de 2024 e outubro de 2025, a investiga\u00e7\u00e3o encontrou registro de quatro comprovantes de transfer\u00eancias feitas para o escrit\u00f3rio de Viviane. As parcelas de R$ 3.422.268,14, pagas ap\u00f3s descontos espec\u00edficos, somaram R$ 13,6 milh\u00f5es.<\/p>\n<p class=\"wp-block-paragraph\">As mensagens encontradas indicam a prioridade atribu\u00edda por Vorcaro aos repasses para o escrit\u00f3rio. Em uma das conversas, em mar\u00e7o de 2024, o banqueiro afirmou que aquele era \u201co pagamento mais importante\u201d e que n\u00e3o poderia \u201catrasar um dia\u201d.<\/p>\n<h2 id=\"h-outro-contrato-de-r-50-milhoes\" class=\"wp-block-heading\">Outro contrato de R$ 50 milh\u00f5es<\/h2>\n<p class=\"wp-block-paragraph\">A PF identificou tamb\u00e9m um segundo contrato de honor\u00e1rios envolvendo o escrit\u00f3rio da esposa de Moraes, com \u201climite m\u00e1ximo remunerat\u00f3rio\u201d no valor de R$ 50 milh\u00f5es \u201ca t\u00edtulo de pr\u00f3-labore\u201d durante os 36 meses de contrato.<\/p>\n<figure class=\"wp-block-image size-full\"><img fetchpriority=\"high\" fetchpriority=\"high\" decoding=\"async\" width=\"1200\" height=\"675\" src=\"http:\/\/noticiasbahia360.com.br\/wp-content\/uploads\/2026\/09\/Daniel-Vorcaro-Policia-Federal-Alexandre-de-Moraes-Foto-Divulgacao-g1-1.jpg\" alt=\"Aeronave e helic\u00f3pero do mesmo modelo citado em relat\u00f3rio da PF sobre o Caso Master e Alexandre de Moraes\" class=\"wp-image-687063\" srcset=\"http:\/\/noticiasbahia360.com.br\/wp-content\/uploads\/2026\/09\/Daniel-Vorcaro-Policia-Federal-Alexandre-de-Moraes-Foto-Divulgacao-g1-1.jpg 1200w, https:\/\/uploads.acordacidade.com.br\/2026\/09\/Daniel-Vorcaro-Policia-Federal-Alexandre-de-Moraes-Foto-Divulgacao-g1-1-750x422.jpg 750w, https:\/\/uploads.acordacidade.com.br\/2026\/09\/Daniel-Vorcaro-Policia-Federal-Alexandre-de-Moraes-Foto-Divulgacao-g1-1-1000x563.jpg 1000w, https:\/\/uploads.acordacidade.com.br\/2026\/09\/Daniel-Vorcaro-Policia-Federal-Alexandre-de-Moraes-Foto-Divulgacao-g1-1-450x253.jpg 450w, https:\/\/uploads.acordacidade.com.br\/2026\/09\/Daniel-Vorcaro-Policia-Federal-Alexandre-de-Moraes-Foto-Divulgacao-g1-1-150x84.jpg 150w\" sizes=\"(max-width: 1200px) 100vw, 1200px\"><figcaption class=\"wp-element-caption\">Aeronave e helic\u00f3pero do mesmo modelo citado em relat\u00f3rio da PF sobre o Caso Master e Alexandre de Moraes | Foto: Reprodu\u00e7\u00e3o<\/p>\n<\/figcaption><\/figure>\n<p class=\"wp-block-paragraph\">O pagamento de at\u00e9 R$ 50 milh\u00f5es l\u00edquidos (descontados os impostos) deveria ser realizado em 36 meses por meio de transfer\u00eancia banc\u00e1ria da Viking Participa\u00e7\u00f5es, empresa quem tem Vorcaro como s\u00f3cio, para o escrit\u00f3rio de advocacia ou \u201cmediante da\u00e7\u00e3o em pagamento \u2013 de bens im\u00f3veis, m\u00f3veis ou servi\u00e7os\u201d. Ou seja, era poss\u00edvel que o escrit\u00f3rio de Viviane recebesse bens como pagamento.<\/p>\n<p class=\"wp-block-paragraph\">Em um dos di\u00e1logos com Vorcaro, de 16 de maio de 2025, o advogado Leonardo Palhares envia duas propostas para quita\u00e7\u00e3o do contrato. Pela minuta apresentada, R$ 40 milh\u00f5es seriam pagos\u00a0mediante da\u00e7\u00e3o (entrega) de cotas de duas aeronaves, um jatinho e um helic\u00f3ptero, e os R$ 10 milh\u00f5es restantes por meio de reembolso das despesas causadas pelo uso das aeronaves.<\/p>\n<p class=\"wp-block-paragraph\">\u201cOs ativos mencionados seriam dois bens vinculados \u00e0s empresas F24 (FRACTION 024 ADMINISTRACAO DE BEM PROPRIO S.A.) e F53 (PT-PCT ADMINISTRACAO DE BEM PROPRIO). A F24 \u00e9 possuidora da aeronave modelo Legacy 650, prefixo PP-NLR, enquanto a F53 estava em fase de aquisi\u00e7\u00e3o do Helic\u00f3ptero EC 155 B1, fabricado pela Airbus Helicopters\u201d, escreveu a PF.<\/p>\n<p class=\"wp-block-paragraph\">Em uma conversa reproduzida pela PF, Marcos da Mata, s\u00f3cio de Vorcaro, perguntou a Viviane de Moraes: \u201cEst\u00e3o gostando da utiliza\u00e7\u00e3o das cotas de voc\u00eas\u201d? Viviane respondeu: \u201cSim, estamos gostando muito\u201d.<\/p>\n<p class=\"wp-block-paragraph\">Ap\u00f3s a divulga\u00e7\u00e3o do relat\u00f3rio, o escrit\u00f3rio Barci de Moraes declarou em nota que n\u00e3o assinou um segundo contrato com empresas de Daniel Vorcaro e que n\u00e3o aceitou os termos do acordo. E que, por isso, n\u00e3o recebeu cotas de aeronaves ou outros ativos previstos na negocia\u00e7\u00e3o.<\/p>\n<h2 class=\"wp-block-heading\">Experi\u00eancia de luxo em Campos do Jord\u00e3o<\/h2>\n<p class=\"wp-block-paragraph\">Em dezembro de 2026, Vorcaro ofereceu um servi\u00e7o de luxo a Moraes. Segundo a PF, o banqueiro promoveu uma recep\u00e7\u00e3o no Six Senses Botanique, hotel localizado na regi\u00e3o de Campos do Jord\u00e3o, em S\u00e3o Paulo, para uma comitiva relacionada nas mensagens a \u201cAlex\u201d.<\/p>\n<figure class=\"wp-block-image size-full\"><img decoding=\"async\" width=\"1200\" height=\"675\" src=\"http:\/\/noticiasbahia360.com.br\/wp-content\/uploads\/2026\/09\/Daniel-Vorcaro-Policia-Federal-Alexandre-de-Moraes-Foto-Divulgacao-g1-3.jpg\" alt=\"Hotel Botanique Campos do Jord\u00e3o\" class=\"wp-image-687066\" srcset=\"http:\/\/noticiasbahia360.com.br\/wp-content\/uploads\/2026\/09\/Daniel-Vorcaro-Policia-Federal-Alexandre-de-Moraes-Foto-Divulgacao-g1-3.jpg 1200w, https:\/\/uploads.acordacidade.com.br\/2026\/09\/Daniel-Vorcaro-Policia-Federal-Alexandre-de-Moraes-Foto-Divulgacao-g1-3-750x422.jpg 750w, https:\/\/uploads.acordacidade.com.br\/2026\/09\/Daniel-Vorcaro-Policia-Federal-Alexandre-de-Moraes-Foto-Divulgacao-g1-3-1000x563.jpg 1000w, https:\/\/uploads.acordacidade.com.br\/2026\/09\/Daniel-Vorcaro-Policia-Federal-Alexandre-de-Moraes-Foto-Divulgacao-g1-3-450x253.jpg 450w, https:\/\/uploads.acordacidade.com.br\/2026\/09\/Daniel-Vorcaro-Policia-Federal-Alexandre-de-Moraes-Foto-Divulgacao-g1-3-150x84.jpg 150w\" sizes=\"(max-width: 1200px) 100vw, 1200px\"><figcaption class=\"wp-element-caption\">Hotel Botanique Campos do Jord\u00e3o | Foto: Divulga\u00e7\u00e3o\/Hotel Botanique<\/p>\n<\/figcaption><\/figure>\n<p class=\"wp-block-paragraph\">De acordo com o relat\u00f3rio, a programa\u00e7\u00e3o inclu\u00eda almo\u00e7o, contrata\u00e7\u00e3o de um chef particular identificado como Z\u00e9 Maria, passeios a cavalo e assist\u00eancia de funcion\u00e1rios ligados a Vorcaro. O planejamento previa atendimento a nove convidados e quatro seguran\u00e7as.<\/p>\n<p class=\"wp-block-paragraph\">Em uma mensagem entre Vorcaro e um contato salvo como Thatiane Prime, ele avisa que dar\u00e1 um almo\u00e7o no dia 30. \u201cTem que ser experi\u00eancia completa. Convidados ultra vips\u201d.<\/p>\n<h2 id=\"h-viagem-a-londres\" class=\"wp-block-heading\">Viagem a Londres<\/h2>\n<p class=\"wp-block-paragraph\">A investiga\u00e7\u00e3o tamb\u00e9m trata da participa\u00e7\u00e3o de Moraes no\u00a0I F\u00f3rum Jur\u00eddico Londres Brasil de Ideias, realizado entre 24 e 27 de abril de 2024. Segundo o material reunido pela PF, despesas relacionadas \u00e0 viagem seriam todas custeadas.<\/p>\n<p class=\"wp-block-paragraph\">Em 28 de mar\u00e7o de 2024, uma mensagem que teria sido enviada por Alexandre de Moraes ao ministro do STF Gilmar Mendes convidava o colega para o evento em Londres. \u201cA estadia poder\u00e1 ser at\u00e9 28\/4. \u00c9 organizado pelo CONJUR, Correio Braziliense e Banco Master. Topa?\u201d.<\/p>\n<figure class=\"wp-block-image size-full\"><img decoding=\"async\" width=\"1200\" height=\"775\" src=\"http:\/\/noticiasbahia360.com.br\/wp-content\/uploads\/2026\/09\/Daniel-Vorcaro-Policia-Federal-Alexandre-de-Moraes-Foto-Divulgacao-g1-2.jpg\" alt=\"Tony Blair junto a autoridades no encontro em Londres patrocinado pelo Banco Master\" class=\"wp-image-687065\" srcset=\"http:\/\/noticiasbahia360.com.br\/wp-content\/uploads\/2026\/09\/Daniel-Vorcaro-Policia-Federal-Alexandre-de-Moraes-Foto-Divulgacao-g1-2.jpg 1200w, https:\/\/uploads.acordacidade.com.br\/2026\/09\/Daniel-Vorcaro-Policia-Federal-Alexandre-de-Moraes-Foto-Divulgacao-g1-2-750x484.jpg 750w, https:\/\/uploads.acordacidade.com.br\/2026\/09\/Daniel-Vorcaro-Policia-Federal-Alexandre-de-Moraes-Foto-Divulgacao-g1-2-1000x646.jpg 1000w, https:\/\/uploads.acordacidade.com.br\/2026\/09\/Daniel-Vorcaro-Policia-Federal-Alexandre-de-Moraes-Foto-Divulgacao-g1-2-450x291.jpg 450w, https:\/\/uploads.acordacidade.com.br\/2026\/09\/Daniel-Vorcaro-Policia-Federal-Alexandre-de-Moraes-Foto-Divulgacao-g1-2-150x97.jpg 150w\" sizes=\"(max-width: 1200px) 100vw, 1200px\"><figcaption class=\"wp-element-caption\">Tony Blair junto a autoridades no encontro em Londres patrocinado pelo Banco Master | Foto: Grupo Voto\/Reprodu\u00e7\u00e3o<\/p>\n<\/figcaption><\/figure>\n<p class=\"wp-block-paragraph\">Esse e outros di\u00e1logos indicam ainda que\u00a0Moraes participava das discuss\u00f5es sobre convidados, vetos e programa\u00e7\u00e3o.<\/p>\n<p class=\"wp-block-paragraph\">A organiza\u00e7\u00e3o da viagem inclu\u00eda ainda uma estrutura espec\u00edfica de transporte terrestre para algumas das autoridades presentes no f\u00f3rum. Segundo a investiga\u00e7\u00e3o, foram disponibilizados ve\u00edculos Mercedes-Benz S-Class com motoristas para um grupo restrito de participantes considerados VIPs. Entre eles foram citados Alexandre de Moraes e o ministro Dias Toffoli.<\/p>\n<p class=\"wp-block-paragraph\">J\u00e1 na segunda edi\u00e7\u00e3o do evento em 2025, que n\u00e3o chegou a acontecer, a funcion\u00e1ria de marketing Ana Matos envia mensagem a Vorcaro em abril, informando que o assessor do ministro Alexandre havia ligado, para tatar \u201csobre emiss\u00e3o do a\u00e9reo dele\u201d. O banqueiro, ent\u00e3o, responde: \u201cPode fazer\u201d.<\/p>\n<p class=\"wp-block-paragraph\"><em>Fonte: g1<\/em><\/p>\n<p class=\"wp-block-paragraph\"><em>Siga o Acorda Cidade no\u00a0<\/em><a href=\"https:\/\/news.google.com\/search?q=acorda%20cidade&amp;hl=pt-BR&amp;gl=BR&amp;ceid=BR%3Apt-419\"><strong><em>Google Not\u00edcias<\/em><\/strong><\/a><em>\u00a0e receba os principais destaques do dia. Participe tamb\u00e9m dos nossos canais no\u00a0<\/em><a href=\"https:\/\/www.whatsapp.com\/channel\/0029Va6Rb4v3WHTNnsh8WI3N\"><strong><em>WhatsApp<\/em><\/strong><\/a><em>\u00a0e\u00a0<\/em><a href=\"https:\/\/www.youtube.com\/@acordacidadenoticias\/videos\"><strong>YouTube<\/strong><\/a><em>\u00a0e do grupo no\u00a0<\/em><a href=\"https:\/\/t.me\/+sSz0khrgARA0ZmRh\"><strong><em>Telegram<\/em><\/strong><\/a><em>.<\/em><\/p>\n<p class=\"wp-block-paragraph\">\n<\/div>\n","protected":false},"excerpt":{"rendered":"<p>Montagem mostra o ministro Alexandre de Moraes, a esposa Viviane Barci de Moraes e o<\/p>\n","protected":false},"author":1,"featured_media":148427,"comment_status":"closed","ping_status":"closed","sticky":false,"template":"","format":"gallery","meta":{"footnotes":""},"categories":[8,9,6,57,56,10],"tags":[],"class_list":["post-148426","post","type-post","status-publish","format-gallery","has-post-thumbnail","hentry","category-bahia","category-brasil","category-feira-de-santana","category-mundo","category-policia","category-politica","post_format-post-format-gallery"],"featured_image_urls":{"full":["https:\/\/noticiasbahia360.com.br\/wp-content\/uploads\/2026\/09\/Daniel-Vorcaro-Policia-Federal-Alexandre-de-Moraes-Foto-Divulgacao-g1-1-1.jpg",1200,698,false],"thumbnail":["https:\/\/noticiasbahia360.com.br\/wp-content\/uploads\/2026\/09\/Daniel-Vorcaro-Policia-Federal-Alexandre-de-Moraes-Foto-Divulgacao-g1-1-1-150x150.jpg",150,150,true],"medium":["https:\/\/noticiasbahia360.com.br\/wp-content\/uploads\/2026\/09\/Daniel-Vorcaro-Policia-Federal-Alexandre-de-Moraes-Foto-Divulgacao-g1-1-1-300x175.jpg",300,175,true],"medium_large":["https:\/\/noticiasbahia360.com.br\/wp-content\/uploads\/2026\/09\/Daniel-Vorcaro-Policia-Federal-Alexandre-de-Moraes-Foto-Divulgacao-g1-1-1-768x447.jpg",640,373,true],"large":["https:\/\/noticiasbahia360.com.br\/wp-content\/uploads\/2026\/09\/Daniel-Vorcaro-Policia-Federal-Alexandre-de-Moraes-Foto-Divulgacao-g1-1-1-1024x596.jpg",640,373,true],"1536x1536":["https:\/\/noticiasbahia360.com.br\/wp-content\/uploads\/2026\/09\/Daniel-Vorcaro-Policia-Federal-Alexandre-de-Moraes-Foto-Divulgacao-g1-1-1.jpg",1200,698,false],"2048x2048":["https:\/\/noticiasbahia360.com.br\/wp-content\/uploads\/2026\/09\/Daniel-Vorcaro-Policia-Federal-Alexandre-de-Moraes-Foto-Divulgacao-g1-1-1.jpg",1200,698,false],"chromenews-featured":["https:\/\/noticiasbahia360.com.br\/wp-content\/uploads\/2026\/09\/Daniel-Vorcaro-Policia-Federal-Alexandre-de-Moraes-Foto-Divulgacao-g1-1-1-1024x596.jpg",1024,596,true],"chromenews-large":["https:\/\/noticiasbahia360.com.br\/wp-content\/uploads\/2026\/09\/Daniel-Vorcaro-Policia-Federal-Alexandre-de-Moraes-Foto-Divulgacao-g1-1-1-825x575.jpg",825,575,true],"chromenews-medium":["https:\/\/noticiasbahia360.com.br\/wp-content\/uploads\/2026\/09\/Daniel-Vorcaro-Policia-Federal-Alexandre-de-Moraes-Foto-Divulgacao-g1-1-1-590x410.jpg",590,410,true]},"author_info":{"display_name":"noticiasbahia360.com.br","author_link":"https:\/\/noticiasbahia360.com.br\/?author=1"},"category_info":"<a href=\"https:\/\/noticiasbahia360.com.br\/?cat=8\" rel=\"category\">Bahia<\/a> <a href=\"https:\/\/noticiasbahia360.com.br\/?cat=9\" rel=\"category\">Brasil<\/a> <a href=\"https:\/\/noticiasbahia360.com.br\/?cat=6\" rel=\"category\">Feira de Santana<\/a> <a href=\"https:\/\/noticiasbahia360.com.br\/?cat=57\" rel=\"category\">Mundo<\/a> <a href=\"https:\/\/noticiasbahia360.com.br\/?cat=56\" rel=\"category\">Pol\u00edcia<\/a> <a href=\"https:\/\/noticiasbahia360.com.br\/?cat=10\" rel=\"category\">Pol\u00edtica<\/a>","tag_info":"Pol\u00edtica","comment_count":"0","_links":{"self":[{"href":"https:\/\/noticiasbahia360.com.br\/index.php?rest_route=\/wp\/v2\/posts\/148426","targetHints":{"allow":["GET"]}}],"collection":[{"href":"https:\/\/noticiasbahia360.com.br\/index.php?rest_route=\/wp\/v2\/posts"}],"about":[{"href":"https:\/\/noticiasbahia360.com.br\/index.php?rest_route=\/wp\/v2\/types\/post"}],"author":[{"embeddable":true,"href":"https:\/\/noticiasbahia360.com.br\/index.php?rest_route=\/wp\/v2\/users\/1"}],"replies":[{"embeddable":true,"href":"https:\/\/noticiasbahia360.com.br\/index.php?rest_route=%2Fwp%2Fv2%2Fcomments&post=148426"}],"version-history":[{"count":0,"href":"https:\/\/noticiasbahia360.com.br\/index.php?rest_route=\/wp\/v2\/posts\/148426\/revisions"}],"wp:featuredmedia":[{"embeddable":true,"href":"https:\/\/noticiasbahia360.com.br\/index.php?rest_route=\/wp\/v2\/media\/148427"}],"wp:attachment":[{"href":"https:\/\/noticiasbahia360.com.br\/index.php?rest_route=%2Fwp%2Fv2%2Fmedia&parent=148426"}],"wp:term":[{"taxonomy":"category","embeddable":true,"href":"https:\/\/noticiasbahia360.com.br\/index.php?rest_route=%2Fwp%2Fv2%2Fcategories&post=148426"},{"taxonomy":"post_tag","embeddable":true,"href":"https:\/\/noticiasbahia360.com.br\/index.php?rest_route=%2Fwp%2Fv2%2Ftags&post=148426"}],"curies":[{"name":"wp","href":"https:\/\/api.w.org\/{rel}","templated":true}]}}