{"id":148431,"date":"2026-09-02T09:02:52","date_gmt":"2026-09-02T12:02:52","guid":{"rendered":"https:\/\/noticiasbahia360.com.br\/?p=148431"},"modified":"2026-09-02T09:02:52","modified_gmt":"2026-09-02T12:02:52","slug":"seis-pessoas-sao-presas-por-trafico-de-drogas-e-extorsao-contra-turistas-na-regiao-do-farol-da-barra","status":"publish","type":"post","link":"https:\/\/noticiasbahia360.com.br\/?p=148431","title":{"rendered":"Seis pessoas s\u00e3o presas por tr\u00e1fico de drogas e extors\u00e3o contra turistas na regi\u00e3o do Farol da Barra"},"content":{"rendered":"<div>\n<div>\n<figure><img decoding=\"async\" src=\"http:\/\/noticiasbahia360.com.br\/wp-content\/uploads\/2026\/09\/Operacao-Lighthouse-na-Bahia_-foto-Policia-Civil.jpg\" alt=\"Opera\u00e7\u00e3o Lighthouse na Bahia_ foto Pol\u00edcia Civil\"><figcaption>Foto: Ascom\/Pol\u00edcia Civil<\/figcaption><\/figure>\n<\/div>\n<p class=\"wp-block-paragraph\">Seis suspeitos foram presos durante a Opera\u00e7\u00e3o Lighthouse, deflagrada pela Pol\u00edcia Civil da Bahia nesta quarta-feira (2), em Salvador, Lauro de Freitas e Valen\u00e7a. <\/p>\n<p class=\"wp-block-paragraph\">As pris\u00f5es ocorreram nos bairros de Nazar\u00e9 e Jardim Arma\u00e7\u00e3o, em Salvador, em Buraquinho, em Lauro de Freitas, e no munic\u00edpio de Valen\u00e7a. Segundo as investiga\u00e7\u00f5es, os seis presos integram o mesmo grupo, que atuava na regi\u00e3o do Farol da Barra, tendo como alvo turistas que frequentavam o local.<\/p>\n<p class=\"wp-block-paragraph\">As apura\u00e7\u00f5es apontam que os suspeitos abordavam turistas de forma intimidat\u00f3ria, entre a sinaleira e o Farol da Barra, em Salvador, e ofereciam entorpecentes, praticando extors\u00e3o durante as negocia\u00e7\u00f5es il\u00edcitas.<\/p>\n<p class=\"wp-block-paragraph\">A investiga\u00e7\u00e3o tamb\u00e9m identificou que, ap\u00f3s a pris\u00e3o em flagrante de dois integrantes do grupo, em abril deste ano, os suspeitos utilizavam um ve\u00edculo e um apartamento na regi\u00e3o como pontos de apoio para armazenar as drogas e realizar as vendas.<\/p>\n<h2 id=\"h-armas-apreendidas\" class=\"wp-block-heading\">Armas apreendidas<\/h2>\n<p class=\"wp-block-paragraph\">Na a\u00e7\u00e3o, foram apreendidas duas pistolas, um simulacro de arma de fogo, um documento com ind\u00edcios de falsifica\u00e7\u00e3o, celulares e uma caneta emagrecedora sem documenta\u00e7\u00e3o de origem.<\/p>\n<p class=\"wp-block-paragraph\">A Opera\u00e7\u00e3o Lighthouse foi coordenada pelo Departamento Especializado em Investiga\u00e7\u00f5es Criminais (DEIC), com o apoio do Departamento de Pol\u00edcia do Interior (DEPIN) e da Coordena\u00e7\u00e3o de Opera\u00e7\u00f5es Especiais (CORE).<\/p>\n<p class=\"wp-block-paragraph\"><em>Siga o Acorda Cidade no\u00a0<\/em><a href=\"https:\/\/news.google.com\/search?q=acorda%20cidade&amp;hl=pt-BR&amp;gl=BR&amp;ceid=BR%3Apt-419\"><strong><em>Google Not\u00edcias<\/em><\/strong><\/a><em>\u00a0e receba os principais destaques do dia. Participe tamb\u00e9m dos nossos canais no\u00a0<\/em><a href=\"https:\/\/www.whatsapp.com\/channel\/0029Va6Rb4v3WHTNnsh8WI3N\"><strong><em>WhatsApp<\/em><\/strong><\/a><em>\u00a0e\u00a0<\/em><a href=\"https:\/\/www.youtube.com\/@acordacidadenoticias\/videos\"><strong>YouTube<\/strong><\/a><em>\u00a0e do grupo no\u00a0<\/em><a href=\"https:\/\/t.me\/+sSz0khrgARA0ZmRh\"><strong><em>Telegram<\/em><\/strong><\/a><em>.<\/em><a href=\"https:\/\/www.acordacidade.com.br\/colunas\/dilton-e-feito\/\"><\/a><\/p>\n<\/div>\n","protected":false},"excerpt":{"rendered":"<p>Foto: Ascom\/Pol\u00edcia Civil Seis suspeitos foram presos durante a Opera\u00e7\u00e3o Lighthouse, deflagrada pela Pol\u00edcia Civil<\/p>\n","protected":false},"author":1,"featured_media":148432,"comment_status":"closed","ping_status":"closed","sticky":false,"template":"","format":"gallery","meta":{"footnotes":""},"categories":[8,9,6,57,56,10],"tags":[],"class_list":["post-148431","post","type-post","status-publish","format-gallery","has-post-thumbnail","hentry","category-bahia","category-brasil","category-feira-de-santana","category-mundo","category-policia","category-politica","post_format-post-format-gallery"],"featured_image_urls":{"full":["https:\/\/noticiasbahia360.com.br\/wp-content\/uploads\/2026\/09\/Operacao-Lighthouse-na-Bahia_-foto-Policia-Civil.jpg",1200,900,false],"thumbnail":["https:\/\/noticiasbahia360.com.br\/wp-content\/uploads\/2026\/09\/Operacao-Lighthouse-na-Bahia_-foto-Policia-Civil-150x150.jpg",150,150,true],"medium":["https:\/\/noticiasbahia360.com.br\/wp-content\/uploads\/2026\/09\/Operacao-Lighthouse-na-Bahia_-foto-Policia-Civil-300x225.jpg",300,225,true],"medium_large":["https:\/\/noticiasbahia360.com.br\/wp-content\/uploads\/2026\/09\/Operacao-Lighthouse-na-Bahia_-foto-Policia-Civil-768x576.jpg",640,480,true],"large":["https:\/\/noticiasbahia360.com.br\/wp-content\/uploads\/2026\/09\/Operacao-Lighthouse-na-Bahia_-foto-Policia-Civil-1024x768.jpg",640,480,true],"1536x1536":["https:\/\/noticiasbahia360.com.br\/wp-content\/uploads\/2026\/09\/Operacao-Lighthouse-na-Bahia_-foto-Policia-Civil.jpg",1200,900,false],"2048x2048":["https:\/\/noticiasbahia360.com.br\/wp-content\/uploads\/2026\/09\/Operacao-Lighthouse-na-Bahia_-foto-Policia-Civil.jpg",1200,900,false],"chromenews-featured":["https:\/\/noticiasbahia360.com.br\/wp-content\/uploads\/2026\/09\/Operacao-Lighthouse-na-Bahia_-foto-Policia-Civil-1024x768.jpg",1024,768,true],"chromenews-large":["https:\/\/noticiasbahia360.com.br\/wp-content\/uploads\/2026\/09\/Operacao-Lighthouse-na-Bahia_-foto-Policia-Civil-825x575.jpg",825,575,true],"chromenews-medium":["https:\/\/noticiasbahia360.com.br\/wp-content\/uploads\/2026\/09\/Operacao-Lighthouse-na-Bahia_-foto-Policia-Civil-590x410.jpg",590,410,true]},"author_info":{"display_name":"noticiasbahia360.com.br","author_link":"https:\/\/noticiasbahia360.com.br\/?author=1"},"category_info":"<a href=\"https:\/\/noticiasbahia360.com.br\/?cat=8\" rel=\"category\">Bahia<\/a> <a href=\"https:\/\/noticiasbahia360.com.br\/?cat=9\" rel=\"category\">Brasil<\/a> <a href=\"https:\/\/noticiasbahia360.com.br\/?cat=6\" rel=\"category\">Feira de Santana<\/a> <a href=\"https:\/\/noticiasbahia360.com.br\/?cat=57\" rel=\"category\">Mundo<\/a> <a href=\"https:\/\/noticiasbahia360.com.br\/?cat=56\" rel=\"category\">Pol\u00edcia<\/a> <a href=\"https:\/\/noticiasbahia360.com.br\/?cat=10\" rel=\"category\">Pol\u00edtica<\/a>","tag_info":"Pol\u00edtica","comment_count":"0","_links":{"self":[{"href":"https:\/\/noticiasbahia360.com.br\/index.php?rest_route=\/wp\/v2\/posts\/148431","targetHints":{"allow":["GET"]}}],"collection":[{"href":"https:\/\/noticiasbahia360.com.br\/index.php?rest_route=\/wp\/v2\/posts"}],"about":[{"href":"https:\/\/noticiasbahia360.com.br\/index.php?rest_route=\/wp\/v2\/types\/post"}],"author":[{"embeddable":true,"href":"https:\/\/noticiasbahia360.com.br\/index.php?rest_route=\/wp\/v2\/users\/1"}],"replies":[{"embeddable":true,"href":"https:\/\/noticiasbahia360.com.br\/index.php?rest_route=%2Fwp%2Fv2%2Fcomments&post=148431"}],"version-history":[{"count":0,"href":"https:\/\/noticiasbahia360.com.br\/index.php?rest_route=\/wp\/v2\/posts\/148431\/revisions"}],"wp:featuredmedia":[{"embeddable":true,"href":"https:\/\/noticiasbahia360.com.br\/index.php?rest_route=\/wp\/v2\/media\/148432"}],"wp:attachment":[{"href":"https:\/\/noticiasbahia360.com.br\/index.php?rest_route=%2Fwp%2Fv2%2Fmedia&parent=148431"}],"wp:term":[{"taxonomy":"category","embeddable":true,"href":"https:\/\/noticiasbahia360.com.br\/index.php?rest_route=%2Fwp%2Fv2%2Fcategories&post=148431"},{"taxonomy":"post_tag","embeddable":true,"href":"https:\/\/noticiasbahia360.com.br\/index.php?rest_route=%2Fwp%2Fv2%2Ftags&post=148431"}],"curies":[{"name":"wp","href":"https:\/\/api.w.org\/{rel}","templated":true}]}}