{"id":148433,"date":"2026-09-02T09:02:53","date_gmt":"2026-09-02T12:02:53","guid":{"rendered":"https:\/\/noticiasbahia360.com.br\/?p=148433"},"modified":"2026-09-02T09:02:53","modified_gmt":"2026-09-02T12:02:53","slug":"smt-alinha-planejamento-para-desfile-de-7-de-setembro-em-feira-de-santana","status":"publish","type":"post","link":"https:\/\/noticiasbahia360.com.br\/?p=148433","title":{"rendered":"SMT alinha planejamento para Desfile de 7 de Setembro em Feira de Santana"},"content":{"rendered":"<div>\n<div>\n<figure><img decoding=\"async\" src=\"http:\/\/noticiasbahia360.com.br\/wp-content\/uploads\/2026\/09\/SMT-alinha-planejamento-para-Desfile-de-7-de-Setembro-em-Feira-de-Santana.jpg\" alt=\"SMT alinha planejamento para Desfile de 7 de Setembro em Feira de Santana\"><figcaption>Foto: Danilo Guerra<\/figcaption><\/figure>\n<\/div>\n<p class=\"wp-block-paragraph\">A Superintend\u00eancia Municipal de Tr\u00e2nsito (SMT) participou, na tarde da ter\u00e7a-feira (1\u00ba), de uma reuni\u00e3o de planejamento para alinhar detalhes Desfile C\u00edvico-Militar de 7 de Setembro, que ser\u00e1 realizado na pr\u00f3xima segunda-feira, em Feira de Santana.<\/p>\n<p class=\"wp-block-paragraph\">O encontro aconteceu no audit\u00f3rio do 35\u00ba Batalh\u00e3o de Infantaria (35\u00ba BI) e reuniu representantes de institui\u00e7\u00f5es civis e militares que estar\u00e3o envolvidos na realiza\u00e7\u00e3o do evento. Durante a reuni\u00e3o, foram discutidos diversos pontos como programa\u00e7\u00e3o, ordem de apresenta\u00e7\u00e3o das institui\u00e7\u00f5es e o percurso do desfile, al\u00e9m do planejamento log\u00edstico e operacional.\u00a0<\/p>\n<figure class=\"wp-block-image size-full\"><img fetchpriority=\"high\" fetchpriority=\"high\" decoding=\"async\" width=\"1200\" height=\"800\" src=\"http:\/\/noticiasbahia360.com.br\/wp-content\/uploads\/2026\/09\/SMT-alinha-planejamento-para-Desfile-de-7-de-Setembro-em-Feira-de-Santana-1.jpg\" alt=\"SMT alinha planejamento para Desfile de 7 de Setembro em Feira de Santana\" class=\"wp-image-687085\" srcset=\"http:\/\/noticiasbahia360.com.br\/wp-content\/uploads\/2026\/09\/SMT-alinha-planejamento-para-Desfile-de-7-de-Setembro-em-Feira-de-Santana-1.jpg 1200w, https:\/\/uploads.acordacidade.com.br\/2026\/09\/SMT-alinha-planejamento-para-Desfile-de-7-de-Setembro-em-Feira-de-Santana-1-750x500.jpg 750w, https:\/\/uploads.acordacidade.com.br\/2026\/09\/SMT-alinha-planejamento-para-Desfile-de-7-de-Setembro-em-Feira-de-Santana-1-1000x667.jpg 1000w, https:\/\/uploads.acordacidade.com.br\/2026\/09\/SMT-alinha-planejamento-para-Desfile-de-7-de-Setembro-em-Feira-de-Santana-1-450x300.jpg 450w, https:\/\/uploads.acordacidade.com.br\/2026\/09\/SMT-alinha-planejamento-para-Desfile-de-7-de-Setembro-em-Feira-de-Santana-1-150x100.jpg 150w\" sizes=\"(max-width: 1200px) 100vw, 1200px\"><figcaption class=\"wp-element-caption\">Foto: Danilo Guerra<\/figcaption><\/figure>\n<p class=\"wp-block-paragraph\">Representando a SMT, o Superintendente Municipal de Tr\u00e2nsito, Ricardo Cunha, destacou que o \u00f3rg\u00e3o ter\u00e1 uma atua\u00e7\u00e3o refor\u00e7ada durante as comemora\u00e7\u00f5es da Independ\u00eancia do Brasil, com o objetivo de garantir a organiza\u00e7\u00e3o e a seguran\u00e7a da mobilidade na regi\u00e3o do evento.<\/p>\n<p class=\"wp-block-paragraph\">\u201cDurante as comemora\u00e7\u00f5es do 7 de Setembro, a SMT ir\u00e1 refor\u00e7ar seu efetivo operacional. Al\u00e9m das equipes que j\u00e1 estar\u00e3o de servi\u00e7o, contaremos com a mobiliza\u00e7\u00e3o de um turno adicional de agentes, ampliando nossa capacidade de atua\u00e7\u00e3o na orienta\u00e7\u00e3o dos condutores e no acompanhamento das interven\u00e7\u00f5es necess\u00e1rias durante o desfile\u201d, garantiu o superintendente.<\/p>\n<p class=\"wp-block-paragraph\">Al\u00e9m da SMT e do 35\u00ba BI, participaram do encontro representantes da Pol\u00edcia Rodovi\u00e1ria Federal (PRF), Pol\u00edcia Militar, Corpo de Bombeiros, Pol\u00edcia Penal e diversas entidades civis que v\u00e3o atuar na programa\u00e7\u00e3o.<\/p>\n<p class=\"wp-block-paragraph\">Ap\u00f3s a reuni\u00e3o, coordenada pelo Capit\u00e3o Ivan Lucas, chefe de Opera\u00e7\u00f5es do 35\u00ba Batalh\u00e3o de Infantaria,\u00a0respons\u00e1vel pela coordena\u00e7\u00e3o geral do evento, os participantes se deslocaram para a Avenida Presidente Dutra, palco do desfile, onde ampliaram as discuss\u00f5es sobre log\u00edstica da data c\u00edvica. \u201cNossa miss\u00e3o \u00e9 fazer um desfile organizado e seguro\u201d, ressaltou o capit\u00e3o.\u00a0<\/p>\n<p class=\"wp-block-paragraph\">Nos pr\u00f3ximos dias, a SMT vai divulgar informa\u00e7\u00f5es detalhadas sobre as altera\u00e7\u00f5es tempor\u00e1rias no tr\u00e2nsito e as interdi\u00e7\u00f5es previstas para garantir a realiza\u00e7\u00e3o do evento com seguran\u00e7a e organiza\u00e7\u00e3o.<\/p>\n<p class=\"wp-block-paragraph\"><em>As informa\u00e7\u00f5es s\u00e3o da Secretaria de Comunica\u00e7\u00e3o Social de Feira de Santana (Secom).<\/em><\/p>\n<p class=\"wp-block-paragraph\"><em>Siga o Acorda Cidade no\u00a0<\/em><a href=\"https:\/\/news.google.com\/search?q=acorda%20cidade&amp;hl=pt-BR&amp;gl=BR&amp;ceid=BR%3Apt-419\"><strong><em>Google Not\u00edcias<\/em><\/strong><\/a><em>\u00a0e receba os principais destaques do dia. Participe tamb\u00e9m dos nossos canais no\u00a0<\/em><a href=\"https:\/\/whatsapp.com\/channel\/0029Va6Rb4v3WHTNnsh8WI3N\"><strong><em>WhatsApp<\/em><\/strong><\/a><em>\u00a0e\u00a0<\/em><a href=\"https:\/\/www.youtube.com\/@acordacidadenoticias\/videos\"><strong>YouTube<\/strong><\/a><em>\u00a0e do grupo no\u00a0<\/em><a href=\"https:\/\/t.me\/+sSz0khrgARA0ZmRh\"><strong><em>Telegram<\/em><\/strong><\/a><em>.<\/em><\/p>\n<\/div>\n","protected":false},"excerpt":{"rendered":"<p>Foto: Danilo Guerra A Superintend\u00eancia Municipal de Tr\u00e2nsito (SMT) participou, na tarde da ter\u00e7a-feira (1\u00ba),<\/p>\n","protected":false},"author":1,"featured_media":148434,"comment_status":"closed","ping_status":"closed","sticky":false,"template":"","format":"gallery","meta":{"footnotes":""},"categories":[8,9,6,57,56,10],"tags":[],"class_list":["post-148433","post","type-post","status-publish","format-gallery","has-post-thumbnail","hentry","category-bahia","category-brasil","category-feira-de-santana","category-mundo","category-policia","category-politica","post_format-post-format-gallery"],"featured_image_urls":{"full":["https:\/\/noticiasbahia360.com.br\/wp-content\/uploads\/2026\/09\/SMT-alinha-planejamento-para-Desfile-de-7-de-Setembro-em-Feira-de-Santana.jpg",1200,799,false],"thumbnail":["https:\/\/noticiasbahia360.com.br\/wp-content\/uploads\/2026\/09\/SMT-alinha-planejamento-para-Desfile-de-7-de-Setembro-em-Feira-de-Santana-150x150.jpg",150,150,true],"medium":["https:\/\/noticiasbahia360.com.br\/wp-content\/uploads\/2026\/09\/SMT-alinha-planejamento-para-Desfile-de-7-de-Setembro-em-Feira-de-Santana-300x200.jpg",300,200,true],"medium_large":["https:\/\/noticiasbahia360.com.br\/wp-content\/uploads\/2026\/09\/SMT-alinha-planejamento-para-Desfile-de-7-de-Setembro-em-Feira-de-Santana-768x511.jpg",640,426,true],"large":["https:\/\/noticiasbahia360.com.br\/wp-content\/uploads\/2026\/09\/SMT-alinha-planejamento-para-Desfile-de-7-de-Setembro-em-Feira-de-Santana-1024x682.jpg",640,426,true],"1536x1536":["https:\/\/noticiasbahia360.com.br\/wp-content\/uploads\/2026\/09\/SMT-alinha-planejamento-para-Desfile-de-7-de-Setembro-em-Feira-de-Santana.jpg",1200,799,false],"2048x2048":["https:\/\/noticiasbahia360.com.br\/wp-content\/uploads\/2026\/09\/SMT-alinha-planejamento-para-Desfile-de-7-de-Setembro-em-Feira-de-Santana.jpg",1200,799,false],"chromenews-featured":["https:\/\/noticiasbahia360.com.br\/wp-content\/uploads\/2026\/09\/SMT-alinha-planejamento-para-Desfile-de-7-de-Setembro-em-Feira-de-Santana-1024x682.jpg",1024,682,true],"chromenews-large":["https:\/\/noticiasbahia360.com.br\/wp-content\/uploads\/2026\/09\/SMT-alinha-planejamento-para-Desfile-de-7-de-Setembro-em-Feira-de-Santana-825x575.jpg",825,575,true],"chromenews-medium":["https:\/\/noticiasbahia360.com.br\/wp-content\/uploads\/2026\/09\/SMT-alinha-planejamento-para-Desfile-de-7-de-Setembro-em-Feira-de-Santana-590x410.jpg",590,410,true]},"author_info":{"display_name":"noticiasbahia360.com.br","author_link":"https:\/\/noticiasbahia360.com.br\/?author=1"},"category_info":"<a href=\"https:\/\/noticiasbahia360.com.br\/?cat=8\" rel=\"category\">Bahia<\/a> <a href=\"https:\/\/noticiasbahia360.com.br\/?cat=9\" rel=\"category\">Brasil<\/a> <a href=\"https:\/\/noticiasbahia360.com.br\/?cat=6\" rel=\"category\">Feira de Santana<\/a> <a href=\"https:\/\/noticiasbahia360.com.br\/?cat=57\" rel=\"category\">Mundo<\/a> <a href=\"https:\/\/noticiasbahia360.com.br\/?cat=56\" rel=\"category\">Pol\u00edcia<\/a> <a href=\"https:\/\/noticiasbahia360.com.br\/?cat=10\" rel=\"category\">Pol\u00edtica<\/a>","tag_info":"Pol\u00edtica","comment_count":"0","_links":{"self":[{"href":"https:\/\/noticiasbahia360.com.br\/index.php?rest_route=\/wp\/v2\/posts\/148433","targetHints":{"allow":["GET"]}}],"collection":[{"href":"https:\/\/noticiasbahia360.com.br\/index.php?rest_route=\/wp\/v2\/posts"}],"about":[{"href":"https:\/\/noticiasbahia360.com.br\/index.php?rest_route=\/wp\/v2\/types\/post"}],"author":[{"embeddable":true,"href":"https:\/\/noticiasbahia360.com.br\/index.php?rest_route=\/wp\/v2\/users\/1"}],"replies":[{"embeddable":true,"href":"https:\/\/noticiasbahia360.com.br\/index.php?rest_route=%2Fwp%2Fv2%2Fcomments&post=148433"}],"version-history":[{"count":0,"href":"https:\/\/noticiasbahia360.com.br\/index.php?rest_route=\/wp\/v2\/posts\/148433\/revisions"}],"wp:featuredmedia":[{"embeddable":true,"href":"https:\/\/noticiasbahia360.com.br\/index.php?rest_route=\/wp\/v2\/media\/148434"}],"wp:attachment":[{"href":"https:\/\/noticiasbahia360.com.br\/index.php?rest_route=%2Fwp%2Fv2%2Fmedia&parent=148433"}],"wp:term":[{"taxonomy":"category","embeddable":true,"href":"https:\/\/noticiasbahia360.com.br\/index.php?rest_route=%2Fwp%2Fv2%2Fcategories&post=148433"},{"taxonomy":"post_tag","embeddable":true,"href":"https:\/\/noticiasbahia360.com.br\/index.php?rest_route=%2Fwp%2Fv2%2Ftags&post=148433"}],"curies":[{"name":"wp","href":"https:\/\/api.w.org\/{rel}","templated":true}]}}