{"id":148444,"date":"2026-09-02T10:03:51","date_gmt":"2026-09-02T13:03:51","guid":{"rendered":"https:\/\/noticiasbahia360.com.br\/?p=148444"},"modified":"2026-09-02T10:03:51","modified_gmt":"2026-09-02T13:03:51","slug":"3o-dia-do-sac-itinerante-no-conjunto-feira-x-registra-longa-fila-para-emissao-da-nova-carteira-nacional-de-identidade","status":"publish","type":"post","link":"https:\/\/noticiasbahia360.com.br\/?p=148444","title":{"rendered":"3\u00ba dia do SAC Itinerante no Conjunto Feira X registra longa fila para emiss\u00e3o da nova Carteira Nacional de Identidade"},"content":{"rendered":"<div>\n<div>\n<figure><img decoding=\"async\" src=\"http:\/\/noticiasbahia360.com.br\/wp-content\/uploads\/2026\/09\/emissao-da-CIN.jpg\" alt=\"Fila para emiss\u00e3o da CIN no Feira X\"><figcaption>Foto: Paulo Jos\u00e9\/Acorda Cidade<\/figcaption><\/figure>\n<\/div>\n<p class=\"wp-block-paragraph\">Centenas de pessoas compareceram na manh\u00e3 desta quarta-feira (2) ao Col\u00e9gio Estadual Helena Assis Suzart, no Conjunto Feira X, em Feira de Santana, para solicitarem a nova Carteira de Identidade Nacional (CIN). O servi\u00e7o ser\u00e1 oferecido at\u00e9 a pr\u00f3xima sexta-feira (4), por meio do SAC Itinerante.<\/p>\n<p class=\"wp-block-paragraph\">Desde que o servi\u00e7o teve in\u00edcio, na segunda-feira (1), longas filas t\u00eam se formado no local desde a madrugada, em sua maioria moradores do Feira X, que precisam renovar o documento ou emitir pela primeira vez.<\/p>\n<figure class=\"wp-block-image size-full\"><img fetchpriority=\"high\" decoding=\"async\" width=\"1200\" height=\"675\" src=\"http:\/\/noticiasbahia360.com.br\/wp-content\/uploads\/2026\/09\/Emissao-da-nova-CIN.jpg\" alt=\"Fila para emiss\u00e3o da CIN no Feira X\" class=\"wp-image-687109\" srcset=\"http:\/\/noticiasbahia360.com.br\/wp-content\/uploads\/2026\/09\/Emissao-da-nova-CIN.jpg 1200w, https:\/\/uploads.acordacidade.com.br\/2026\/09\/Emissao-da-nova-CIN-750x422.jpg 750w, https:\/\/uploads.acordacidade.com.br\/2026\/09\/Emissao-da-nova-CIN-1000x563.jpg 1000w, https:\/\/uploads.acordacidade.com.br\/2026\/09\/Emissao-da-nova-CIN-450x253.jpg 450w, https:\/\/uploads.acordacidade.com.br\/2026\/09\/Emissao-da-nova-CIN-150x84.jpg 150w\" sizes=\"(max-width: 1200px) 100vw, 1200px\"><figcaption class=\"wp-element-caption\">Foto: Paulo Jos\u00e9\/Acorda Cidade<\/figcaption><\/figure>\n<p class=\"wp-block-paragraph\">De acordo com o morador do bairro Feira X, Carlos Alberto Vidal Barbosa, de 64 anos, ele chegou \u00e0 unidade escolar por volta das 3h e j\u00e1 encontrou diversas pessoas na fila. \u201cA minha identidade j\u00e1 tem mais de 10 anos, a\u00ed tenho que trocar.\u201d<\/p>\n<p class=\"wp-block-paragraph\">Outro entrevistado, Carlos Robson Santos de Souza, tamb\u00e9m reside no bairro e optou por chegar de madrugada. Ele disse que a identidade venceu desde 2010 e neste per\u00edodo ficou utilizando a habilita\u00e7\u00e3o como documento oficial com foto.<\/p>\n<figure class=\"wp-block-image size-full\"><img decoding=\"async\" width=\"1200\" height=\"675\" src=\"http:\/\/noticiasbahia360.com.br\/wp-content\/uploads\/2026\/09\/Fila-para-emissao-da-CIN.jpg\" alt=\"Fila para emiss\u00e3o da CIN no Feira X\" class=\"wp-image-687110\" srcset=\"http:\/\/noticiasbahia360.com.br\/wp-content\/uploads\/2026\/09\/Fila-para-emissao-da-CIN.jpg 1200w, https:\/\/uploads.acordacidade.com.br\/2026\/09\/Fila-para-emissao-da-CIN-750x422.jpg 750w, https:\/\/uploads.acordacidade.com.br\/2026\/09\/Fila-para-emissao-da-CIN-1000x563.jpg 1000w, https:\/\/uploads.acordacidade.com.br\/2026\/09\/Fila-para-emissao-da-CIN-450x253.jpg 450w, https:\/\/uploads.acordacidade.com.br\/2026\/09\/Fila-para-emissao-da-CIN-150x84.jpg 150w\" sizes=\"(max-width: 1200px) 100vw, 1200px\"><figcaption class=\"wp-element-caption\">Foto: Paulo Jos\u00e9\/Acorda Cidade<\/figcaption><\/figure>\n<p class=\"wp-block-paragraph\">Maria Lima de Oliveira acordou \u00e0s 3h e chegou \u00e0 fila \u00e0s 3h30. \u201cTenho f\u00e9 em Deus que irei sair com minha carteira.\u201d<\/p>\n<p class=\"wp-block-paragraph\">Wilson dos Santos levou uma cadeira para aguentar a longa espera. Ele foi junto com a esposa Maria de Lourdes, pois ambos precisam renovar o documento.<\/p>\n<p class=\"wp-block-paragraph\">Segundo os organizadores, a iniciativa ocorre em comemora\u00e7\u00e3o ao anivers\u00e1rio do conjunto Feira X. A distribui\u00e7\u00e3o de senhas e o in\u00edcio dos atendimentos acontecem diariamente a partir das 7h.<\/p>\n<p class=\"wp-block-paragraph\"><em>Com informa\u00e7\u00f5es do rep\u00f3rter Paulo Jos\u00e9, do Acorda Cidade<\/em><\/p>\n<h2 id=\"h-leia-mais\" class=\"wp-block-heading\">Leia mais:<\/h2>\n<p class=\"wp-block-paragraph\"><a href=\"https:\/\/www.acordacidade.com.br\/feira-de-santana\/sac-itinerante-realiza-emissao-da-nova-carteira-de-identidade-no-feira-x\/\" data-type=\"link\" data-id=\"https:\/\/www.acordacidade.com.br\/feira-de-santana\/sac-itinerante-realiza-emissao-da-nova-carteira-de-identidade-no-feira-x\/\">SAC Itinerante realiza emiss\u00e3o da nova Carteira de Identidade no Feira X<br \/><\/a><\/p>\n<p class=\"wp-block-paragraph\"><em>Siga o Acorda Cidade no\u00a0<\/em><a href=\"https:\/\/news.google.com\/search?q=acorda%20cidade&amp;hl=pt-BR&amp;gl=BR&amp;ceid=BR%3Apt-419\"><strong><em>Google Not\u00edcias<\/em><\/strong><\/a><em>\u00a0e receba os principais destaques do dia. Participe tamb\u00e9m dos nossos canais no\u00a0<\/em><a href=\"https:\/\/www.whatsapp.com\/channel\/0029Va6Rb4v3WHTNnsh8WI3N\"><strong><em>WhatsApp<\/em><\/strong><\/a><em>\u00a0e\u00a0<\/em><a href=\"https:\/\/www.youtube.com\/@acordacidadenoticias\/videos\"><strong>YouTube<\/strong><\/a><em>\u00a0e do grupo no\u00a0<\/em><a href=\"https:\/\/t.me\/+sSz0khrgARA0ZmRh\"><strong><em>Telegram<\/em><\/strong><\/a><em>.<\/em><a href=\"https:\/\/www.acordacidade.com.br\/colunas\/dilton-e-feito\/\"><\/a><\/p>\n<\/div>\n","protected":false},"excerpt":{"rendered":"<p>Foto: Paulo Jos\u00e9\/Acorda Cidade Centenas de pessoas compareceram na manh\u00e3 desta quarta-feira (2) ao Col\u00e9gio<\/p>\n","protected":false},"author":1,"featured_media":148445,"comment_status":"closed","ping_status":"closed","sticky":false,"template":"","format":"gallery","meta":{"footnotes":""},"categories":[8,9,6,57,56,10],"tags":[],"class_list":["post-148444","post","type-post","status-publish","format-gallery","has-post-thumbnail","hentry","category-bahia","category-brasil","category-feira-de-santana","category-mundo","category-policia","category-politica","post_format-post-format-gallery"],"featured_image_urls":{"full":["https:\/\/noticiasbahia360.com.br\/wp-content\/uploads\/2026\/09\/emissao-da-CIN.jpg",1200,675,false],"thumbnail":["https:\/\/noticiasbahia360.com.br\/wp-content\/uploads\/2026\/09\/emissao-da-CIN-150x150.jpg",150,150,true],"medium":["https:\/\/noticiasbahia360.com.br\/wp-content\/uploads\/2026\/09\/emissao-da-CIN-300x169.jpg",300,169,true],"medium_large":["https:\/\/noticiasbahia360.com.br\/wp-content\/uploads\/2026\/09\/emissao-da-CIN-768x432.jpg",640,360,true],"large":["https:\/\/noticiasbahia360.com.br\/wp-content\/uploads\/2026\/09\/emissao-da-CIN-1024x576.jpg",640,360,true],"1536x1536":["https:\/\/noticiasbahia360.com.br\/wp-content\/uploads\/2026\/09\/emissao-da-CIN.jpg",1200,675,false],"2048x2048":["https:\/\/noticiasbahia360.com.br\/wp-content\/uploads\/2026\/09\/emissao-da-CIN.jpg",1200,675,false],"chromenews-featured":["https:\/\/noticiasbahia360.com.br\/wp-content\/uploads\/2026\/09\/emissao-da-CIN-1024x576.jpg",1024,576,true],"chromenews-large":["https:\/\/noticiasbahia360.com.br\/wp-content\/uploads\/2026\/09\/emissao-da-CIN-825x575.jpg",825,575,true],"chromenews-medium":["https:\/\/noticiasbahia360.com.br\/wp-content\/uploads\/2026\/09\/emissao-da-CIN-590x410.jpg",590,410,true]},"author_info":{"display_name":"noticiasbahia360.com.br","author_link":"https:\/\/noticiasbahia360.com.br\/?author=1"},"category_info":"<a href=\"https:\/\/noticiasbahia360.com.br\/?cat=8\" rel=\"category\">Bahia<\/a> <a href=\"https:\/\/noticiasbahia360.com.br\/?cat=9\" rel=\"category\">Brasil<\/a> <a href=\"https:\/\/noticiasbahia360.com.br\/?cat=6\" rel=\"category\">Feira de Santana<\/a> <a href=\"https:\/\/noticiasbahia360.com.br\/?cat=57\" rel=\"category\">Mundo<\/a> <a href=\"https:\/\/noticiasbahia360.com.br\/?cat=56\" rel=\"category\">Pol\u00edcia<\/a> <a href=\"https:\/\/noticiasbahia360.com.br\/?cat=10\" rel=\"category\">Pol\u00edtica<\/a>","tag_info":"Pol\u00edtica","comment_count":"0","_links":{"self":[{"href":"https:\/\/noticiasbahia360.com.br\/index.php?rest_route=\/wp\/v2\/posts\/148444","targetHints":{"allow":["GET"]}}],"collection":[{"href":"https:\/\/noticiasbahia360.com.br\/index.php?rest_route=\/wp\/v2\/posts"}],"about":[{"href":"https:\/\/noticiasbahia360.com.br\/index.php?rest_route=\/wp\/v2\/types\/post"}],"author":[{"embeddable":true,"href":"https:\/\/noticiasbahia360.com.br\/index.php?rest_route=\/wp\/v2\/users\/1"}],"replies":[{"embeddable":true,"href":"https:\/\/noticiasbahia360.com.br\/index.php?rest_route=%2Fwp%2Fv2%2Fcomments&post=148444"}],"version-history":[{"count":0,"href":"https:\/\/noticiasbahia360.com.br\/index.php?rest_route=\/wp\/v2\/posts\/148444\/revisions"}],"wp:featuredmedia":[{"embeddable":true,"href":"https:\/\/noticiasbahia360.com.br\/index.php?rest_route=\/wp\/v2\/media\/148445"}],"wp:attachment":[{"href":"https:\/\/noticiasbahia360.com.br\/index.php?rest_route=%2Fwp%2Fv2%2Fmedia&parent=148444"}],"wp:term":[{"taxonomy":"category","embeddable":true,"href":"https:\/\/noticiasbahia360.com.br\/index.php?rest_route=%2Fwp%2Fv2%2Fcategories&post=148444"},{"taxonomy":"post_tag","embeddable":true,"href":"https:\/\/noticiasbahia360.com.br\/index.php?rest_route=%2Fwp%2Fv2%2Ftags&post=148444"}],"curies":[{"name":"wp","href":"https:\/\/api.w.org\/{rel}","templated":true}]}}