{"id":148448,"date":"2026-09-02T10:03:53","date_gmt":"2026-09-02T13:03:53","guid":{"rendered":"https:\/\/noticiasbahia360.com.br\/?p=148448"},"modified":"2026-09-02T10:03:53","modified_gmt":"2026-09-02T13:03:53","slug":"moradores-madrugam-em-fila-no-centro-de-feira-de-santana-para-pegar-medicamentos-gratuitos","status":"publish","type":"post","link":"https:\/\/noticiasbahia360.com.br\/?p=148448","title":{"rendered":"Moradores madrugam em fila no centro de Feira de Santana para pegar medicamentos gratuitos"},"content":{"rendered":"<div>\n<div>\n<figure><img decoding=\"async\" src=\"http:\/\/noticiasbahia360.com.br\/wp-content\/uploads\/2026\/09\/Moradores-enfrentam-fila-desde-a-madrugada-para-retirar-remedios-gratuitos-1.jpeg\" alt=\"Moradores enfrentam fila desde a madrugada para retirar rem\u00e9dios gratuitos\"><figcaption>Foto: Paulo Jos\u00e9 \/ Acorda Cidade <\/figcaption><\/figure>\n<\/div>\n<p class=\"wp-block-paragraph\">Moradores de diferentes bairros de Feira de Santana enfrentaram uma longa fila na manh\u00e3 desta quarta-feira (2) para retirar medicamentos gratuitos. O flagrante da reportagem do Acorda Cidade ocorreu em um ponto da Avenida Senhor dos Passos, no centro da cidade. <\/p>\n<p class=\"wp-block-paragraph\">Alguns pacientes chegaram ao local ainda durante a madrugada na tentativa de garantir atendimento. Entre os moradores que aguardavam na fila estava Virg\u00ednio Oliveira, que contou para a reportagem que mora no bairro Bras\u00edlia. <\/p>\n<p class=\"wp-block-paragraph\">Ele disse que chegou ao local por volta das 5h45 e afirmou que a movimenta\u00e7\u00e3o \u00e9 frequente no in\u00edcio de cada m\u00eas.<\/p>\n<p class=\"wp-block-paragraph\">\u201c\u00c9 a fila constante, toda vez assim. Eu tomo Losartana e outro medicamento de 25 miligramas. Essa fila aqui est\u00e1 s\u00f3 o osso da pipoca\u201d, brincou o morador ao falar da espera para conseguir retirar os medicamentos.<\/p>\n<figure class=\"wp-block-image size-full\"><img fetchpriority=\"high\" fetchpriority=\"high\" decoding=\"async\" width=\"1200\" height=\"675\" src=\"http:\/\/noticiasbahia360.com.br\/wp-content\/uploads\/2026\/09\/Moradores-enfrentam-fila-desde-a-madrugada-para-retirar-remedios-gratuitos-2.jpeg\" alt=\"Moradores enfrentam fila desde a madrugada para retirar rem\u00e9dios gratuitos\" class=\"wp-image-687114\" srcset=\"http:\/\/noticiasbahia360.com.br\/wp-content\/uploads\/2026\/09\/Moradores-enfrentam-fila-desde-a-madrugada-para-retirar-remedios-gratuitos-2.jpeg 1200w, https:\/\/uploads.acordacidade.com.br\/2026\/09\/Moradores-enfrentam-fila-desde-a-madrugada-para-retirar-remedios-gratuitos-2-750x422.jpeg 750w, https:\/\/uploads.acordacidade.com.br\/2026\/09\/Moradores-enfrentam-fila-desde-a-madrugada-para-retirar-remedios-gratuitos-2-1000x563.jpeg 1000w, https:\/\/uploads.acordacidade.com.br\/2026\/09\/Moradores-enfrentam-fila-desde-a-madrugada-para-retirar-remedios-gratuitos-2-450x253.jpeg 450w, https:\/\/uploads.acordacidade.com.br\/2026\/09\/Moradores-enfrentam-fila-desde-a-madrugada-para-retirar-remedios-gratuitos-2-150x84.jpeg 150w\" sizes=\"(max-width: 1200px) 100vw, 1200px\"><figcaption class=\"wp-element-caption\">Foto: Paulo Jos\u00e9 \/ Acorda Cidade <\/figcaption><\/figure>\n<p class=\"wp-block-paragraph\">Ant\u00f4nio Pereira, que \u00e9 morador da Matinha, tamb\u00e9m chegou durante a madrugada. Ele contou que saiu de casa \u00e0s 5h e chegou ao endere\u00e7o por volta das 5h20.<br \/>\u201cMas quando eu cheguei aqui j\u00e1 tinha tr\u00eas na fila. A gente tem que sair muito cedo, se n\u00e3o n\u00e3o acha lugar na fila\u201d, disse Ant\u00f4nio.<\/p>\n<p class=\"wp-block-paragraph\">A din\u00e2mica de acordar o mais cedo poss\u00edvel tamb\u00e9m foi relatada por moradores do bairro Gabriela. Silvia Maria dos Santos contou para o Acorda Cidade que saiu de casa por volta das 4h20 para conseguir pegar o primeiro \u00f4nibus e chegar cedo ao local.<\/p>\n<p class=\"wp-block-paragraph\">Silvia disse que est\u00e1 cadastrada para receber os medicamentos e que todos os meses precisa comparecer ao local. Entre os rem\u00e9dios retirados est\u00e3o os para diabetes, colesterol e controle da press\u00e3o arterial.<\/p>\n<p class=\"wp-block-paragraph\">A m\u00e3e de Silvia tamb\u00e9m acompanhava a filha e informou que utiliza medicamentos para colesterol, diabetes e press\u00e3o alta. Segundo ela, o tratamento exige o uso di\u00e1rio dos comprimidos. A dupla conversou com a reportagem do Acorda Cidade enquanto aguardava o in\u00edcio da distribui\u00e7\u00e3o dos medicamentos.<\/p>\n<p class=\"wp-block-paragraph\"><em>Com informa\u00e7\u00f5es do rep\u00f3rter Paulo Jos\u00e9, do Acorda Cidade <\/em><\/p>\n<p class=\"wp-block-paragraph\"><em>Siga o Acorda Cidade no<a href=\"https:\/\/news.google.com\/search?q=acorda%20cidade&amp;hl=pt-BR&amp;gl=BR&amp;ceid=BR%3Apt-419\" target=\"_blank\" rel=\"noreferrer noopener\">\u00a0Google Not\u00edcias<\/a>\u00a0e receba os principais destaques do dia.\u00a0Participe tamb\u00e9m dos nossos grupos no\u00a0<a href=\"https:\/\/chat.whatsapp.com\/Fj2agnR6CdwLEb9Uqew8QI\" target=\"_blank\" rel=\"noreferrer noopener\">WhatsApp<\/a>\u00a0e\u00a0<a href=\"https:\/\/t.me\/+sSz0khrgARA0ZmRh\" target=\"_blank\" rel=\"noreferrer noopener\">Telegram<\/a><\/em><a href=\"https:\/\/www.acordacidade.com.br\/colunas\/dilton-e-feito\/\"><\/a><\/p>\n<\/div>\n","protected":false},"excerpt":{"rendered":"<p>Foto: Paulo Jos\u00e9 \/ Acorda Cidade Moradores de diferentes bairros de Feira de Santana enfrentaram<\/p>\n","protected":false},"author":1,"featured_media":148449,"comment_status":"closed","ping_status":"closed","sticky":false,"template":"","format":"gallery","meta":{"footnotes":""},"categories":[8,9,6,57,56,10],"tags":[],"class_list":["post-148448","post","type-post","status-publish","format-gallery","has-post-thumbnail","hentry","category-bahia","category-brasil","category-feira-de-santana","category-mundo","category-policia","category-politica","post_format-post-format-gallery"],"featured_image_urls":{"full":["https:\/\/noticiasbahia360.com.br\/wp-content\/uploads\/2026\/09\/Moradores-enfrentam-fila-desde-a-madrugada-para-retirar-remedios-gratuitos-1.jpeg",1200,675,false],"thumbnail":["https:\/\/noticiasbahia360.com.br\/wp-content\/uploads\/2026\/09\/Moradores-enfrentam-fila-desde-a-madrugada-para-retirar-remedios-gratuitos-1-150x150.jpeg",150,150,true],"medium":["https:\/\/noticiasbahia360.com.br\/wp-content\/uploads\/2026\/09\/Moradores-enfrentam-fila-desde-a-madrugada-para-retirar-remedios-gratuitos-1-300x169.jpeg",300,169,true],"medium_large":["https:\/\/noticiasbahia360.com.br\/wp-content\/uploads\/2026\/09\/Moradores-enfrentam-fila-desde-a-madrugada-para-retirar-remedios-gratuitos-1-768x432.jpeg",640,360,true],"large":["https:\/\/noticiasbahia360.com.br\/wp-content\/uploads\/2026\/09\/Moradores-enfrentam-fila-desde-a-madrugada-para-retirar-remedios-gratuitos-1-1024x576.jpeg",640,360,true],"1536x1536":["https:\/\/noticiasbahia360.com.br\/wp-content\/uploads\/2026\/09\/Moradores-enfrentam-fila-desde-a-madrugada-para-retirar-remedios-gratuitos-1.jpeg",1200,675,false],"2048x2048":["https:\/\/noticiasbahia360.com.br\/wp-content\/uploads\/2026\/09\/Moradores-enfrentam-fila-desde-a-madrugada-para-retirar-remedios-gratuitos-1.jpeg",1200,675,false],"chromenews-featured":["https:\/\/noticiasbahia360.com.br\/wp-content\/uploads\/2026\/09\/Moradores-enfrentam-fila-desde-a-madrugada-para-retirar-remedios-gratuitos-1-1024x576.jpeg",1024,576,true],"chromenews-large":["https:\/\/noticiasbahia360.com.br\/wp-content\/uploads\/2026\/09\/Moradores-enfrentam-fila-desde-a-madrugada-para-retirar-remedios-gratuitos-1-825x575.jpeg",825,575,true],"chromenews-medium":["https:\/\/noticiasbahia360.com.br\/wp-content\/uploads\/2026\/09\/Moradores-enfrentam-fila-desde-a-madrugada-para-retirar-remedios-gratuitos-1-590x410.jpeg",590,410,true]},"author_info":{"display_name":"noticiasbahia360.com.br","author_link":"https:\/\/noticiasbahia360.com.br\/?author=1"},"category_info":"<a href=\"https:\/\/noticiasbahia360.com.br\/?cat=8\" rel=\"category\">Bahia<\/a> <a href=\"https:\/\/noticiasbahia360.com.br\/?cat=9\" rel=\"category\">Brasil<\/a> <a href=\"https:\/\/noticiasbahia360.com.br\/?cat=6\" rel=\"category\">Feira de Santana<\/a> <a href=\"https:\/\/noticiasbahia360.com.br\/?cat=57\" rel=\"category\">Mundo<\/a> <a href=\"https:\/\/noticiasbahia360.com.br\/?cat=56\" rel=\"category\">Pol\u00edcia<\/a> <a href=\"https:\/\/noticiasbahia360.com.br\/?cat=10\" rel=\"category\">Pol\u00edtica<\/a>","tag_info":"Pol\u00edtica","comment_count":"0","_links":{"self":[{"href":"https:\/\/noticiasbahia360.com.br\/index.php?rest_route=\/wp\/v2\/posts\/148448","targetHints":{"allow":["GET"]}}],"collection":[{"href":"https:\/\/noticiasbahia360.com.br\/index.php?rest_route=\/wp\/v2\/posts"}],"about":[{"href":"https:\/\/noticiasbahia360.com.br\/index.php?rest_route=\/wp\/v2\/types\/post"}],"author":[{"embeddable":true,"href":"https:\/\/noticiasbahia360.com.br\/index.php?rest_route=\/wp\/v2\/users\/1"}],"replies":[{"embeddable":true,"href":"https:\/\/noticiasbahia360.com.br\/index.php?rest_route=%2Fwp%2Fv2%2Fcomments&post=148448"}],"version-history":[{"count":0,"href":"https:\/\/noticiasbahia360.com.br\/index.php?rest_route=\/wp\/v2\/posts\/148448\/revisions"}],"wp:featuredmedia":[{"embeddable":true,"href":"https:\/\/noticiasbahia360.com.br\/index.php?rest_route=\/wp\/v2\/media\/148449"}],"wp:attachment":[{"href":"https:\/\/noticiasbahia360.com.br\/index.php?rest_route=%2Fwp%2Fv2%2Fmedia&parent=148448"}],"wp:term":[{"taxonomy":"category","embeddable":true,"href":"https:\/\/noticiasbahia360.com.br\/index.php?rest_route=%2Fwp%2Fv2%2Fcategories&post=148448"},{"taxonomy":"post_tag","embeddable":true,"href":"https:\/\/noticiasbahia360.com.br\/index.php?rest_route=%2Fwp%2Fv2%2Ftags&post=148448"}],"curies":[{"name":"wp","href":"https:\/\/api.w.org\/{rel}","templated":true}]}}