{"id":148451,"date":"2026-09-02T10:03:55","date_gmt":"2026-09-02T13:03:55","guid":{"rendered":"https:\/\/noticiasbahia360.com.br\/?p=148451"},"modified":"2026-09-02T10:03:55","modified_gmt":"2026-09-02T13:03:55","slug":"espetaculo-aborda-sexualidade-de-forma-divertida-neste-fim-de-semana-em-feira-de-santana","status":"publish","type":"post","link":"https:\/\/noticiasbahia360.com.br\/?p=148451","title":{"rendered":"Espet\u00e1culo aborda sexualidade de forma divertida neste fim de semana em Feira de Santana"},"content":{"rendered":"<div>\n<div>\n<figure><img decoding=\"async\" src=\"http:\/\/noticiasbahia360.com.br\/wp-content\/uploads\/2026\/09\/sexo-com-aboboras.jpg\" alt=\"Espet\u00e1culo aborda sexualidade de forma divertida neste fim de semana em Feira de Santana\"><figcaption>Foto: Divulga\u00e7\u00e3o<\/figcaption><\/figure>\n<\/div>\n<p class=\"wp-block-paragraph\">Sucesso de p\u00fablico em Feira de Santana, o espet\u00e1culo \u201cSexo com Ab\u00f3boras\u201d volta aos palcos do projeto Feira Tem Teatro com cenas in\u00e9ditas, nesta sexta-feira e s\u00e1bado, dias 4 e 5 de setembro, \u00e0s 20h, no Teatro do Centro Universit\u00e1rio de Cultura e Arte (Cuca). <a href=\"https:\/\/www.sympla.com.br\/evento\/sexo-com-aboboras\/3544267?referrer=www.google.com\" data-type=\"link\" data-id=\"https:\/\/www.sympla.com.br\/evento\/sexo-com-aboboras\/3544267?referrer=www.google.com\">Os ingressos podem ser adquiridos antecipadamente pela plataforma Sympla<\/a>, com valor promocional de meia-entrada para todos<\/p>\n<p class=\"wp-block-paragraph\">Inspirada nas cr\u00f4nicas de Luis Fernando Verissimo, a com\u00e9dia usa o humor para abordar o desejo, a sexualidade e as repress\u00f5es constru\u00eddas pela sociedade ao longo do tempo. Com dire\u00e7\u00e3o de Geovane Mascarenhas, a montagem tamb\u00e9m trata das parafilias \u2014 comportamentos e interesses sexuais que fogem dos padr\u00f5es considerados tradicionais.<\/p>\n<p class=\"wp-block-paragraph\">\u201cEmbora muitas pessoas ainda se sintam desconfort\u00e1veis em falar abertamente sobre sexo, o assunto sempre desperta curiosidade. Apresentamos o tema explorando suas diferentes nuances, sem abrir m\u00e3o do entretenimento\u201d, afirma o diretor Geovane Mascarenhas.<\/p>\n<p class=\"wp-block-paragraph\">O elenco re\u00fane Gabriel Santana, J\u00falia Lorrana, Natan Almeida, Liu Silva, Vic\u00eancia Vita e Ewerton Uz\u00eada, jovens artistas da cena teatral de Feira de Santana. A trilha sonora \u00e9 formada por sucessos da cantora feirense Rachel Reis.<\/p>\n<h2 id=\"h-palco-aberto-antecede-apresentacao\" class=\"wp-block-heading\">Palco Aberto antecede apresenta\u00e7\u00e3o<\/h2>\n<p class=\"wp-block-paragraph\">Sob o tema \u201cNo palco a gente se v\u00ea. No teatro a gente se encontra\u201d, a nova temporada do projeto Feira Tem Teatro volta a realizar o Palco Aberto, iniciativa em que artistas de diferentes linguagens como m\u00fasica, dan\u00e7a, literatura, poesia e artes visuais s\u00e3o convidados para recepcionar o p\u00fablico com <a href=\"https:\/\/www.acordacidade.com.br\/cultura\/mariah-carey-confirma-apresentacoes-no-brasil-em-novembro\/\" data-type=\"post\" data-id=\"657997\">apresenta\u00e7\u00f5es<\/a> realizadas nos 30 minutos que antecedem cada sess\u00e3o, transformando a ida ao teatro em uma experi\u00eancia cultural ampliada. Nos dias 4 e 5 de setembro, \u00e0s 18h30, o artista convidado \u00e9 Xande Paim.<\/p>\n<h2 id=\"h-o-feira-tem-teatro\" class=\"wp-block-heading\">O Feira Tem Teatro<\/h2>\n<p class=\"wp-block-paragraph\">Consolidado como uma das principais iniciativas de valoriza\u00e7\u00e3o do teatro local, o Feira Tem Teatro chega \u00e0 sua oitava edi\u00e7\u00e3o promovendo o acesso do p\u00fablico a espet\u00e1culos produzidos em Feira de Santana. Em 2026, o projeto, idealizado pelo ator, diretor e dramaturgo Geovane Mascarenhas, reafirma seu compromisso com o fortalecimento da cena cultural da cidade, ampliando o di\u00e1logo entre mem\u00f3ria, arte e identidade.<\/p>\n<p class=\"wp-block-paragraph\">O projeto Feira Tem Teatro foi contemplado nos Editais da Pol\u00edtica Nacional Aldir Blanc de Fomento \u00e0 Cultura na Bahia. A iniciativa \u00e9 realizada com recursos do Governo Federal, repassados pelo Minist\u00e9rio da Cultura, e executada pelo Governo do Estado da Bahia, por meio da Secretaria de Cultura do Estado.<\/p>\n<p class=\"wp-block-paragraph\"><strong>Servi\u00e7o<\/strong><br \/>Espet\u00e1culo: Sexo com Ab\u00f3boras<br \/>Datas: 4 e 5 de setembro<br \/>Hor\u00e1rio: 19h30 (palco aberto) e 20h (espet\u00e1culo)<br \/>Local: Teatro do Cuca<br \/><a href=\"https:\/\/www.sympla.com.br\/evento\/sexo-com-aboboras\/3544267?referrer=www.google.com\" data-type=\"link\" data-id=\"https:\/\/www.sympla.com.br\/evento\/sexo-com-aboboras\/3544267?referrer=www.google.com\">Ingressos atrav\u00e9s do Sympla<\/a><\/p>\n<p class=\"wp-block-paragraph\"><em>Siga o Acorda Cidade no\u00a0<\/em><a href=\"https:\/\/news.google.com\/search?q=acorda%20cidade&amp;hl=pt-BR&amp;gl=BR&amp;ceid=BR%3Apt-419\"><strong><em>Google Not\u00edcias<\/em><\/strong><\/a><em>\u00a0e receba os principais destaques do dia. Participe tamb\u00e9m dos nossos canais no\u00a0<\/em><a href=\"https:\/\/www.whatsapp.com\/channel\/0029Va6Rb4v3WHTNnsh8WI3N\"><strong><em>WhatsApp<\/em><\/strong><\/a><em>\u00a0e\u00a0<\/em><a href=\"https:\/\/www.youtube.com\/@acordacidadenoticias\/videos\"><strong>YouTube<\/strong><\/a><em>\u00a0e do grupo no\u00a0<\/em><a href=\"https:\/\/t.me\/+sSz0khrgARA0ZmRh\"><strong><em>Telegram<\/em><\/strong><\/a><em>.<\/em><\/p>\n<\/div>\n","protected":false},"excerpt":{"rendered":"<p>Foto: Divulga\u00e7\u00e3o Sucesso de p\u00fablico em Feira de Santana, o espet\u00e1culo \u201cSexo com Ab\u00f3boras\u201d volta<\/p>\n","protected":false},"author":1,"featured_media":148452,"comment_status":"closed","ping_status":"closed","sticky":false,"template":"","format":"gallery","meta":{"footnotes":""},"categories":[8,9,6,57,56,10],"tags":[],"class_list":["post-148451","post","type-post","status-publish","format-gallery","has-post-thumbnail","hentry","category-bahia","category-brasil","category-feira-de-santana","category-mundo","category-policia","category-politica","post_format-post-format-gallery"],"featured_image_urls":{"full":["https:\/\/noticiasbahia360.com.br\/wp-content\/uploads\/2026\/09\/sexo-com-aboboras.jpg",1200,1076,false],"thumbnail":["https:\/\/noticiasbahia360.com.br\/wp-content\/uploads\/2026\/09\/sexo-com-aboboras-150x150.jpg",150,150,true],"medium":["https:\/\/noticiasbahia360.com.br\/wp-content\/uploads\/2026\/09\/sexo-com-aboboras-300x269.jpg",300,269,true],"medium_large":["https:\/\/noticiasbahia360.com.br\/wp-content\/uploads\/2026\/09\/sexo-com-aboboras-768x689.jpg",640,574,true],"large":["https:\/\/noticiasbahia360.com.br\/wp-content\/uploads\/2026\/09\/sexo-com-aboboras-1024x918.jpg",640,574,true],"1536x1536":["https:\/\/noticiasbahia360.com.br\/wp-content\/uploads\/2026\/09\/sexo-com-aboboras.jpg",1200,1076,false],"2048x2048":["https:\/\/noticiasbahia360.com.br\/wp-content\/uploads\/2026\/09\/sexo-com-aboboras.jpg",1200,1076,false],"chromenews-featured":["https:\/\/noticiasbahia360.com.br\/wp-content\/uploads\/2026\/09\/sexo-com-aboboras-1024x918.jpg",1024,918,true],"chromenews-large":["https:\/\/noticiasbahia360.com.br\/wp-content\/uploads\/2026\/09\/sexo-com-aboboras-825x575.jpg",825,575,true],"chromenews-medium":["https:\/\/noticiasbahia360.com.br\/wp-content\/uploads\/2026\/09\/sexo-com-aboboras-590x410.jpg",590,410,true]},"author_info":{"display_name":"noticiasbahia360.com.br","author_link":"https:\/\/noticiasbahia360.com.br\/?author=1"},"category_info":"<a href=\"https:\/\/noticiasbahia360.com.br\/?cat=8\" rel=\"category\">Bahia<\/a> <a href=\"https:\/\/noticiasbahia360.com.br\/?cat=9\" rel=\"category\">Brasil<\/a> <a href=\"https:\/\/noticiasbahia360.com.br\/?cat=6\" rel=\"category\">Feira de Santana<\/a> <a href=\"https:\/\/noticiasbahia360.com.br\/?cat=57\" rel=\"category\">Mundo<\/a> <a href=\"https:\/\/noticiasbahia360.com.br\/?cat=56\" rel=\"category\">Pol\u00edcia<\/a> <a href=\"https:\/\/noticiasbahia360.com.br\/?cat=10\" rel=\"category\">Pol\u00edtica<\/a>","tag_info":"Pol\u00edtica","comment_count":"0","_links":{"self":[{"href":"https:\/\/noticiasbahia360.com.br\/index.php?rest_route=\/wp\/v2\/posts\/148451","targetHints":{"allow":["GET"]}}],"collection":[{"href":"https:\/\/noticiasbahia360.com.br\/index.php?rest_route=\/wp\/v2\/posts"}],"about":[{"href":"https:\/\/noticiasbahia360.com.br\/index.php?rest_route=\/wp\/v2\/types\/post"}],"author":[{"embeddable":true,"href":"https:\/\/noticiasbahia360.com.br\/index.php?rest_route=\/wp\/v2\/users\/1"}],"replies":[{"embeddable":true,"href":"https:\/\/noticiasbahia360.com.br\/index.php?rest_route=%2Fwp%2Fv2%2Fcomments&post=148451"}],"version-history":[{"count":0,"href":"https:\/\/noticiasbahia360.com.br\/index.php?rest_route=\/wp\/v2\/posts\/148451\/revisions"}],"wp:featuredmedia":[{"embeddable":true,"href":"https:\/\/noticiasbahia360.com.br\/index.php?rest_route=\/wp\/v2\/media\/148452"}],"wp:attachment":[{"href":"https:\/\/noticiasbahia360.com.br\/index.php?rest_route=%2Fwp%2Fv2%2Fmedia&parent=148451"}],"wp:term":[{"taxonomy":"category","embeddable":true,"href":"https:\/\/noticiasbahia360.com.br\/index.php?rest_route=%2Fwp%2Fv2%2Fcategories&post=148451"},{"taxonomy":"post_tag","embeddable":true,"href":"https:\/\/noticiasbahia360.com.br\/index.php?rest_route=%2Fwp%2Fv2%2Ftags&post=148451"}],"curies":[{"name":"wp","href":"https:\/\/api.w.org\/{rel}","templated":true}]}}