{"id":148453,"date":"2026-09-02T11:04:58","date_gmt":"2026-09-02T14:04:58","guid":{"rendered":"https:\/\/noticiasbahia360.com.br\/?p=148453"},"modified":"2026-09-02T11:04:58","modified_gmt":"2026-09-02T14:04:58","slug":"ator-e-diretor-gracindo-jr-pioneiro-da-tv-globo-morre-aos-83-anos-no-rio-de-janeiro","status":"publish","type":"post","link":"https:\/\/noticiasbahia360.com.br\/?p=148453","title":{"rendered":"Ator e diretor Gracindo Jr., pioneiro da TV Globo, morre aos 83 anos no Rio de Janeiro"},"content":{"rendered":"<div>\n<div>\n<figure><img decoding=\"async\" src=\"http:\/\/noticiasbahia360.com.br\/wp-content\/uploads\/2026\/09\/g1-gracindo-jr1.webp\" alt=\"Ator e diretor Gracindo Jr., pioneiro da TV Globo, morre aos 83 anos no Rio de Janeiro\"><figcaption>Gracindo Jr. | Foto: Acervo\/ TV Globo<\/figcaption><\/figure>\n<\/div>\n<p class=\"wp-block-paragraph\">O ator e diretor Gracindo Jr. morreu na noite desta ter\u00e7a-feira (1\u00ba), aos 83 anos, em sua casa, no Rio de Janeiro. A informa\u00e7\u00e3o foi confirmada pelo filho, Pedro Gracindo. Segundo a fam\u00edlia, a morte ocorreu por causas naturais.<\/p>\n<p class=\"wp-block-paragraph\">Com mais de cinco d\u00e9cadas dedicadas ao teatro, r\u00e1dio, cinema e televis\u00e3o, Gracindo Jr. fez parte do primeiro elenco da TV Globo, emissora inaugurada em 1965. Ele j\u00e1 havia sido contratado em dezembro de 1964 e participou de novelas da fase inicial, como \u201cRosinha do Sobrado\u201d, \u201cPadre Ti\u00e3o\u201d, \u201cA Rainha Louca\u201d, \u201cA Pr\u00f3xima Atra\u00e7\u00e3o\u201d, \u201cSupermanoela\u201d e \u201cOs Ossos do Bar\u00e3o\u201d.<\/p>\n<figure class=\"wp-block-image size-full\"><img fetchpriority=\"high\" fetchpriority=\"high\" decoding=\"async\" width=\"1200\" height=\"827\" src=\"http:\/\/noticiasbahia360.com.br\/wp-content\/uploads\/2026\/09\/Gracindo-Jr-ator-e-diretor-da-Globo.webp\" alt=\"Ator e diretor Gracindo Jr., pioneiro da TV Globo, morre aos 83 anos no Rio de Janeiro\" class=\"wp-image-687133\" srcset=\"http:\/\/noticiasbahia360.com.br\/wp-content\/uploads\/2026\/09\/Gracindo-Jr-ator-e-diretor-da-Globo.webp 1200w, https:\/\/uploads.acordacidade.com.br\/2026\/09\/Gracindo-Jr-ator-e-diretor-da-Globo-750x517.webp 750w, https:\/\/uploads.acordacidade.com.br\/2026\/09\/Gracindo-Jr-ator-e-diretor-da-Globo-1000x689.webp 1000w, https:\/\/uploads.acordacidade.com.br\/2026\/09\/Gracindo-Jr-ator-e-diretor-da-Globo-450x310.webp 450w, https:\/\/uploads.acordacidade.com.br\/2026\/09\/Gracindo-Jr-ator-e-diretor-da-Globo-150x103.webp 150w\" sizes=\"(max-width: 1200px) 100vw, 1200px\"><figcaption class=\"wp-element-caption\">Foto: Frame de v\u00eddeo\/Mem\u00f3ria Globo<\/figcaption><\/figure>\n<p class=\"wp-block-paragraph\">Nascido no Rio de Janeiro, em 21 de maio de 1943, Epaminondas Xavier Gracindo era filho do consagrado ator Paulo Gracindo. Aos 15 anos, come\u00e7ou a carreira na R\u00e1dio Nacional, onde trabalhou como ator, redator e disc-j\u00f3quei. Em 1961, estreou no teatro na pe\u00e7a \u201cA Escada\u201d, de Oswald de Andrade. Apesar de ter cursado Psicologia, nunca exerceu a profiss\u00e3o.<\/p>\n<p class=\"wp-block-paragraph\">Pai e filho contracenaram nas famosas produ\u00e7\u00f5es da TV como \u201cO Bem Amado\u201d e \u201cO Casar\u00e3o\u201d. Nesta \u00faltima, Gracindo Jr. interpretou a vers\u00e3o jovem do protagonista Jo\u00e3o Maciel, enquanto Paulo Gracindo viveu o personagem na velhice.<\/p>\n<figure class=\"wp-block-image size-full\"><img decoding=\"async\" width=\"1200\" height=\"801\" src=\"http:\/\/noticiasbahia360.com.br\/wp-content\/uploads\/2026\/09\/g1-gracindo-bem-amado.webp\" alt=\"Ator e diretor Gracindo Jr., pioneiro da TV Globo, morre aos 83 anos no Rio de Janeiro\" class=\"wp-image-687132\" srcset=\"http:\/\/noticiasbahia360.com.br\/wp-content\/uploads\/2026\/09\/g1-gracindo-bem-amado.webp 1200w, https:\/\/uploads.acordacidade.com.br\/2026\/09\/g1-gracindo-bem-amado-750x501.webp 750w, https:\/\/uploads.acordacidade.com.br\/2026\/09\/g1-gracindo-bem-amado-1000x668.webp 1000w, https:\/\/uploads.acordacidade.com.br\/2026\/09\/g1-gracindo-bem-amado-450x300.webp 450w, https:\/\/uploads.acordacidade.com.br\/2026\/09\/g1-gracindo-bem-amado-150x100.webp 150w\" sizes=\"(max-width: 1200px) 100vw, 1200px\"><figcaption class=\"wp-element-caption\">Gracindo Jr. e o pai, o tamb\u00e9m ator Paulo Gracindo, durante a novela \u2018O Bem Amado\u2019 | Foto: TV Globo\/ Cedoc<\/figcaption><\/figure>\n<p class=\"wp-block-paragraph\">Al\u00e9m de atuar em sucessos como \u201cMandala\u201d, \u201cO Salvador da P\u00e1tria\u201d, \u201cRainha da Sucata\u201d, \u201cDeus nos Acuda\u201d, \u201cExplode Cora\u00e7\u00e3o\u201d, \u201cAnjo de Mim\u201d, \u201cEsplendor\u201d e \u201cCelebridade\u201d, Gracindo Jr. tamb\u00e9m se destacou como diretor. Entre os trabalhos est\u00e3o a novela \u201cMarron-Glac\u00e9\u201d e o programa \u201cOs Trapalh\u00f5es\u201d, dirigido por ele em 1983. O artista ainda participou da cria\u00e7\u00e3o e apresenta\u00e7\u00e3o dos primeiros videoclipes de artistas brasileiros exibidos pelo \u201cFant\u00e1stico\u201d.<\/p>\n<figure class=\"wp-block-image size-full\"><img decoding=\"async\" width=\"1200\" height=\"827\" src=\"http:\/\/noticiasbahia360.com.br\/wp-content\/uploads\/2026\/09\/Gracindo-Jr-e-Maite-ator-e-diretor-da-Globo.webp\" alt=\"Ator e diretor Gracindo Jr., pioneiro da TV Globo, morre aos 83 anos no Rio de Janeiro\" class=\"wp-image-687131\" srcset=\"http:\/\/noticiasbahia360.com.br\/wp-content\/uploads\/2026\/09\/Gracindo-Jr-e-Maite-ator-e-diretor-da-Globo.webp 1200w, https:\/\/uploads.acordacidade.com.br\/2026\/09\/Gracindo-Jr-e-Maite-ator-e-diretor-da-Globo-750x517.webp 750w, https:\/\/uploads.acordacidade.com.br\/2026\/09\/Gracindo-Jr-e-Maite-ator-e-diretor-da-Globo-1000x689.webp 1000w, https:\/\/uploads.acordacidade.com.br\/2026\/09\/Gracindo-Jr-e-Maite-ator-e-diretor-da-Globo-450x310.webp 450w, https:\/\/uploads.acordacidade.com.br\/2026\/09\/Gracindo-Jr-e-Maite-ator-e-diretor-da-Globo-150x103.webp 150w\" sizes=\"(max-width: 1200px) 100vw, 1200px\"><figcaption class=\"wp-element-caption\">Mait\u00ea Proen\u00e7a e Gracindo Jr. | Foto: Reprodu\u00e7\u00e3o<\/figcaption><\/figure>\n<p class=\"wp-block-paragraph\">Segundo divulgou o g1, o vel\u00f3rio ser\u00e1 aberto ao p\u00fablico nesta quinta-feira (3), a partir das 12h10, no Cremat\u00f3rio e Cemit\u00e9rio da Penit\u00eancia, no Rio. A crema\u00e7\u00e3o est\u00e1 marcada para as 14h10. Gracindo Jr. deixa cinco filhos, sete netos e a esposa, Daisy Poli, com quem foi casado por mais de 50 anos.<\/p>\n<p class=\"wp-block-paragraph\"><em>Siga o Acorda Cidade no\u00a0<\/em><a href=\"https:\/\/news.google.com\/search?q=acorda%20cidade&amp;hl=pt-BR&amp;gl=BR&amp;ceid=BR%3Apt-419\"><strong><em>Google Not\u00edcias<\/em><\/strong><\/a><em>\u00a0e receba os principais destaques do dia. Participe tamb\u00e9m dos nossos canais no\u00a0<\/em><a href=\"https:\/\/www.whatsapp.com\/channel\/0029Va6Rb4v3WHTNnsh8WI3N\"><strong><em>WhatsApp<\/em><\/strong><\/a><em>\u00a0e\u00a0<\/em><a href=\"https:\/\/www.youtube.com\/@acordacidadenoticias\/videos\"><strong>YouTube<\/strong><\/a><em>\u00a0e do grupo no\u00a0<\/em><a href=\"https:\/\/t.me\/+sSz0khrgARA0ZmRh\"><strong><em>Telegram<\/em><\/strong><\/a><em>.<\/em><\/p>\n<\/div>\n","protected":false},"excerpt":{"rendered":"<p>Gracindo Jr. | Foto: Acervo\/ TV Globo O ator e diretor Gracindo Jr. morreu na<\/p>\n","protected":false},"author":1,"featured_media":148454,"comment_status":"closed","ping_status":"closed","sticky":false,"template":"","format":"gallery","meta":{"footnotes":""},"categories":[8,9,6,57,56,10],"tags":[],"class_list":["post-148453","post","type-post","status-publish","format-gallery","has-post-thumbnail","hentry","category-bahia","category-brasil","category-feira-de-santana","category-mundo","category-policia","category-politica","post_format-post-format-gallery"],"featured_image_urls":{"full":["https:\/\/noticiasbahia360.com.br\/wp-content\/uploads\/2026\/09\/g1-gracindo-jr1.webp",1200,673,false],"thumbnail":["https:\/\/noticiasbahia360.com.br\/wp-content\/uploads\/2026\/09\/g1-gracindo-jr1-150x150.webp",150,150,true],"medium":["https:\/\/noticiasbahia360.com.br\/wp-content\/uploads\/2026\/09\/g1-gracindo-jr1-300x168.webp",300,168,true],"medium_large":["https:\/\/noticiasbahia360.com.br\/wp-content\/uploads\/2026\/09\/g1-gracindo-jr1-768x431.webp",640,359,true],"large":["https:\/\/noticiasbahia360.com.br\/wp-content\/uploads\/2026\/09\/g1-gracindo-jr1-1024x574.webp",640,359,true],"1536x1536":["https:\/\/noticiasbahia360.com.br\/wp-content\/uploads\/2026\/09\/g1-gracindo-jr1.webp",1200,673,false],"2048x2048":["https:\/\/noticiasbahia360.com.br\/wp-content\/uploads\/2026\/09\/g1-gracindo-jr1.webp",1200,673,false],"chromenews-featured":["https:\/\/noticiasbahia360.com.br\/wp-content\/uploads\/2026\/09\/g1-gracindo-jr1-1024x574.webp",1024,574,true],"chromenews-large":["https:\/\/noticiasbahia360.com.br\/wp-content\/uploads\/2026\/09\/g1-gracindo-jr1-825x575.webp",825,575,true],"chromenews-medium":["https:\/\/noticiasbahia360.com.br\/wp-content\/uploads\/2026\/09\/g1-gracindo-jr1-590x410.webp",590,410,true]},"author_info":{"display_name":"noticiasbahia360.com.br","author_link":"https:\/\/noticiasbahia360.com.br\/?author=1"},"category_info":"<a href=\"https:\/\/noticiasbahia360.com.br\/?cat=8\" rel=\"category\">Bahia<\/a> <a href=\"https:\/\/noticiasbahia360.com.br\/?cat=9\" rel=\"category\">Brasil<\/a> <a href=\"https:\/\/noticiasbahia360.com.br\/?cat=6\" rel=\"category\">Feira de Santana<\/a> <a href=\"https:\/\/noticiasbahia360.com.br\/?cat=57\" rel=\"category\">Mundo<\/a> <a href=\"https:\/\/noticiasbahia360.com.br\/?cat=56\" rel=\"category\">Pol\u00edcia<\/a> <a href=\"https:\/\/noticiasbahia360.com.br\/?cat=10\" rel=\"category\">Pol\u00edtica<\/a>","tag_info":"Pol\u00edtica","comment_count":"0","_links":{"self":[{"href":"https:\/\/noticiasbahia360.com.br\/index.php?rest_route=\/wp\/v2\/posts\/148453","targetHints":{"allow":["GET"]}}],"collection":[{"href":"https:\/\/noticiasbahia360.com.br\/index.php?rest_route=\/wp\/v2\/posts"}],"about":[{"href":"https:\/\/noticiasbahia360.com.br\/index.php?rest_route=\/wp\/v2\/types\/post"}],"author":[{"embeddable":true,"href":"https:\/\/noticiasbahia360.com.br\/index.php?rest_route=\/wp\/v2\/users\/1"}],"replies":[{"embeddable":true,"href":"https:\/\/noticiasbahia360.com.br\/index.php?rest_route=%2Fwp%2Fv2%2Fcomments&post=148453"}],"version-history":[{"count":0,"href":"https:\/\/noticiasbahia360.com.br\/index.php?rest_route=\/wp\/v2\/posts\/148453\/revisions"}],"wp:featuredmedia":[{"embeddable":true,"href":"https:\/\/noticiasbahia360.com.br\/index.php?rest_route=\/wp\/v2\/media\/148454"}],"wp:attachment":[{"href":"https:\/\/noticiasbahia360.com.br\/index.php?rest_route=%2Fwp%2Fv2%2Fmedia&parent=148453"}],"wp:term":[{"taxonomy":"category","embeddable":true,"href":"https:\/\/noticiasbahia360.com.br\/index.php?rest_route=%2Fwp%2Fv2%2Fcategories&post=148453"},{"taxonomy":"post_tag","embeddable":true,"href":"https:\/\/noticiasbahia360.com.br\/index.php?rest_route=%2Fwp%2Fv2%2Ftags&post=148453"}],"curies":[{"name":"wp","href":"https:\/\/api.w.org\/{rel}","templated":true}]}}