{"id":148460,"date":"2026-09-02T11:05:02","date_gmt":"2026-09-02T14:05:02","guid":{"rendered":"https:\/\/noticiasbahia360.com.br\/?p=148460"},"modified":"2026-09-02T11:05:02","modified_gmt":"2026-09-02T14:05:02","slug":"lula-lidera-1o-turno-com-37-das-intencoes-de-voto-confira-pontuacao-dos-outros-candidatos","status":"publish","type":"post","link":"https:\/\/noticiasbahia360.com.br\/?p=148460","title":{"rendered":"Lula lidera 1\u00ba turno com 37% das inten\u00e7\u00f5es de voto; confira pontua\u00e7\u00e3o dos outros candidatos"},"content":{"rendered":"<div>\n<div>\n<figure><img decoding=\"async\" src=\"http:\/\/noticiasbahia360.com.br\/wp-content\/uploads\/2026\/09\/Lula.webp\" alt=\"Confira como foi a largada de Lula, Fl\u00e1vio e outros presidenci\u00e1veis no primeiro dia oficial de campanha\"><figcaption>Presidente Lula | Foto: Paulo Pintoo\/ Ag\u00eancia Brasil<\/figcaption><\/figure>\n<\/div>\n<p class=\"wp-block-paragraph\">Pesquisa Quaest divulgada nesta quarta-feira (2) mostra o presidente Luiz In\u00e1cio Lula da Silva (PT) na lideran\u00e7a da disputa pelo Pal\u00e1cio do Planalto no primeiro turno, com 37% das inten\u00e7\u00f5es de voto. O senador Fl\u00e1vio Bolsonaro (PL) aparece em segundo, com 29%, enquanto o escritor Augusto Cury (Avante) registra 10%.<\/p>\n<p class=\"wp-block-paragraph\">O levantamento foi encomendado pelo jornal O Globo e pela Globo. No cen\u00e1rio estimulado \u2014 quando os nomes dos candidatos s\u00e3o apresentados aos entrevistados \u2014, aparecem ainda Renan Santos (Miss\u00e3o), com 3%; Ronaldo Caiado (PSD), Romeu Zema (Novo) e Samara Martins (UP), com 1% cada.<\/p>\n<p class=\"wp-block-paragraph\">Rui Costa Pimenta (PCO), Wilson Grassi (Democrata), Clariana Bar\u00e3o (DC), Edmilson Costa (PCB) e Hertz Dias (PSTU) n\u00e3o pontuaram.<\/p>\n<p class=\"wp-block-paragraph\"><strong>Confira os n\u00fameros:<\/strong><\/p>\n<ul class=\"wp-block-list\">\n<li>Lula (PT): 37%<\/li>\n<li>Fl\u00e1vio Bolsonaro (PL): 29%<\/li>\n<li>Augusto Cury (Avante): 10%<\/li>\n<li>Renan Santos (Miss\u00e3o): 3%<\/li>\n<li>Ronaldo Caiado (PSD): 1%<\/li>\n<li>Romeu Zema (Novo): 1%<\/li>\n<li>Samara Martins (UP): 1%<\/li>\n<li>Rui Costa Pimenta (PCO): 0%<\/li>\n<li>Wilson Grassi (Democrata): 0%<\/li>\n<li>Clariana Bar\u00e3o (DC): 0%<\/li>\n<li>Edmilson Costa (PCB): 0%<\/li>\n<li>Hertz Dias (PSTU): 0%<\/li>\n<li>Indecisos: 11%<\/li>\n<li>Branco\/nulo\/n\u00e3o vai votar: 7%<\/li>\n<\/ul>\n<h2 id=\"h-cenario-com-pablo-marcal\" class=\"wp-block-heading\">Cen\u00e1rio com Pablo Mar\u00e7al<\/h2>\n<p class=\"wp-block-paragraph\">A Quaest tamb\u00e9m testou um segundo cen\u00e1rio de primeiro turno, desta vez com Pablo Mar\u00e7al (PRTB). Nele, Lula permanece com 37%, enquanto Fl\u00e1vio Bolsonaro sobe para 30%. Augusto Cury mant\u00e9m os 10%.<\/p>\n<p class=\"wp-block-paragraph\">Renan Santos aparece com 3%. Caiado, Mar\u00e7al e Zema registram 1% cada. Samara Martins, Rui Costa Pimenta, Clariana Bar\u00e3o, Wilson Grassi, Edmilson Costa e Hertz Dias ficam com 0%.<\/p>\n<ul class=\"wp-block-list\">\n<li><strong>Lula (PT): 37%<\/strong><\/li>\n<li><strong>Fl\u00e1vio Bolsonaro (PL): 30%<\/strong><\/li>\n<li><strong>Augusto Cury (Avante): 10%<\/strong><\/li>\n<li><strong>Renan Santos (Miss\u00e3o): 3%<\/strong><\/li>\n<li><strong>Ronaldo Caiado (PSD): 1%<\/strong><\/li>\n<li><strong>Pablo Mar\u00e7al (PRTB): 1%<\/strong><\/li>\n<li><strong>Romeu Zema (Novo): 1%<\/strong><\/li>\n<li><strong>Samara Martins (UP): 0%<\/strong><\/li>\n<li><strong>Rui Costa Pimenta (PCO): 0%<\/strong><\/li>\n<li><strong>Clariana Bar\u00e3o (DC): 0%<\/strong><\/li>\n<li><strong>Wilson Grassi (Democrata): 0%<\/strong><\/li>\n<li><strong>Edmilson Costa (PCB): 0%<\/strong><\/li>\n<li><strong>Hertz Dias (PSTU): 0%<\/strong><\/li>\n<li><strong>Indecisos: 10%<\/strong><\/li>\n<li><strong>Branco\/nulo\/n\u00e3o vai votar: 7%<\/strong><\/li>\n<\/ul>\n<p class=\"wp-block-paragraph\">Os resultados n\u00e3o podem ser comparados diretamente com a pesquisa anterior, divulgada em 14 de agosto, porque o cen\u00e1rio eleitoral era diferente. Naquele levantamento, Leonardo Avalanche aparecia como candidato do PRTB. Ele deixou a disputa para Pablo Mar\u00e7al, que registrou sua candidatura no \u00faltimo dia do prazo, em 15 de agosto.<\/p>\n<p class=\"wp-block-paragraph\">Mar\u00e7al, no entanto, est\u00e1 ineleg\u00edvel, e ainda cabe ao Tribunal Superior Eleitoral (TSE) decidir se ele poder\u00e1 disputar a elei\u00e7\u00e3o.<\/p>\n<h2 id=\"h-pesquisa-espontanea\" class=\"wp-block-heading\">Pesquisa espont\u00e2nea <\/h2>\n<p class=\"wp-block-paragraph\">No cen\u00e1rio espont\u00e2neo, em que os entrevistados n\u00e3o recebem uma lista com os nomes dos candidatos, Lula tamb\u00e9m lidera, com 28%, seguido por Fl\u00e1vio Bolsonaro, com 20%. Augusto Cury aparece com 4%, enquanto outros nomes somados chegam a 4%.<\/p>\n<p class=\"wp-block-paragraph\">O dado que chama aten\u00e7\u00e3o \u00e9 o elevado n\u00famero de eleitores que ainda n\u00e3o definiram o voto: 42% est\u00e3o indecisos. Outros 2% afirmaram que votar\u00e3o em branco, nulo ou n\u00e3o ir\u00e3o votar.<\/p>\n<p class=\"wp-block-paragraph\">A Quaest entrevistou 2.004 pessoas com 16 anos ou mais, em todo o pa\u00eds, entre 30 de agosto e 1\u00ba de setembro. A margem de erro \u00e9 de dois pontos percentuais, para mais ou para menos, e o n\u00edvel de confian\u00e7a \u00e9 de 95%.<\/p>\n<p class=\"wp-block-paragraph\">A pesquisa foi registrada no Tribunal Superior Eleitoral sob o n\u00famero BR-07065\/2026.<\/p>\n<p class=\"wp-block-paragraph\"><em>Fonte: <a href=\"https:\/\/www.bahianoticias.com.br\/noticia\/320652-quaest-lula-lidera-1o-turno-com-37-mas-flavio-bolsonaro-chega-a-29-augusto-cury-tem-10\" data-type=\"link\" data-id=\"https:\/\/www.bahianoticias.com.br\/noticia\/320652-quaest-lula-lidera-1o-turno-com-37-mas-flavio-bolsonaro-chega-a-29-augusto-cury-tem-10\" target=\"_blank\" rel=\"noreferrer noopener\">Bahia Not\u00edcias<\/a>, site parceiro do Acorda Cidade.<\/em><\/p>\n<p class=\"wp-block-paragraph\"><em>Siga o Acorda Cidade no\u00a0<\/em><a href=\"https:\/\/news.google.com\/search?q=acorda%20cidade&amp;hl=pt-BR&amp;gl=BR&amp;ceid=BR%3Apt-419\"><strong><em>Google Not\u00edcias<\/em><\/strong><\/a><em>\u00a0e receba os principais destaques do dia. Participe tamb\u00e9m dos nossos canais no\u00a0<\/em><a href=\"https:\/\/www.whatsapp.com\/channel\/0029Va6Rb4v3WHTNnsh8WI3N\"><strong><em>WhatsApp<\/em><\/strong><\/a><em>\u00a0e\u00a0<\/em><a href=\"https:\/\/www.youtube.com\/@acordacidadenoticias\/videos\"><strong>YouTube<\/strong><\/a><em>\u00a0e do grupo no\u00a0<\/em><a href=\"https:\/\/t.me\/+sSz0khrgARA0ZmRh\"><strong><em>Telegram<\/em><\/strong><\/a><em>.<\/em><a href=\"https:\/\/www.acordacidade.com.br\/colunas\/dilton-e-feito\/\"><\/a><\/p>\n<\/div>\n","protected":false},"excerpt":{"rendered":"<p>Presidente Lula | Foto: Paulo Pintoo\/ Ag\u00eancia Brasil Pesquisa Quaest divulgada nesta quarta-feira (2) mostra<\/p>\n","protected":false},"author":1,"featured_media":148461,"comment_status":"closed","ping_status":"closed","sticky":false,"template":"","format":"gallery","meta":{"footnotes":""},"categories":[8,9,6,57,56,10],"tags":[],"class_list":["post-148460","post","type-post","status-publish","format-gallery","has-post-thumbnail","hentry","category-bahia","category-brasil","category-feira-de-santana","category-mundo","category-policia","category-politica","post_format-post-format-gallery"],"featured_image_urls":{"full":["https:\/\/noticiasbahia360.com.br\/wp-content\/uploads\/2026\/09\/Lula.webp",1200,801,false],"thumbnail":["https:\/\/noticiasbahia360.com.br\/wp-content\/uploads\/2026\/09\/Lula-150x150.webp",150,150,true],"medium":["https:\/\/noticiasbahia360.com.br\/wp-content\/uploads\/2026\/09\/Lula-300x200.webp",300,200,true],"medium_large":["https:\/\/noticiasbahia360.com.br\/wp-content\/uploads\/2026\/09\/Lula-768x513.webp",640,428,true],"large":["https:\/\/noticiasbahia360.com.br\/wp-content\/uploads\/2026\/09\/Lula-1024x684.webp",640,428,true],"1536x1536":["https:\/\/noticiasbahia360.com.br\/wp-content\/uploads\/2026\/09\/Lula.webp",1200,801,false],"2048x2048":["https:\/\/noticiasbahia360.com.br\/wp-content\/uploads\/2026\/09\/Lula.webp",1200,801,false],"chromenews-featured":["https:\/\/noticiasbahia360.com.br\/wp-content\/uploads\/2026\/09\/Lula-1024x684.webp",1024,684,true],"chromenews-large":["https:\/\/noticiasbahia360.com.br\/wp-content\/uploads\/2026\/09\/Lula-825x575.webp",825,575,true],"chromenews-medium":["https:\/\/noticiasbahia360.com.br\/wp-content\/uploads\/2026\/09\/Lula-590x410.webp",590,410,true]},"author_info":{"display_name":"noticiasbahia360.com.br","author_link":"https:\/\/noticiasbahia360.com.br\/?author=1"},"category_info":"<a href=\"https:\/\/noticiasbahia360.com.br\/?cat=8\" rel=\"category\">Bahia<\/a> <a href=\"https:\/\/noticiasbahia360.com.br\/?cat=9\" rel=\"category\">Brasil<\/a> <a href=\"https:\/\/noticiasbahia360.com.br\/?cat=6\" rel=\"category\">Feira de Santana<\/a> <a href=\"https:\/\/noticiasbahia360.com.br\/?cat=57\" rel=\"category\">Mundo<\/a> <a href=\"https:\/\/noticiasbahia360.com.br\/?cat=56\" rel=\"category\">Pol\u00edcia<\/a> <a href=\"https:\/\/noticiasbahia360.com.br\/?cat=10\" rel=\"category\">Pol\u00edtica<\/a>","tag_info":"Pol\u00edtica","comment_count":"0","_links":{"self":[{"href":"https:\/\/noticiasbahia360.com.br\/index.php?rest_route=\/wp\/v2\/posts\/148460","targetHints":{"allow":["GET"]}}],"collection":[{"href":"https:\/\/noticiasbahia360.com.br\/index.php?rest_route=\/wp\/v2\/posts"}],"about":[{"href":"https:\/\/noticiasbahia360.com.br\/index.php?rest_route=\/wp\/v2\/types\/post"}],"author":[{"embeddable":true,"href":"https:\/\/noticiasbahia360.com.br\/index.php?rest_route=\/wp\/v2\/users\/1"}],"replies":[{"embeddable":true,"href":"https:\/\/noticiasbahia360.com.br\/index.php?rest_route=%2Fwp%2Fv2%2Fcomments&post=148460"}],"version-history":[{"count":0,"href":"https:\/\/noticiasbahia360.com.br\/index.php?rest_route=\/wp\/v2\/posts\/148460\/revisions"}],"wp:featuredmedia":[{"embeddable":true,"href":"https:\/\/noticiasbahia360.com.br\/index.php?rest_route=\/wp\/v2\/media\/148461"}],"wp:attachment":[{"href":"https:\/\/noticiasbahia360.com.br\/index.php?rest_route=%2Fwp%2Fv2%2Fmedia&parent=148460"}],"wp:term":[{"taxonomy":"category","embeddable":true,"href":"https:\/\/noticiasbahia360.com.br\/index.php?rest_route=%2Fwp%2Fv2%2Fcategories&post=148460"},{"taxonomy":"post_tag","embeddable":true,"href":"https:\/\/noticiasbahia360.com.br\/index.php?rest_route=%2Fwp%2Fv2%2Ftags&post=148460"}],"curies":[{"name":"wp","href":"https:\/\/api.w.org\/{rel}","templated":true}]}}