{"id":148462,"date":"2026-09-02T11:05:04","date_gmt":"2026-09-02T14:05:04","guid":{"rendered":"https:\/\/noticiasbahia360.com.br\/?p=148462"},"modified":"2026-09-02T11:05:04","modified_gmt":"2026-09-02T14:05:04","slug":"secretaria-da-educacao-convoca-369-aprovados-no-reda-para-tecnicos-de-nivel-medio","status":"publish","type":"post","link":"https:\/\/noticiasbahia360.com.br\/?p=148462","title":{"rendered":"Secretaria da Educa\u00e7\u00e3o convoca 369 aprovados no Reda para t\u00e9cnicos de n\u00edvel m\u00e9dio"},"content":{"rendered":"<div>\n<div>\n<figure><img decoding=\"async\" src=\"http:\/\/noticiasbahia360.com.br\/wp-content\/uploads\/2026\/09\/Secretaria-da-Educacao-do-Estado-da-Bahia-Foto-ilustrativa-Douglas-Amaral.jpg\" alt=\"Secretaria da Educa\u00e7\u00e3o do Estado da Bahia | Foto: Ilustrativa\/ Douglas Amaral\"><figcaption>Secretaria da Educa\u00e7\u00e3o do Estado da Bahia | Foto: Ilustrativa\/ Douglas Amaral<\/figcaption><\/figure>\n<\/div>\n<p class=\"wp-block-paragraph\">A Secretaria da Educa\u00e7\u00e3o do Estado (SEC) publicou, no Di\u00e1rio Oficial do Estado desta quarta-feira (2), a convoca\u00e7\u00e3o de 369 candidatos aprovados no Processo Seletivo Simplificado Reda, referente ao Edital SEC\/Sudepen\u00ba 004\/2026, que selecionou t\u00e9cnicos de n\u00edvel m\u00e9dio. A convoca\u00e7\u00e3o decorre da necessidade de recomposi\u00e7\u00e3o e fortalecimento do quadro funcional da pasta para assegurar a continuidade das atividades administrativas e t\u00e9cnicas essenciais.<\/p>\n<p class=\"wp-block-paragraph\">Esta \u00e9 a primeira de uma s\u00e9rie de convoca\u00e7\u00f5es a serem realizadas ao longo do ano para preencher as 2.500 vagas divulgadas no edital. Os convocados ser\u00e3o distribu\u00eddos entre diferentes Territ\u00f3rios de Identidade do Estado.<\/p>\n<p class=\"wp-block-paragraph\">O v\u00ednculo contratual ter\u00e1 dura\u00e7\u00e3o de 36 meses, prorrog\u00e1vel por igual per\u00edodo. A jornada \u00e9 de 40 horas semanais. A remunera\u00e7\u00e3o ser\u00e1 estabelecida de acordo com o Edital n\u00b0 004\/2026 e ser\u00e1 composta por vencimento b\u00e1sico no valor de R$ 1.532,58, acrescido de Gratifica\u00e7\u00e3o de Fun\u00e7\u00e3o Tempor\u00e1ria, no valor de R$ 1.484,76, perfazendo o total de R$ 3.017,34.<\/p>\n<p class=\"wp-block-paragraph\">Os convocados devem entregar a documenta\u00e7\u00e3o necess\u00e1ria no per\u00edodo de 3 a 17 de setembro. Alguns dos documentos solicitados s\u00e3o o diploma de forma\u00e7\u00e3o compat\u00edvel com a fun\u00e7\u00e3o, carteira de identidade, CPF, comprovante de resid\u00eancia, declara\u00e7\u00e3o de inexist\u00eancia de ac\u00famulo de cargos p\u00fablicos e certid\u00f5es negativas. Para uma an\u00e1lise preliminar conduzida pela Coordena\u00e7\u00e3o de Provimento e Movimenta\u00e7\u00e3o (CPM), os documentos devem ser enviados digitalizados para o e-mail ingressocpm.sec@enova.educacao.ba.gov.br.<\/p>\n<p class=\"wp-block-paragraph\">Ap\u00f3s esta etapa, a documenta\u00e7\u00e3o original precisar\u00e1 ser entregue presencialmente nas sedes dos N\u00facleos Territoriais de Educa\u00e7\u00e3o (NTEs), acompanhada de c\u00f3pias para confer\u00eancia. Em Salvador, os convocados dever\u00e3o comparecer \u00e0 sede da SEC, no Centro Administrativo da Bahia (CAB), das 8h30 \u00e0s 11h, e das 14h \u00e0s 17h.<\/p>\n<p class=\"wp-block-paragraph\"><em>Siga o Acorda Cidade no\u00a0<\/em><a href=\"https:\/\/news.google.com\/search?q=acorda%20cidade&amp;hl=pt-BR&amp;gl=BR&amp;ceid=BR%3Apt-419\"><strong><em>Google Not\u00edcias<\/em><\/strong><\/a><em>\u00a0e receba os principais destaques do dia. Participe tamb\u00e9m dos nossos canais no\u00a0<\/em><a href=\"https:\/\/www.whatsapp.com\/channel\/0029Va6Rb4v3WHTNnsh8WI3N\"><strong><em>WhatsApp<\/em><\/strong><\/a><em>\u00a0e\u00a0<\/em><a href=\"https:\/\/www.youtube.com\/@acordacidadenoticias\/videos\"><strong>YouTube<\/strong><\/a><em>\u00a0e do grupo no\u00a0<\/em><a href=\"https:\/\/t.me\/+sSz0khrgARA0ZmRh\"><strong><em>Telegram<\/em><\/strong><\/a><em>.<\/em><\/p>\n<\/div>\n","protected":false},"excerpt":{"rendered":"<p>Secretaria da Educa\u00e7\u00e3o do Estado da Bahia | Foto: Ilustrativa\/ Douglas Amaral A Secretaria da<\/p>\n","protected":false},"author":1,"featured_media":148463,"comment_status":"closed","ping_status":"closed","sticky":false,"template":"","format":"gallery","meta":{"footnotes":""},"categories":[8,9,6,57,56,10],"tags":[],"class_list":["post-148462","post","type-post","status-publish","format-gallery","has-post-thumbnail","hentry","category-bahia","category-brasil","category-feira-de-santana","category-mundo","category-policia","category-politica","post_format-post-format-gallery"],"featured_image_urls":{"full":["https:\/\/noticiasbahia360.com.br\/wp-content\/uploads\/2026\/09\/Secretaria-da-Educacao-do-Estado-da-Bahia-Foto-ilustrativa-Douglas-Amaral.jpg",1200,800,false],"thumbnail":["https:\/\/noticiasbahia360.com.br\/wp-content\/uploads\/2026\/09\/Secretaria-da-Educacao-do-Estado-da-Bahia-Foto-ilustrativa-Douglas-Amaral-150x150.jpg",150,150,true],"medium":["https:\/\/noticiasbahia360.com.br\/wp-content\/uploads\/2026\/09\/Secretaria-da-Educacao-do-Estado-da-Bahia-Foto-ilustrativa-Douglas-Amaral-300x200.jpg",300,200,true],"medium_large":["https:\/\/noticiasbahia360.com.br\/wp-content\/uploads\/2026\/09\/Secretaria-da-Educacao-do-Estado-da-Bahia-Foto-ilustrativa-Douglas-Amaral-768x512.jpg",640,427,true],"large":["https:\/\/noticiasbahia360.com.br\/wp-content\/uploads\/2026\/09\/Secretaria-da-Educacao-do-Estado-da-Bahia-Foto-ilustrativa-Douglas-Amaral-1024x683.jpg",640,427,true],"1536x1536":["https:\/\/noticiasbahia360.com.br\/wp-content\/uploads\/2026\/09\/Secretaria-da-Educacao-do-Estado-da-Bahia-Foto-ilustrativa-Douglas-Amaral.jpg",1200,800,false],"2048x2048":["https:\/\/noticiasbahia360.com.br\/wp-content\/uploads\/2026\/09\/Secretaria-da-Educacao-do-Estado-da-Bahia-Foto-ilustrativa-Douglas-Amaral.jpg",1200,800,false],"chromenews-featured":["https:\/\/noticiasbahia360.com.br\/wp-content\/uploads\/2026\/09\/Secretaria-da-Educacao-do-Estado-da-Bahia-Foto-ilustrativa-Douglas-Amaral-1024x683.jpg",1024,683,true],"chromenews-large":["https:\/\/noticiasbahia360.com.br\/wp-content\/uploads\/2026\/09\/Secretaria-da-Educacao-do-Estado-da-Bahia-Foto-ilustrativa-Douglas-Amaral-825x575.jpg",825,575,true],"chromenews-medium":["https:\/\/noticiasbahia360.com.br\/wp-content\/uploads\/2026\/09\/Secretaria-da-Educacao-do-Estado-da-Bahia-Foto-ilustrativa-Douglas-Amaral-590x410.jpg",590,410,true]},"author_info":{"display_name":"noticiasbahia360.com.br","author_link":"https:\/\/noticiasbahia360.com.br\/?author=1"},"category_info":"<a href=\"https:\/\/noticiasbahia360.com.br\/?cat=8\" rel=\"category\">Bahia<\/a> <a href=\"https:\/\/noticiasbahia360.com.br\/?cat=9\" rel=\"category\">Brasil<\/a> <a href=\"https:\/\/noticiasbahia360.com.br\/?cat=6\" rel=\"category\">Feira de Santana<\/a> <a href=\"https:\/\/noticiasbahia360.com.br\/?cat=57\" rel=\"category\">Mundo<\/a> <a href=\"https:\/\/noticiasbahia360.com.br\/?cat=56\" rel=\"category\">Pol\u00edcia<\/a> <a href=\"https:\/\/noticiasbahia360.com.br\/?cat=10\" rel=\"category\">Pol\u00edtica<\/a>","tag_info":"Pol\u00edtica","comment_count":"0","_links":{"self":[{"href":"https:\/\/noticiasbahia360.com.br\/index.php?rest_route=\/wp\/v2\/posts\/148462","targetHints":{"allow":["GET"]}}],"collection":[{"href":"https:\/\/noticiasbahia360.com.br\/index.php?rest_route=\/wp\/v2\/posts"}],"about":[{"href":"https:\/\/noticiasbahia360.com.br\/index.php?rest_route=\/wp\/v2\/types\/post"}],"author":[{"embeddable":true,"href":"https:\/\/noticiasbahia360.com.br\/index.php?rest_route=\/wp\/v2\/users\/1"}],"replies":[{"embeddable":true,"href":"https:\/\/noticiasbahia360.com.br\/index.php?rest_route=%2Fwp%2Fv2%2Fcomments&post=148462"}],"version-history":[{"count":0,"href":"https:\/\/noticiasbahia360.com.br\/index.php?rest_route=\/wp\/v2\/posts\/148462\/revisions"}],"wp:featuredmedia":[{"embeddable":true,"href":"https:\/\/noticiasbahia360.com.br\/index.php?rest_route=\/wp\/v2\/media\/148463"}],"wp:attachment":[{"href":"https:\/\/noticiasbahia360.com.br\/index.php?rest_route=%2Fwp%2Fv2%2Fmedia&parent=148462"}],"wp:term":[{"taxonomy":"category","embeddable":true,"href":"https:\/\/noticiasbahia360.com.br\/index.php?rest_route=%2Fwp%2Fv2%2Fcategories&post=148462"},{"taxonomy":"post_tag","embeddable":true,"href":"https:\/\/noticiasbahia360.com.br\/index.php?rest_route=%2Fwp%2Fv2%2Ftags&post=148462"}],"curies":[{"name":"wp","href":"https:\/\/api.w.org\/{rel}","templated":true}]}}