{"id":148473,"date":"2026-09-02T12:03:46","date_gmt":"2026-09-02T15:03:46","guid":{"rendered":"https:\/\/noticiasbahia360.com.br\/?p=148473"},"modified":"2026-09-02T12:03:46","modified_gmt":"2026-09-02T15:03:46","slug":"durante-almoco-prefeitura-apresenta-a-imprensa-preparativos-para-a-47a-expofeira","status":"publish","type":"post","link":"https:\/\/noticiasbahia360.com.br\/?p=148473","title":{"rendered":"Durante almo\u00e7o, prefeitura apresenta \u00e0 imprensa preparativos para a 47\u00aa Expofeira"},"content":{"rendered":"<div>\n<div>\n<figure><img decoding=\"async\" src=\"http:\/\/noticiasbahia360.com.br\/wp-content\/uploads\/2026\/09\/Almoco-com-a-imprensa-marca-contagem-regressiva-para-a-47a-Expofeira.jpg\" alt=\"Almo\u00e7o com a imprensa marca contagem regressiva para a 47\u00aa Expofeira\"><figcaption>Foto: Marcelo Magalh\u00e3es<\/figcaption><\/figure>\n<\/div>\n<p class=\"wp-block-paragraph\">O Governo Municipal realiza, nesta sexta-feira (4), o tradicional encontro com profissionais de comunica\u00e7\u00e3o da Bahia para detalhar os preparativos para a 47\u00aa Exposi\u00e7\u00e3o Agropecu\u00e1ria de Feira de Santana (Expofeira 2026). O evento, que acontece em formato de almo\u00e7o institucional, com as presen\u00e7as do prefeito Jos\u00e9 Ronaldo de Carvalho, do secret\u00e1rio de Comunica\u00e7\u00e3o Social, Joilton Freitas, e do secret\u00e1rio de Agricultura, Silvaney Ara\u00fajo, ser\u00e1 palco para a apresenta\u00e7\u00e3o oficial das obras de revitaliza\u00e7\u00e3o e moderniza\u00e7\u00e3o do Parque de Exposi\u00e7\u00e3o Jo\u00e3o Martins da Silva. O momento marca a abertura dos trabalhos de cobertura jornal\u00edstica de uma das maiores feiras de agroneg\u00f3cio do Norte e Nordeste.<\/p>\n<p class=\"wp-block-paragraph\">A reuni\u00e3o estrat\u00e9gica servir\u00e1 para que a gest\u00e3o municipal apresente o balan\u00e7o das interven\u00e7\u00f5es estruturais realizadas no parque. Para esta edi\u00e7\u00e3o, o espa\u00e7o recebeu melhorias significativas na infraestrutura, incluindo a pavimenta\u00e7\u00e3o de novas vias internas, a reforma completa das baias e a amplia\u00e7\u00e3o da capacidade para expositores de com\u00e9rcio e servi\u00e7os. As mudan\u00e7as visam garantir mais conforto e seguran\u00e7a tanto para os criadores de animais quanto para os milhares de visitantes esperados durante os dias de evento.<\/p>\n<p class=\"wp-block-paragraph\">Al\u00e9m das novidades f\u00edsicas, a coordena\u00e7\u00e3o da Expofeira vai compartilhar com os jornalistas a programa\u00e7\u00e3o t\u00e9cnica e de entretenimento programada para movimentar a economia regional. Entre os grandes destaques deste ano est\u00e3o o retorno do rodeio \u00e0 arena principal, grandes leil\u00f5es de animais de alta linhagem gen\u00e9tica, o espa\u00e7o cultural Caminho da Ro\u00e7a e rodadas de neg\u00f3cios voltadas para o fortalecimento do produtor rural. A expectativa \u00e9 atrair investidores de diversos estados, consolidando o papel de Feira de Santana como polo de desenvolvimento agr\u00edcola.<\/p>\n<p class=\"wp-block-paragraph\">A 47\u00aa Expofeira acontecer\u00e1 entre os dias 6 e 13 de setembro, mobilizando setores que v\u00e3o do turismo hoteleiro ao com\u00e9rcio local. Com os primeiros animais j\u00e1 desembarcando nos pavilh\u00f5es, o almo\u00e7o de sexta-feira surge como a oportunidade ideal para alinhar o fluxo de informa\u00e7\u00f5es entre o poder p\u00fablico, os organizadores e a imprensa, garantindo transpar\u00eancia e dinamismo na divulga\u00e7\u00e3o do evento.<\/p>\n<p class=\"wp-block-paragraph\"><em>As informa\u00e7\u00f5es s\u00e3o da Secretaria de Comunica\u00e7\u00e3o Social de Feira de Santana (Secom).<\/em><\/p>\n<p class=\"wp-block-paragraph\"><em>Siga o Acorda Cidade no\u00a0<\/em><a href=\"https:\/\/news.google.com\/search?q=acorda%20cidade&amp;hl=pt-BR&amp;gl=BR&amp;ceid=BR%3Apt-419\"><strong><em>Google Not\u00edcias<\/em><\/strong><\/a><em>\u00a0e receba os principais destaques do dia. Participe tamb\u00e9m dos nossos canais no\u00a0<\/em><a href=\"https:\/\/whatsapp.com\/channel\/0029Va6Rb4v3WHTNnsh8WI3N\"><strong><em>WhatsApp<\/em><\/strong><\/a><em>\u00a0e\u00a0<\/em><a href=\"https:\/\/www.youtube.com\/@acordacidadenoticias\/videos\"><strong>YouTube<\/strong><\/a><em>\u00a0e do grupo no\u00a0<\/em><a href=\"https:\/\/t.me\/+sSz0khrgARA0ZmRh\"><strong><em>Telegram<\/em><\/strong><\/a><em>.<\/em><\/p>\n<\/div>\n","protected":false},"excerpt":{"rendered":"<p>Foto: Marcelo Magalh\u00e3es O Governo Municipal realiza, nesta sexta-feira (4), o tradicional encontro com profissionais<\/p>\n","protected":false},"author":1,"featured_media":148474,"comment_status":"closed","ping_status":"closed","sticky":false,"template":"","format":"gallery","meta":{"footnotes":""},"categories":[8,9,6,57,56,10],"tags":[],"class_list":["post-148473","post","type-post","status-publish","format-gallery","has-post-thumbnail","hentry","category-bahia","category-brasil","category-feira-de-santana","category-mundo","category-policia","category-politica","post_format-post-format-gallery"],"featured_image_urls":{"full":["https:\/\/noticiasbahia360.com.br\/wp-content\/uploads\/2026\/09\/Almoco-com-a-imprensa-marca-contagem-regressiva-para-a-47a-Expofeira.jpg",1200,799,false],"thumbnail":["https:\/\/noticiasbahia360.com.br\/wp-content\/uploads\/2026\/09\/Almoco-com-a-imprensa-marca-contagem-regressiva-para-a-47a-Expofeira-150x150.jpg",150,150,true],"medium":["https:\/\/noticiasbahia360.com.br\/wp-content\/uploads\/2026\/09\/Almoco-com-a-imprensa-marca-contagem-regressiva-para-a-47a-Expofeira-300x200.jpg",300,200,true],"medium_large":["https:\/\/noticiasbahia360.com.br\/wp-content\/uploads\/2026\/09\/Almoco-com-a-imprensa-marca-contagem-regressiva-para-a-47a-Expofeira-768x511.jpg",640,426,true],"large":["https:\/\/noticiasbahia360.com.br\/wp-content\/uploads\/2026\/09\/Almoco-com-a-imprensa-marca-contagem-regressiva-para-a-47a-Expofeira-1024x682.jpg",640,426,true],"1536x1536":["https:\/\/noticiasbahia360.com.br\/wp-content\/uploads\/2026\/09\/Almoco-com-a-imprensa-marca-contagem-regressiva-para-a-47a-Expofeira.jpg",1200,799,false],"2048x2048":["https:\/\/noticiasbahia360.com.br\/wp-content\/uploads\/2026\/09\/Almoco-com-a-imprensa-marca-contagem-regressiva-para-a-47a-Expofeira.jpg",1200,799,false],"chromenews-featured":["https:\/\/noticiasbahia360.com.br\/wp-content\/uploads\/2026\/09\/Almoco-com-a-imprensa-marca-contagem-regressiva-para-a-47a-Expofeira-1024x682.jpg",1024,682,true],"chromenews-large":["https:\/\/noticiasbahia360.com.br\/wp-content\/uploads\/2026\/09\/Almoco-com-a-imprensa-marca-contagem-regressiva-para-a-47a-Expofeira-825x575.jpg",825,575,true],"chromenews-medium":["https:\/\/noticiasbahia360.com.br\/wp-content\/uploads\/2026\/09\/Almoco-com-a-imprensa-marca-contagem-regressiva-para-a-47a-Expofeira-590x410.jpg",590,410,true]},"author_info":{"display_name":"noticiasbahia360.com.br","author_link":"https:\/\/noticiasbahia360.com.br\/?author=1"},"category_info":"<a href=\"https:\/\/noticiasbahia360.com.br\/?cat=8\" rel=\"category\">Bahia<\/a> <a href=\"https:\/\/noticiasbahia360.com.br\/?cat=9\" rel=\"category\">Brasil<\/a> <a href=\"https:\/\/noticiasbahia360.com.br\/?cat=6\" rel=\"category\">Feira de Santana<\/a> <a href=\"https:\/\/noticiasbahia360.com.br\/?cat=57\" rel=\"category\">Mundo<\/a> <a href=\"https:\/\/noticiasbahia360.com.br\/?cat=56\" rel=\"category\">Pol\u00edcia<\/a> <a href=\"https:\/\/noticiasbahia360.com.br\/?cat=10\" rel=\"category\">Pol\u00edtica<\/a>","tag_info":"Pol\u00edtica","comment_count":"0","_links":{"self":[{"href":"https:\/\/noticiasbahia360.com.br\/index.php?rest_route=\/wp\/v2\/posts\/148473","targetHints":{"allow":["GET"]}}],"collection":[{"href":"https:\/\/noticiasbahia360.com.br\/index.php?rest_route=\/wp\/v2\/posts"}],"about":[{"href":"https:\/\/noticiasbahia360.com.br\/index.php?rest_route=\/wp\/v2\/types\/post"}],"author":[{"embeddable":true,"href":"https:\/\/noticiasbahia360.com.br\/index.php?rest_route=\/wp\/v2\/users\/1"}],"replies":[{"embeddable":true,"href":"https:\/\/noticiasbahia360.com.br\/index.php?rest_route=%2Fwp%2Fv2%2Fcomments&post=148473"}],"version-history":[{"count":0,"href":"https:\/\/noticiasbahia360.com.br\/index.php?rest_route=\/wp\/v2\/posts\/148473\/revisions"}],"wp:featuredmedia":[{"embeddable":true,"href":"https:\/\/noticiasbahia360.com.br\/index.php?rest_route=\/wp\/v2\/media\/148474"}],"wp:attachment":[{"href":"https:\/\/noticiasbahia360.com.br\/index.php?rest_route=%2Fwp%2Fv2%2Fmedia&parent=148473"}],"wp:term":[{"taxonomy":"category","embeddable":true,"href":"https:\/\/noticiasbahia360.com.br\/index.php?rest_route=%2Fwp%2Fv2%2Fcategories&post=148473"},{"taxonomy":"post_tag","embeddable":true,"href":"https:\/\/noticiasbahia360.com.br\/index.php?rest_route=%2Fwp%2Fv2%2Ftags&post=148473"}],"curies":[{"name":"wp","href":"https:\/\/api.w.org\/{rel}","templated":true}]}}