{"id":148477,"date":"2026-09-02T12:03:48","date_gmt":"2026-09-02T15:03:48","guid":{"rendered":"https:\/\/noticiasbahia360.com.br\/?p=148477"},"modified":"2026-09-02T12:03:48","modified_gmt":"2026-09-02T15:03:48","slug":"operacao-malhas-da-lei-suspeito-de-matar-homem-no-rio-vermelho-e-preso","status":"publish","type":"post","link":"https:\/\/noticiasbahia360.com.br\/?p=148477","title":{"rendered":"Opera\u00e7\u00e3o Malhas da Lei: suspeito de matar homem no Rio Vermelho \u00e9 preso"},"content":{"rendered":"<div>\n<div>\n<figure><img decoding=\"async\" src=\"http:\/\/noticiasbahia360.com.br\/wp-content\/uploads\/2026\/09\/Policia-Civil.jpg\" alt=\"Pol\u00edcia Civil\"><figcaption>Foto: Ascom\/ PCBA<\/figcaption><\/figure>\n<\/div>\n<p class=\"wp-block-paragraph\">Um homem, de 38 anos, suspeito da morte de Daniel Queiroz de Oliveira, ocorrida em 1\u00ba de abril de 2026, teve o mandado de pris\u00e3o preventiva cumprido na ter\u00e7a-feira (1\u00ba), em Salvador. A ordem judicial \u00e9 resultado das investiga\u00e7\u00f5es que apontaram a v\u00edtima sendo abordada no Largo de Santana, no bairro Rio Vermelho, e levada \u00e0 for\u00e7a at\u00e9 a regi\u00e3o da Col\u00f4nia dos Pescadores, onde foi morta com golpes de arma branca, na \u00e1rea de pedras.<\/p>\n<p class=\"wp-block-paragraph\">Segundo as apura\u00e7\u00f5es, foi identificado a participa\u00e7\u00e3o de outros envolvidos no crime, inclusive, dois deles j\u00e1 foram presos. Durante o cumprimento do mandado de pris\u00e3o, as equipes apreenderam um telefone celular, que foi encaminhado para per\u00edcia t\u00e9cnica. O homem foi alcan\u00e7ado no \u00e2mbito da Opera\u00e7\u00e3o Malhas da Lei \u2014 a\u00e7\u00e3o cont\u00ednua da Pol\u00edcia Civil da Bahia voltada para localizar e prender foragidos da Justi\u00e7a e cumprir mandados de pris\u00e3o em aberto em v\u00e1rias regi\u00f5es do estado.<\/p>\n<p class=\"wp-block-paragraph\">As investiga\u00e7\u00f5es foram conduzidas pela 1\u00aa Delegacia de Homic\u00eddios (DH\/Atl\u00e2ntico), do Departamento de Homic\u00eddios e Prote\u00e7\u00e3o \u00e0 Pessoa (DHPP), e a a\u00e7\u00e3o contou com policiais civis da 3\u00aa Delegacia de Homic\u00eddios (DH\/Ba\u00eda de Todos-os-Santos), da Delegacia de Homic\u00eddios M\u00faltiplos (DHM), al\u00e9m do 30\u00ba Batalh\u00e3o de Pol\u00edcia Militar (30\u00ba BPM).<\/p>\n<p class=\"wp-block-paragraph\"><em>Siga o Acorda Cidade no\u00a0<\/em><a href=\"https:\/\/news.google.com\/search?q=acorda%20cidade&amp;hl=pt-BR&amp;gl=BR&amp;ceid=BR%3Apt-419\"><strong><em>Google Not\u00edcias<\/em><\/strong><\/a><em>\u00a0e receba os principais destaques do dia. Participe tamb\u00e9m dos nossos canais no\u00a0<\/em><a href=\"https:\/\/whatsapp.com\/channel\/0029Va6Rb4v3WHTNnsh8WI3N\"><strong><em>WhatsApp<\/em><\/strong><\/a><em>\u00a0e\u00a0<\/em><a href=\"https:\/\/www.youtube.com\/@acordacidadenoticias\/videos\"><strong>YouTube<\/strong><\/a><em>\u00a0e do grupo no\u00a0<\/em><a href=\"https:\/\/t.me\/+sSz0khrgARA0ZmRh\"><strong><em>Telegram<\/em><\/strong><\/a><em>.<\/em><\/p>\n<\/div>\n","protected":false},"excerpt":{"rendered":"<p>Foto: Ascom\/ PCBA Um homem, de 38 anos, suspeito da morte de Daniel Queiroz de<\/p>\n","protected":false},"author":1,"featured_media":148478,"comment_status":"closed","ping_status":"closed","sticky":false,"template":"","format":"gallery","meta":{"footnotes":""},"categories":[8,9,6,57,56,10],"tags":[],"class_list":["post-148477","post","type-post","status-publish","format-gallery","has-post-thumbnail","hentry","category-bahia","category-brasil","category-feira-de-santana","category-mundo","category-policia","category-politica","post_format-post-format-gallery"],"featured_image_urls":{"full":["https:\/\/noticiasbahia360.com.br\/wp-content\/uploads\/2026\/09\/Policia-Civil.jpg",1200,800,false],"thumbnail":["https:\/\/noticiasbahia360.com.br\/wp-content\/uploads\/2026\/09\/Policia-Civil-150x150.jpg",150,150,true],"medium":["https:\/\/noticiasbahia360.com.br\/wp-content\/uploads\/2026\/09\/Policia-Civil-300x200.jpg",300,200,true],"medium_large":["https:\/\/noticiasbahia360.com.br\/wp-content\/uploads\/2026\/09\/Policia-Civil-768x512.jpg",640,427,true],"large":["https:\/\/noticiasbahia360.com.br\/wp-content\/uploads\/2026\/09\/Policia-Civil-1024x683.jpg",640,427,true],"1536x1536":["https:\/\/noticiasbahia360.com.br\/wp-content\/uploads\/2026\/09\/Policia-Civil.jpg",1200,800,false],"2048x2048":["https:\/\/noticiasbahia360.com.br\/wp-content\/uploads\/2026\/09\/Policia-Civil.jpg",1200,800,false],"chromenews-featured":["https:\/\/noticiasbahia360.com.br\/wp-content\/uploads\/2026\/09\/Policia-Civil-1024x683.jpg",1024,683,true],"chromenews-large":["https:\/\/noticiasbahia360.com.br\/wp-content\/uploads\/2026\/09\/Policia-Civil-825x575.jpg",825,575,true],"chromenews-medium":["https:\/\/noticiasbahia360.com.br\/wp-content\/uploads\/2026\/09\/Policia-Civil-590x410.jpg",590,410,true]},"author_info":{"display_name":"noticiasbahia360.com.br","author_link":"https:\/\/noticiasbahia360.com.br\/?author=1"},"category_info":"<a href=\"https:\/\/noticiasbahia360.com.br\/?cat=8\" rel=\"category\">Bahia<\/a> <a href=\"https:\/\/noticiasbahia360.com.br\/?cat=9\" rel=\"category\">Brasil<\/a> <a href=\"https:\/\/noticiasbahia360.com.br\/?cat=6\" rel=\"category\">Feira de Santana<\/a> <a href=\"https:\/\/noticiasbahia360.com.br\/?cat=57\" rel=\"category\">Mundo<\/a> <a href=\"https:\/\/noticiasbahia360.com.br\/?cat=56\" rel=\"category\">Pol\u00edcia<\/a> <a href=\"https:\/\/noticiasbahia360.com.br\/?cat=10\" rel=\"category\">Pol\u00edtica<\/a>","tag_info":"Pol\u00edtica","comment_count":"0","_links":{"self":[{"href":"https:\/\/noticiasbahia360.com.br\/index.php?rest_route=\/wp\/v2\/posts\/148477","targetHints":{"allow":["GET"]}}],"collection":[{"href":"https:\/\/noticiasbahia360.com.br\/index.php?rest_route=\/wp\/v2\/posts"}],"about":[{"href":"https:\/\/noticiasbahia360.com.br\/index.php?rest_route=\/wp\/v2\/types\/post"}],"author":[{"embeddable":true,"href":"https:\/\/noticiasbahia360.com.br\/index.php?rest_route=\/wp\/v2\/users\/1"}],"replies":[{"embeddable":true,"href":"https:\/\/noticiasbahia360.com.br\/index.php?rest_route=%2Fwp%2Fv2%2Fcomments&post=148477"}],"version-history":[{"count":0,"href":"https:\/\/noticiasbahia360.com.br\/index.php?rest_route=\/wp\/v2\/posts\/148477\/revisions"}],"wp:featuredmedia":[{"embeddable":true,"href":"https:\/\/noticiasbahia360.com.br\/index.php?rest_route=\/wp\/v2\/media\/148478"}],"wp:attachment":[{"href":"https:\/\/noticiasbahia360.com.br\/index.php?rest_route=%2Fwp%2Fv2%2Fmedia&parent=148477"}],"wp:term":[{"taxonomy":"category","embeddable":true,"href":"https:\/\/noticiasbahia360.com.br\/index.php?rest_route=%2Fwp%2Fv2%2Fcategories&post=148477"},{"taxonomy":"post_tag","embeddable":true,"href":"https:\/\/noticiasbahia360.com.br\/index.php?rest_route=%2Fwp%2Fv2%2Ftags&post=148477"}],"curies":[{"name":"wp","href":"https:\/\/api.w.org\/{rel}","templated":true}]}}