{"id":148479,"date":"2026-09-02T13:02:50","date_gmt":"2026-09-02T16:02:50","guid":{"rendered":"https:\/\/noticiasbahia360.com.br\/?p=148479"},"modified":"2026-09-02T13:02:50","modified_gmt":"2026-09-02T16:02:50","slug":"mae-e-dois-filhos-sao-mortos-a-tiros-na-bahia","status":"publish","type":"post","link":"https:\/\/noticiasbahia360.com.br\/?p=148479","title":{"rendered":"M\u00e3e e dois filhos s\u00e3o mortos a tiros na Bahia"},"content":{"rendered":"<div>\n<div>\n<figure><img decoding=\"async\" src=\"http:\/\/noticiasbahia360.com.br\/wp-content\/uploads\/2026\/09\/Mae-e-dois-filhos-sao-mortos-a-tiros-na-Bahia-1.jpg\" alt=\"M\u00e3e e dois filhos s\u00e3o mortos a tiros na Bahia\"><figcaption>Foto: Reprodu\u00e7\u00e3o\/ Not\u00edcias da Lapa<\/figcaption><\/figure>\n<\/div>\n<p class=\"wp-block-paragraph\">Uma mulher e seus dois filhos foram mortos a tiros na tarde de ter\u00e7a-feira (1\u00ba), na zona rural de Correntina. O triplo homic\u00eddio aconteceu na localidade de Itamarana, no oeste da Bahia.<\/p>\n<p class=\"wp-block-paragraph\">As v\u00edtimas foram identificadas como <strong>Jandira Pereira Silva, de 49 anos, e os filhos, Matheus Pereira Oliveira, de 26, e Venilson Pereira Oliveira, de 24.<\/strong><\/p>\n<p class=\"wp-block-paragraph\">De acordo com informa\u00e7\u00f5es do site Not\u00edcias da Lapa, parceiro do Acorda Cidade, por volta das 18h, nas imedia\u00e7\u00f5es do bairro do Ouro, ocorreu o ataque. Policiais militares isolaram a \u00e1rea e aguardaram o Departamento de Pol\u00edcia T\u00e9cnica (DPT), para os trabalhos periciais.<\/p>\n<p class=\"wp-block-paragraph\">A 1\u00aa Delegacia Territorial (DT) de Santa Maria da Vit\u00f3ria abriu inqu\u00e9rito para investigar o triplo homic\u00eddio. A Pol\u00edcia Civil faz dilig\u00eancias e tenta ouvir testemunhas para entender como o crime aconteceu, quem s\u00e3o os autores e qual foi a motiva\u00e7\u00e3o.<\/p>\n<p class=\"wp-block-paragraph\">At\u00e9 o momento de publica\u00e7\u00e3o desta reportagem, a motiva\u00e7\u00e3o e a autoria do crime ainda n\u00e3o foram divulgadas. O caso segue sob investiga\u00e7\u00e3o dos \u00f3rg\u00e3os competentes.<\/p>\n<p class=\"wp-block-paragraph\"><em>Siga o Acorda Cidade no\u00a0<\/em><a href=\"https:\/\/news.google.com\/search?q=acorda%20cidade&amp;hl=pt-BR&amp;gl=BR&amp;ceid=BR%3Apt-419\"><strong><em>Google Not\u00edcias<\/em><\/strong><\/a><em>\u00a0e receba os principais\u00a0<a href=\"https:\/\/nym2-ib.adnxs.com\/ssclick2?e=wqT_3QKfAfBDnwAAAAMAxBkFAQjw6-DUBhDgwL_KlLbO43gY9erDgLGO2-ZdINfk0QsoywMwtV444wNAy6zCdUi14JkBUABaA1VTRGIBBdBoAXABeLQFgAEAiAEBkAECmAEFoAECqQFpB6sutFGyP7EBEu2Zw7t8sD-5AQAAAOB6FPo_wRUUAMkVKDjYAZUE4AEA8AHCjQT4AQA.\/s=aa4e217c42c193579cb54d44ca7887521ab137e4\/ip=177.8.130.114\/bcr=AAAAAAAA8D8=\/pp=FC018B61A7CDE411\/bn=0\/clickenc=https%3A%2F%2Fwww.bing.com%2Faclick%3Fld%3De8_BM4VswIFuXpu_wQomjsFTVUCUy0KGv9Hxdft36JkTYpcD0Xb5iYUBT5TrJlAo2bIrSrqRG2aFWVSFwd9gXNOj__if2W-A7KvHu-2LSHV-IO3i_wmXI8VC8ySBDijw4j2h2u2sRzMhIW3nQZjGGGTsU5clZjrNBjQdEUMKztwwivavGghD-SDenh2ZL9adHnTg1sCvCJdM9LLKmcUZPmRalt8qs%26u%3DaHR0cCUzYSUyZiUyZmNsaWNrc2VydmUuZGFydHNlYXJjaC5uZXQlMmZsaW5rJTJmY2xpY2slM2YlMjYlMjZkc19lX2FkaWQlM2QlMjZkc19lX21hdGNodHlwZSUzZHNlYXJjaCUyNmRzX2VfZGV2aWNlJTNkYyUyNmRzX2VfbmV0d29yayUzZGElMjYlMjZkc191cmxfdiUzZDIlMjZkc19kZXN0X3VybCUzZGh0dHBzJTNhJTJmJTJmd3d3LnBvbnRvc211bHRpcGx1cy5jb20uYnIlMmZsYXRhbXBhc3MlMmZjYXJ0b2VzLWRlLWNyZWRpdG8lM2Z1dG1fc291cmNlJTNkYmluZyUyNnV0bV9tZWRpdW0lM2RjcGMlMjZ1dG1fY2FtcGFpZ24lM2Rnb29nbGUtYmFuY29zLWFjdW11bG8tc2VhcmNoLXBlcmVuZS1zaXRlLWNvbnZlcnNhb19zaXRlLXRvZG9zLWxhdGFtX3Bhc3MtYnJhZGVzY28tLWNvbnZlcnNhbyUyNnV0bV9jb250ZW50JTNkbGF0YW1fcGFzcy1icmFkZXNjby0tcGFkcmFvLWNhcnRhby1leGF0YSUyNnV0bV90ZXJtJTNkYmFuY29zLWJyYWRlc2NvLS10ZXh0by0lMjZtc2Nsa2lkJTNkZjcwNDY0ODAyYjljMTkwYTQzNmEwZTE4MWU2YzA4Mjk%26rlid%3Df70464802b9c190a436a0e181e6c0829\" target=\"_blank\" rel=\"noreferrer noopener\">destaques<\/a>\u00a0do dia. Participe tamb\u00e9m dos nossos canais no\u00a0<\/em><a href=\"https:\/\/www.whatsapp.com\/channel\/0029Va6Rb4v3WHTNnsh8WI3N\"><strong><em>WhatsApp<\/em><\/strong><\/a><em>\u00a0e\u00a0<\/em><a href=\"https:\/\/www.youtube.com\/@acordacidadenoticias\/videos\"><strong>YouTube<\/strong><\/a><em>\u00a0e do grupo no\u00a0<\/em><a href=\"https:\/\/t.me\/+sSz0khrgARA0ZmRh\"><strong><em>Telegram<\/em><\/strong><\/a><em>.<\/em><a href=\"https:\/\/www.acordacidade.com.br\/colunas\/dilton-e-feito\/\"><\/a><\/p>\n<\/div>\n","protected":false},"excerpt":{"rendered":"<p>Foto: Reprodu\u00e7\u00e3o\/ Not\u00edcias da Lapa Uma mulher e seus dois filhos foram mortos a tiros<\/p>\n","protected":false},"author":1,"featured_media":148480,"comment_status":"closed","ping_status":"closed","sticky":false,"template":"","format":"gallery","meta":{"footnotes":""},"categories":[8,9,6,57,56,10],"tags":[],"class_list":["post-148479","post","type-post","status-publish","format-gallery","has-post-thumbnail","hentry","category-bahia","category-brasil","category-feira-de-santana","category-mundo","category-policia","category-politica","post_format-post-format-gallery"],"featured_image_urls":{"full":["https:\/\/noticiasbahia360.com.br\/wp-content\/uploads\/2026\/09\/Mae-e-dois-filhos-sao-mortos-a-tiros-na-Bahia-1.jpg",1200,804,false],"thumbnail":["https:\/\/noticiasbahia360.com.br\/wp-content\/uploads\/2026\/09\/Mae-e-dois-filhos-sao-mortos-a-tiros-na-Bahia-1-150x150.jpg",150,150,true],"medium":["https:\/\/noticiasbahia360.com.br\/wp-content\/uploads\/2026\/09\/Mae-e-dois-filhos-sao-mortos-a-tiros-na-Bahia-1-300x201.jpg",300,201,true],"medium_large":["https:\/\/noticiasbahia360.com.br\/wp-content\/uploads\/2026\/09\/Mae-e-dois-filhos-sao-mortos-a-tiros-na-Bahia-1-768x515.jpg",640,429,true],"large":["https:\/\/noticiasbahia360.com.br\/wp-content\/uploads\/2026\/09\/Mae-e-dois-filhos-sao-mortos-a-tiros-na-Bahia-1-1024x686.jpg",640,429,true],"1536x1536":["https:\/\/noticiasbahia360.com.br\/wp-content\/uploads\/2026\/09\/Mae-e-dois-filhos-sao-mortos-a-tiros-na-Bahia-1.jpg",1200,804,false],"2048x2048":["https:\/\/noticiasbahia360.com.br\/wp-content\/uploads\/2026\/09\/Mae-e-dois-filhos-sao-mortos-a-tiros-na-Bahia-1.jpg",1200,804,false],"chromenews-featured":["https:\/\/noticiasbahia360.com.br\/wp-content\/uploads\/2026\/09\/Mae-e-dois-filhos-sao-mortos-a-tiros-na-Bahia-1-1024x686.jpg",1024,686,true],"chromenews-large":["https:\/\/noticiasbahia360.com.br\/wp-content\/uploads\/2026\/09\/Mae-e-dois-filhos-sao-mortos-a-tiros-na-Bahia-1-825x575.jpg",825,575,true],"chromenews-medium":["https:\/\/noticiasbahia360.com.br\/wp-content\/uploads\/2026\/09\/Mae-e-dois-filhos-sao-mortos-a-tiros-na-Bahia-1-590x410.jpg",590,410,true]},"author_info":{"display_name":"noticiasbahia360.com.br","author_link":"https:\/\/noticiasbahia360.com.br\/?author=1"},"category_info":"<a href=\"https:\/\/noticiasbahia360.com.br\/?cat=8\" rel=\"category\">Bahia<\/a> <a href=\"https:\/\/noticiasbahia360.com.br\/?cat=9\" rel=\"category\">Brasil<\/a> <a href=\"https:\/\/noticiasbahia360.com.br\/?cat=6\" rel=\"category\">Feira de Santana<\/a> <a href=\"https:\/\/noticiasbahia360.com.br\/?cat=57\" rel=\"category\">Mundo<\/a> <a href=\"https:\/\/noticiasbahia360.com.br\/?cat=56\" rel=\"category\">Pol\u00edcia<\/a> <a href=\"https:\/\/noticiasbahia360.com.br\/?cat=10\" rel=\"category\">Pol\u00edtica<\/a>","tag_info":"Pol\u00edtica","comment_count":"0","_links":{"self":[{"href":"https:\/\/noticiasbahia360.com.br\/index.php?rest_route=\/wp\/v2\/posts\/148479","targetHints":{"allow":["GET"]}}],"collection":[{"href":"https:\/\/noticiasbahia360.com.br\/index.php?rest_route=\/wp\/v2\/posts"}],"about":[{"href":"https:\/\/noticiasbahia360.com.br\/index.php?rest_route=\/wp\/v2\/types\/post"}],"author":[{"embeddable":true,"href":"https:\/\/noticiasbahia360.com.br\/index.php?rest_route=\/wp\/v2\/users\/1"}],"replies":[{"embeddable":true,"href":"https:\/\/noticiasbahia360.com.br\/index.php?rest_route=%2Fwp%2Fv2%2Fcomments&post=148479"}],"version-history":[{"count":0,"href":"https:\/\/noticiasbahia360.com.br\/index.php?rest_route=\/wp\/v2\/posts\/148479\/revisions"}],"wp:featuredmedia":[{"embeddable":true,"href":"https:\/\/noticiasbahia360.com.br\/index.php?rest_route=\/wp\/v2\/media\/148480"}],"wp:attachment":[{"href":"https:\/\/noticiasbahia360.com.br\/index.php?rest_route=%2Fwp%2Fv2%2Fmedia&parent=148479"}],"wp:term":[{"taxonomy":"category","embeddable":true,"href":"https:\/\/noticiasbahia360.com.br\/index.php?rest_route=%2Fwp%2Fv2%2Fcategories&post=148479"},{"taxonomy":"post_tag","embeddable":true,"href":"https:\/\/noticiasbahia360.com.br\/index.php?rest_route=%2Fwp%2Fv2%2Ftags&post=148479"}],"curies":[{"name":"wp","href":"https:\/\/api.w.org\/{rel}","templated":true}]}}