{"id":148487,"date":"2026-09-02T14:02:23","date_gmt":"2026-09-02T17:02:23","guid":{"rendered":"https:\/\/noticiasbahia360.com.br\/?p=148487"},"modified":"2026-09-02T14:02:23","modified_gmt":"2026-09-02T17:02:23","slug":"policial-civil-e-campeao-baiano-de-karate-e-brilha-com-a-equipe-satori","status":"publish","type":"post","link":"https:\/\/noticiasbahia360.com.br\/?p=148487","title":{"rendered":"Policial Civil \u00e9 Campe\u00e3o Baiano de Karat\u00ea e Brilha com a Equipe Satori"},"content":{"rendered":"<div>\n<div>\n<figure><img decoding=\"async\" src=\"http:\/\/noticiasbahia360.com.br\/wp-content\/uploads\/2026\/09\/Policial-Civil-Campeao-Baiano-de-Karate.jpg\" alt=\"Policial Civil Campe\u00e3o Baiano de Karat\u00ea\"><figcaption>Foto: Divulga\u00e7\u00e3o<\/figcaption><\/figure>\n<\/div>\n<p class=\"wp-block-paragraph\">A Equipe Satori fez hist\u00f3ria no Campeonato Baiano de Karat\u00ea, promovido pela Federa\u00e7\u00e3o de Karat\u00ea da Bahia (FKBA). Com uma delega\u00e7\u00e3o de 31 inscritos, entre 904 atletas. a equipe conquistou 14 medalhas e registrou um aproveitamento impressionante de quase 45,2% de p\u00f3dios.<\/p>\n<p class=\"wp-block-paragraph\">O grande nome por tr\u00e1s desse sucesso \u00e9 o Investigador da Pol\u00edcia Civil da Bahia, Ronivaldo Monteiro. Policial dedicado \u00e0 seguran\u00e7a p\u00fablica na Bahia, lotado atualmente na Decarga em Feira de Santana, Ronivaldo \u00e9 tamb\u00e9m praticante e mestre de karat\u00ea, faixa preta 5\u00ba dan, atuando como membro da dire\u00e7\u00e3o t\u00e9cnica da FKBA e integrante da renomada SKIF (Shotokan Karate-Do International Federation).<\/p>\n<p class=\"wp-block-paragraph\">Mais do que colecionar medalhas, o investigador transforma a realidade social de Feira de Santana. Ele \u00e9 o fundador do Instituto Satori de Artes Marciais (Satori Dojo) \u2014 localizado no bairro Bras\u00edlia, em Feira de Santana \u2014 e o idealizador do transformador Projeto Kai Zen. A iniciativa usa o esporte para ocupar o tempo ocioso de jovens no contraturno escolar, combatendo e reduzindo os \u00edndices de mortes violentas na faixa et\u00e1ria de 12 a 30 anos.<\/p>\n<p class=\"wp-block-paragraph\">No tatame do Baiano, o pr\u00f3prio Ronivaldo deu o exemplo ao faturar duas medalhas de ouro, liderando uma equipe de talentos como Maria Clara e Jady Nery (tamb\u00e9m ouros), al\u00e9m de diversos outros medalhistas de prata e bronze.<\/p>\n<p class=\"wp-block-paragraph\">Com o dever cumprido na Bahia, a mira agora aponta para o cen\u00e1rio nacional e internacional: a pr\u00f3xima meta da Equipe Satori \u00e9 o Campeonato Brasileiro, em Bras\u00edlia, em novembro de 2026, seguida pelo Campeonato Continental, em Assun\u00e7\u00e3o, Paraguai, em 2027.<\/p>\n<p class=\"wp-block-paragraph\"><em>Siga o Acorda Cidade no\u00a0<\/em><a href=\"https:\/\/news.google.com\/search?q=acorda%20cidade&amp;hl=pt-BR&amp;gl=BR&amp;ceid=BR%3Apt-419\"><strong><em>Google Not\u00edcias<\/em><\/strong><\/a><em>\u00a0e receba os principais destaques do dia. Participe tamb\u00e9m dos nossos canais no\u00a0<\/em><a href=\"https:\/\/www.whatsapp.com\/channel\/0029Va6Rb4v3WHTNnsh8WI3N\"><strong><em>WhatsApp<\/em><\/strong><\/a><em>\u00a0e\u00a0<\/em><a href=\"https:\/\/www.youtube.com\/@acordacidadenoticias\/videos\"><strong>YouTube<\/strong><\/a><em>\u00a0e do grupo no\u00a0<\/em><a href=\"https:\/\/t.me\/+sSz0khrgARA0ZmRh\"><strong><em>Telegram<\/em><\/strong><\/a><em>.<\/em><a href=\"https:\/\/www.acordacidade.com.br\/colunas\/dilton-e-feito\/\"><\/a><\/p>\n<\/div>\n","protected":false},"excerpt":{"rendered":"<p>Foto: Divulga\u00e7\u00e3o A Equipe Satori fez hist\u00f3ria no Campeonato Baiano de Karat\u00ea, promovido pela Federa\u00e7\u00e3o<\/p>\n","protected":false},"author":1,"featured_media":148488,"comment_status":"closed","ping_status":"closed","sticky":false,"template":"","format":"gallery","meta":{"footnotes":""},"categories":[8,9,6,57,56,10],"tags":[],"class_list":["post-148487","post","type-post","status-publish","format-gallery","has-post-thumbnail","hentry","category-bahia","category-brasil","category-feira-de-santana","category-mundo","category-policia","category-politica","post_format-post-format-gallery"],"featured_image_urls":{"full":["https:\/\/noticiasbahia360.com.br\/wp-content\/uploads\/2026\/09\/Policial-Civil-Campeao-Baiano-de-Karate.jpg",1200,852,false],"thumbnail":["https:\/\/noticiasbahia360.com.br\/wp-content\/uploads\/2026\/09\/Policial-Civil-Campeao-Baiano-de-Karate-150x150.jpg",150,150,true],"medium":["https:\/\/noticiasbahia360.com.br\/wp-content\/uploads\/2026\/09\/Policial-Civil-Campeao-Baiano-de-Karate-300x213.jpg",300,213,true],"medium_large":["https:\/\/noticiasbahia360.com.br\/wp-content\/uploads\/2026\/09\/Policial-Civil-Campeao-Baiano-de-Karate-768x545.jpg",640,454,true],"large":["https:\/\/noticiasbahia360.com.br\/wp-content\/uploads\/2026\/09\/Policial-Civil-Campeao-Baiano-de-Karate-1024x727.jpg",640,454,true],"1536x1536":["https:\/\/noticiasbahia360.com.br\/wp-content\/uploads\/2026\/09\/Policial-Civil-Campeao-Baiano-de-Karate.jpg",1200,852,false],"2048x2048":["https:\/\/noticiasbahia360.com.br\/wp-content\/uploads\/2026\/09\/Policial-Civil-Campeao-Baiano-de-Karate.jpg",1200,852,false],"chromenews-featured":["https:\/\/noticiasbahia360.com.br\/wp-content\/uploads\/2026\/09\/Policial-Civil-Campeao-Baiano-de-Karate-1024x727.jpg",1024,727,true],"chromenews-large":["https:\/\/noticiasbahia360.com.br\/wp-content\/uploads\/2026\/09\/Policial-Civil-Campeao-Baiano-de-Karate-825x575.jpg",825,575,true],"chromenews-medium":["https:\/\/noticiasbahia360.com.br\/wp-content\/uploads\/2026\/09\/Policial-Civil-Campeao-Baiano-de-Karate-590x410.jpg",590,410,true]},"author_info":{"display_name":"noticiasbahia360.com.br","author_link":"https:\/\/noticiasbahia360.com.br\/?author=1"},"category_info":"<a href=\"https:\/\/noticiasbahia360.com.br\/?cat=8\" rel=\"category\">Bahia<\/a> <a href=\"https:\/\/noticiasbahia360.com.br\/?cat=9\" rel=\"category\">Brasil<\/a> <a href=\"https:\/\/noticiasbahia360.com.br\/?cat=6\" rel=\"category\">Feira de Santana<\/a> <a href=\"https:\/\/noticiasbahia360.com.br\/?cat=57\" rel=\"category\">Mundo<\/a> <a href=\"https:\/\/noticiasbahia360.com.br\/?cat=56\" rel=\"category\">Pol\u00edcia<\/a> <a href=\"https:\/\/noticiasbahia360.com.br\/?cat=10\" rel=\"category\">Pol\u00edtica<\/a>","tag_info":"Pol\u00edtica","comment_count":"0","_links":{"self":[{"href":"https:\/\/noticiasbahia360.com.br\/index.php?rest_route=\/wp\/v2\/posts\/148487","targetHints":{"allow":["GET"]}}],"collection":[{"href":"https:\/\/noticiasbahia360.com.br\/index.php?rest_route=\/wp\/v2\/posts"}],"about":[{"href":"https:\/\/noticiasbahia360.com.br\/index.php?rest_route=\/wp\/v2\/types\/post"}],"author":[{"embeddable":true,"href":"https:\/\/noticiasbahia360.com.br\/index.php?rest_route=\/wp\/v2\/users\/1"}],"replies":[{"embeddable":true,"href":"https:\/\/noticiasbahia360.com.br\/index.php?rest_route=%2Fwp%2Fv2%2Fcomments&post=148487"}],"version-history":[{"count":0,"href":"https:\/\/noticiasbahia360.com.br\/index.php?rest_route=\/wp\/v2\/posts\/148487\/revisions"}],"wp:featuredmedia":[{"embeddable":true,"href":"https:\/\/noticiasbahia360.com.br\/index.php?rest_route=\/wp\/v2\/media\/148488"}],"wp:attachment":[{"href":"https:\/\/noticiasbahia360.com.br\/index.php?rest_route=%2Fwp%2Fv2%2Fmedia&parent=148487"}],"wp:term":[{"taxonomy":"category","embeddable":true,"href":"https:\/\/noticiasbahia360.com.br\/index.php?rest_route=%2Fwp%2Fv2%2Fcategories&post=148487"},{"taxonomy":"post_tag","embeddable":true,"href":"https:\/\/noticiasbahia360.com.br\/index.php?rest_route=%2Fwp%2Fv2%2Ftags&post=148487"}],"curies":[{"name":"wp","href":"https:\/\/api.w.org\/{rel}","templated":true}]}}