{"id":148489,"date":"2026-09-02T14:02:24","date_gmt":"2026-09-02T17:02:24","guid":{"rendered":"https:\/\/noticiasbahia360.com.br\/?p=148489"},"modified":"2026-09-02T14:02:24","modified_gmt":"2026-09-02T17:02:24","slug":"esta-aberto-o-credenciamento-de-imprensa-para-a-cobertura-da-micareta-de-feira-2026","status":"publish","type":"post","link":"https:\/\/noticiasbahia360.com.br\/?p=148489","title":{"rendered":"Est\u00e1 aberto o credenciamento de imprensa para a cobertura da Micareta de Feira 2026"},"content":{"rendered":"<div>\n<div>\n<figure><img decoding=\"async\" src=\"http:\/\/noticiasbahia360.com.br\/wp-content\/uploads\/2026\/09\/imprensa-na-micareta-de-Feira.jpg\" alt=\"imprensa na micareta de Feira\"><figcaption>Foto: Jorge Magalh\u00e3es <\/figcaption><\/figure>\n<\/div>\n<p class=\"wp-block-paragraph\">A Secretaria Municipal de Comunica\u00e7\u00e3o Social (Secom) abriu o credenciamento para profissionais e ve\u00edculos de imprensa interessados em realizar a cobertura jornal\u00edstica e audiovisual da Micareta de Feira 2026. O cadastro deve ser feito at\u00e9 o dia 15 de outubro, por meio de formul\u00e1rio eletr\u00f4nico dispon\u00edvel no site oficial da Prefeitura de Feira de Santana.<\/p>\n<p class=\"wp-block-paragraph\">O formul\u00e1rio para credenciamento est\u00e1 dispon\u00edvel no endere\u00e7o:\u00a0<a href=\"https:\/\/docs.google.com\/forms\/u\/4\/d\/e\/1FAIpQLScuYi_YfFVGbxTsOCxfIW8JP63OJ1rkus2ErQqyMV_TiGkE1Q\/viewform?usp=send_form\">https:\/\/docs.google.com\/forms\/u\/4\/d\/e\/1FAIpQLScuYi_YfFVGbxTsOCxfIW8JP63OJ1rkus2ErQqyMV_TiGkE1Q\/viewform?usp=send_form<\/a>\u00a0. O link tamb\u00e9m pode ser acessado pelo site oficial da Prefeitura de Feira de Santana.\u00a0<\/p>\n<p class=\"wp-block-paragraph\">A Micareta deste ano ser\u00e1 realizada entre os dias 19 e 22 de novembro e marca um momento hist\u00f3rico para a festa. Pela primeira vez em sua trajet\u00f3ria, o evento n\u00e3o acontecer\u00e1 no primeiro quadrimestre do ano, passando a ser realizado no segundo semestre.<\/p>\n<p class=\"wp-block-paragraph\">O credenciamento \u00e9 destinado exclusivamente \u00e0 m\u00eddia especializada que deseja atuar oficialmente na cobertura da festa. Para participar, os profissionais devem preencher o formul\u00e1rio com informa\u00e7\u00f5es pessoais e profissionais, incluindo CPF, RG, telefone, e-mail, registro profissional, ve\u00edculo de comunica\u00e7\u00e3o, fun\u00e7\u00e3o desempenhada e o envio de foto para identifica\u00e7\u00e3o.<\/p>\n<p class=\"wp-block-paragraph\">Todos os pedidos de credenciamento estar\u00e3o sujeitos \u00e0 an\u00e1lise e aprova\u00e7\u00e3o da Secom. As solicita\u00e7\u00f5es n\u00e3o aprovadas ser\u00e3o comunicadas aos interessados por e-mail.<\/p>\n<p class=\"wp-block-paragraph\">A Secretaria Municipal de Comunica\u00e7\u00e3o informa ainda que o per\u00edodo e o local para retirada das credenciais ser\u00e3o divulgados posteriormente nos canais oficiais da Prefeitura de Feira de Santana.<\/p>\n<p class=\"wp-block-paragraph\"><em>As informa\u00e7\u00f5es s\u00e3o da Secretaria de Comunica\u00e7\u00e3o Social de Feira de Santana (Secom).<\/em><\/p>\n<p class=\"wp-block-paragraph\"><em>Siga o Acorda Cidade no\u00a0<\/em><a href=\"https:\/\/news.google.com\/search?q=acorda%20cidade&amp;hl=pt-BR&amp;gl=BR&amp;ceid=BR%3Apt-419\"><strong><em>Google Not\u00edcias<\/em><\/strong><\/a><em>\u00a0e receba os principais destaques do dia. Participe tamb\u00e9m dos nossos canais no\u00a0<\/em><a href=\"https:\/\/whatsapp.com\/channel\/0029Va6Rb4v3WHTNnsh8WI3N\"><strong><em>WhatsApp<\/em><\/strong><\/a><em>\u00a0e\u00a0<\/em><a href=\"https:\/\/www.youtube.com\/@acordacidadenoticias\/videos\"><strong>YouTube<\/strong><\/a><em>\u00a0e do grupo no\u00a0<\/em><a href=\"https:\/\/t.me\/+sSz0khrgARA0ZmRh\"><strong><em>Telegram<\/em><\/strong><\/a><em>.<\/em><\/p>\n<\/div>\n","protected":false},"excerpt":{"rendered":"<p>Foto: Jorge Magalh\u00e3es A Secretaria Municipal de Comunica\u00e7\u00e3o Social (Secom) abriu o credenciamento para profissionais<\/p>\n","protected":false},"author":1,"featured_media":148490,"comment_status":"closed","ping_status":"closed","sticky":false,"template":"","format":"gallery","meta":{"footnotes":""},"categories":[8,9,6,57,56,10],"tags":[],"class_list":["post-148489","post","type-post","status-publish","format-gallery","has-post-thumbnail","hentry","category-bahia","category-brasil","category-feira-de-santana","category-mundo","category-policia","category-politica","post_format-post-format-gallery"],"featured_image_urls":{"full":["https:\/\/noticiasbahia360.com.br\/wp-content\/uploads\/2026\/09\/imprensa-na-micareta-de-Feira.jpg",1200,799,false],"thumbnail":["https:\/\/noticiasbahia360.com.br\/wp-content\/uploads\/2026\/09\/imprensa-na-micareta-de-Feira-150x150.jpg",150,150,true],"medium":["https:\/\/noticiasbahia360.com.br\/wp-content\/uploads\/2026\/09\/imprensa-na-micareta-de-Feira-300x200.jpg",300,200,true],"medium_large":["https:\/\/noticiasbahia360.com.br\/wp-content\/uploads\/2026\/09\/imprensa-na-micareta-de-Feira-768x511.jpg",640,426,true],"large":["https:\/\/noticiasbahia360.com.br\/wp-content\/uploads\/2026\/09\/imprensa-na-micareta-de-Feira-1024x682.jpg",640,426,true],"1536x1536":["https:\/\/noticiasbahia360.com.br\/wp-content\/uploads\/2026\/09\/imprensa-na-micareta-de-Feira.jpg",1200,799,false],"2048x2048":["https:\/\/noticiasbahia360.com.br\/wp-content\/uploads\/2026\/09\/imprensa-na-micareta-de-Feira.jpg",1200,799,false],"chromenews-featured":["https:\/\/noticiasbahia360.com.br\/wp-content\/uploads\/2026\/09\/imprensa-na-micareta-de-Feira-1024x682.jpg",1024,682,true],"chromenews-large":["https:\/\/noticiasbahia360.com.br\/wp-content\/uploads\/2026\/09\/imprensa-na-micareta-de-Feira-825x575.jpg",825,575,true],"chromenews-medium":["https:\/\/noticiasbahia360.com.br\/wp-content\/uploads\/2026\/09\/imprensa-na-micareta-de-Feira-590x410.jpg",590,410,true]},"author_info":{"display_name":"noticiasbahia360.com.br","author_link":"https:\/\/noticiasbahia360.com.br\/?author=1"},"category_info":"<a href=\"https:\/\/noticiasbahia360.com.br\/?cat=8\" rel=\"category\">Bahia<\/a> <a href=\"https:\/\/noticiasbahia360.com.br\/?cat=9\" rel=\"category\">Brasil<\/a> <a href=\"https:\/\/noticiasbahia360.com.br\/?cat=6\" rel=\"category\">Feira de Santana<\/a> <a href=\"https:\/\/noticiasbahia360.com.br\/?cat=57\" rel=\"category\">Mundo<\/a> <a href=\"https:\/\/noticiasbahia360.com.br\/?cat=56\" rel=\"category\">Pol\u00edcia<\/a> <a href=\"https:\/\/noticiasbahia360.com.br\/?cat=10\" rel=\"category\">Pol\u00edtica<\/a>","tag_info":"Pol\u00edtica","comment_count":"0","_links":{"self":[{"href":"https:\/\/noticiasbahia360.com.br\/index.php?rest_route=\/wp\/v2\/posts\/148489","targetHints":{"allow":["GET"]}}],"collection":[{"href":"https:\/\/noticiasbahia360.com.br\/index.php?rest_route=\/wp\/v2\/posts"}],"about":[{"href":"https:\/\/noticiasbahia360.com.br\/index.php?rest_route=\/wp\/v2\/types\/post"}],"author":[{"embeddable":true,"href":"https:\/\/noticiasbahia360.com.br\/index.php?rest_route=\/wp\/v2\/users\/1"}],"replies":[{"embeddable":true,"href":"https:\/\/noticiasbahia360.com.br\/index.php?rest_route=%2Fwp%2Fv2%2Fcomments&post=148489"}],"version-history":[{"count":0,"href":"https:\/\/noticiasbahia360.com.br\/index.php?rest_route=\/wp\/v2\/posts\/148489\/revisions"}],"wp:featuredmedia":[{"embeddable":true,"href":"https:\/\/noticiasbahia360.com.br\/index.php?rest_route=\/wp\/v2\/media\/148490"}],"wp:attachment":[{"href":"https:\/\/noticiasbahia360.com.br\/index.php?rest_route=%2Fwp%2Fv2%2Fmedia&parent=148489"}],"wp:term":[{"taxonomy":"category","embeddable":true,"href":"https:\/\/noticiasbahia360.com.br\/index.php?rest_route=%2Fwp%2Fv2%2Fcategories&post=148489"},{"taxonomy":"post_tag","embeddable":true,"href":"https:\/\/noticiasbahia360.com.br\/index.php?rest_route=%2Fwp%2Fv2%2Ftags&post=148489"}],"curies":[{"name":"wp","href":"https:\/\/api.w.org\/{rel}","templated":true}]}}