{"id":148491,"date":"2026-09-02T15:02:27","date_gmt":"2026-09-02T18:02:27","guid":{"rendered":"https:\/\/noticiasbahia360.com.br\/?p=148491"},"modified":"2026-09-02T15:02:27","modified_gmt":"2026-09-02T18:02:27","slug":"pm-aplica-sancao-de-seis-meses-a-duas-torcidas-organizadas-baianas","status":"publish","type":"post","link":"https:\/\/noticiasbahia360.com.br\/?p=148491","title":{"rendered":"PM aplica san\u00e7\u00e3o de seis meses a duas torcidas organizadas baianas"},"content":{"rendered":"<div>\n<div>\n<figure><img decoding=\"async\" src=\"http:\/\/noticiasbahia360.com.br\/wp-content\/uploads\/2026\/09\/torcida-do-bahia-foto-Mauricia-da-Matta-bnoticias.jpg\" alt=\"torcida-do-bahia-foto-Mauricia-da-Matta-bnoticias\"><figcaption>Foto: Maur\u00edcia da Mata\/Bahia Not\u00edcias<\/figcaption><\/figure>\n<\/div>\n<p class=\"wp-block-paragraph\">A Pol\u00edcia Militar da Bahia (PMBA), por meio do Batalh\u00e3o Especializado de Policiamento de Eventos (BEPE), aplicou san\u00e7\u00e3o pelo per\u00edodo de seis meses \u00e0s torcidas organizadas Bamor e Os Imbat\u00edveis, com vig\u00eancia a partir de 3 de setembro de 2026. <\/p>\n<p class=\"wp-block-paragraph\">A formaliza\u00e7\u00e3o da san\u00e7\u00e3o ocorreu na manh\u00e3 desta quarta-feira (2), na sede do BEPE, com as presen\u00e7as da promotora de Justi\u00e7a do Minist\u00e9rio P\u00fablico da Bahia, Telma Leal de Oliveira; do comandante do BEPE, tenente-coronel Fl\u00e1vio; do presidente da Bamor, Luciano Ven\u00e2ncio; e do presidente de Os Imbat\u00edveis, Gabriel Oliveira.<\/p>\n<p class=\"wp-block-paragraph\">A medida foi adotada ap\u00f3s os epis\u00f3dios de viol\u00eancia registrados no contexto do cl\u00e1ssico BA-VI realizado no \u00faltimo dia 23 de agosto, que resultaram, entre outras ocorr\u00eancias, em duas mortes. A decis\u00e3o considera a ocorr\u00eancia reiterada de epis\u00f3dios graves de viol\u00eancia envolvendo integrantes de torcidas organizadas, entre eles confrontos, atos de vandalismo, agress\u00f5es f\u00edsicas, utiliza\u00e7\u00e3o de artefatos explosivos e porte de armas. <\/p>\n<p class=\"wp-block-paragraph\">Durante o per\u00edodo da san\u00e7\u00e3o, ambas as entidades ficam impedidas de comparecer a eventos esportivos, nos \u00e2mbitos estadual, regional, nacional ou internacional, portando faixas, cartazes, bandeiras, vestimentas ou outros elementos que as identifiquem como torcidas organizadas, bem como de utilizar instrumentos musicais de qualquer natureza.<\/p>\n<p class=\"wp-block-paragraph\">A medida encontra respaldo na Lei Geral do Esporte (Lei n\u00ba 14.597\/2023), nos Termos de Ajustamento de Conduta (TAC) firmados pelas torcidas Bamor e Os Imbat\u00edveis perante o Minist\u00e9rio P\u00fablico da Bahia, que estabelecem obriga\u00e7\u00f5es e medidas diante de condutas relacionadas \u00e0 viol\u00eancia, al\u00e9m dos princ\u00edpios que regem a Administra\u00e7\u00e3o P\u00fablica e do dever estatal de preven\u00e7\u00e3o da viol\u00eancia nos eventos esportivos.<\/p>\n<p class=\"wp-block-paragraph\"><em>Siga o Acorda Cidade no\u00a0<\/em><a href=\"https:\/\/news.google.com\/search?q=acorda%20cidade&amp;hl=pt-BR&amp;gl=BR&amp;ceid=BR%3Apt-419\"><strong><em>Google Not\u00edcias<\/em><\/strong><\/a><em>\u00a0e receba os principais destaques do dia. Participe tamb\u00e9m dos nossos canais no\u00a0<\/em><a href=\"https:\/\/www.whatsapp.com\/channel\/0029Va6Rb4v3WHTNnsh8WI3N\"><strong><em>WhatsApp<\/em><\/strong><\/a><em>\u00a0e\u00a0<\/em><a href=\"https:\/\/www.youtube.com\/@acordacidadenoticias\/videos\"><strong>YouTube<\/strong><\/a><em>\u00a0e do grupo no\u00a0<\/em><a href=\"https:\/\/t.me\/+sSz0khrgARA0ZmRh\"><strong><em>Telegram<\/em><\/strong><\/a><em>.<\/em><a href=\"https:\/\/www.acordacidade.com.br\/colunas\/dilton-e-feito\/\"><\/a><\/p>\n<\/div>\n","protected":false},"excerpt":{"rendered":"<p>Foto: Maur\u00edcia da Mata\/Bahia Not\u00edcias A Pol\u00edcia Militar da Bahia (PMBA), por meio do Batalh\u00e3o<\/p>\n","protected":false},"author":1,"featured_media":148492,"comment_status":"closed","ping_status":"closed","sticky":false,"template":"","format":"gallery","meta":{"footnotes":""},"categories":[8,9,6,57,56,10],"tags":[],"class_list":["post-148491","post","type-post","status-publish","format-gallery","has-post-thumbnail","hentry","category-bahia","category-brasil","category-feira-de-santana","category-mundo","category-policia","category-politica","post_format-post-format-gallery"],"featured_image_urls":{"full":["https:\/\/noticiasbahia360.com.br\/wp-content\/uploads\/2026\/09\/torcida-do-bahia-foto-Mauricia-da-Matta-bnoticias.jpg",1200,776,false],"thumbnail":["https:\/\/noticiasbahia360.com.br\/wp-content\/uploads\/2026\/09\/torcida-do-bahia-foto-Mauricia-da-Matta-bnoticias-150x150.jpg",150,150,true],"medium":["https:\/\/noticiasbahia360.com.br\/wp-content\/uploads\/2026\/09\/torcida-do-bahia-foto-Mauricia-da-Matta-bnoticias-300x194.jpg",300,194,true],"medium_large":["https:\/\/noticiasbahia360.com.br\/wp-content\/uploads\/2026\/09\/torcida-do-bahia-foto-Mauricia-da-Matta-bnoticias-768x497.jpg",640,414,true],"large":["https:\/\/noticiasbahia360.com.br\/wp-content\/uploads\/2026\/09\/torcida-do-bahia-foto-Mauricia-da-Matta-bnoticias-1024x662.jpg",640,414,true],"1536x1536":["https:\/\/noticiasbahia360.com.br\/wp-content\/uploads\/2026\/09\/torcida-do-bahia-foto-Mauricia-da-Matta-bnoticias.jpg",1200,776,false],"2048x2048":["https:\/\/noticiasbahia360.com.br\/wp-content\/uploads\/2026\/09\/torcida-do-bahia-foto-Mauricia-da-Matta-bnoticias.jpg",1200,776,false],"chromenews-featured":["https:\/\/noticiasbahia360.com.br\/wp-content\/uploads\/2026\/09\/torcida-do-bahia-foto-Mauricia-da-Matta-bnoticias-1024x662.jpg",1024,662,true],"chromenews-large":["https:\/\/noticiasbahia360.com.br\/wp-content\/uploads\/2026\/09\/torcida-do-bahia-foto-Mauricia-da-Matta-bnoticias-825x575.jpg",825,575,true],"chromenews-medium":["https:\/\/noticiasbahia360.com.br\/wp-content\/uploads\/2026\/09\/torcida-do-bahia-foto-Mauricia-da-Matta-bnoticias-590x410.jpg",590,410,true]},"author_info":{"display_name":"noticiasbahia360.com.br","author_link":"https:\/\/noticiasbahia360.com.br\/?author=1"},"category_info":"<a href=\"https:\/\/noticiasbahia360.com.br\/?cat=8\" rel=\"category\">Bahia<\/a> <a href=\"https:\/\/noticiasbahia360.com.br\/?cat=9\" rel=\"category\">Brasil<\/a> <a href=\"https:\/\/noticiasbahia360.com.br\/?cat=6\" rel=\"category\">Feira de Santana<\/a> <a href=\"https:\/\/noticiasbahia360.com.br\/?cat=57\" rel=\"category\">Mundo<\/a> <a href=\"https:\/\/noticiasbahia360.com.br\/?cat=56\" rel=\"category\">Pol\u00edcia<\/a> <a href=\"https:\/\/noticiasbahia360.com.br\/?cat=10\" rel=\"category\">Pol\u00edtica<\/a>","tag_info":"Pol\u00edtica","comment_count":"0","_links":{"self":[{"href":"https:\/\/noticiasbahia360.com.br\/index.php?rest_route=\/wp\/v2\/posts\/148491","targetHints":{"allow":["GET"]}}],"collection":[{"href":"https:\/\/noticiasbahia360.com.br\/index.php?rest_route=\/wp\/v2\/posts"}],"about":[{"href":"https:\/\/noticiasbahia360.com.br\/index.php?rest_route=\/wp\/v2\/types\/post"}],"author":[{"embeddable":true,"href":"https:\/\/noticiasbahia360.com.br\/index.php?rest_route=\/wp\/v2\/users\/1"}],"replies":[{"embeddable":true,"href":"https:\/\/noticiasbahia360.com.br\/index.php?rest_route=%2Fwp%2Fv2%2Fcomments&post=148491"}],"version-history":[{"count":0,"href":"https:\/\/noticiasbahia360.com.br\/index.php?rest_route=\/wp\/v2\/posts\/148491\/revisions"}],"wp:featuredmedia":[{"embeddable":true,"href":"https:\/\/noticiasbahia360.com.br\/index.php?rest_route=\/wp\/v2\/media\/148492"}],"wp:attachment":[{"href":"https:\/\/noticiasbahia360.com.br\/index.php?rest_route=%2Fwp%2Fv2%2Fmedia&parent=148491"}],"wp:term":[{"taxonomy":"category","embeddable":true,"href":"https:\/\/noticiasbahia360.com.br\/index.php?rest_route=%2Fwp%2Fv2%2Fcategories&post=148491"},{"taxonomy":"post_tag","embeddable":true,"href":"https:\/\/noticiasbahia360.com.br\/index.php?rest_route=%2Fwp%2Fv2%2Ftags&post=148491"}],"curies":[{"name":"wp","href":"https:\/\/api.w.org\/{rel}","templated":true}]}}