{"id":148493,"date":"2026-09-02T15:02:28","date_gmt":"2026-09-02T18:02:28","guid":{"rendered":"https:\/\/noticiasbahia360.com.br\/?p=148493"},"modified":"2026-09-02T15:02:28","modified_gmt":"2026-09-02T18:02:28","slug":"fachin-anuncia-que-stf-adotara-medidas-cabiveis-apos-mensagens-de-vorcaro-com-moraes","status":"publish","type":"post","link":"https:\/\/noticiasbahia360.com.br\/?p=148493","title":{"rendered":"Fachin anuncia que STF adotar\u00e1 \u201cmedidas cab\u00edveis\u201d ap\u00f3s mensagens de Vorcaro com Moraes"},"content":{"rendered":"<div>\n<div>\n<figure><img decoding=\"async\" src=\"http:\/\/noticiasbahia360.com.br\/wp-content\/uploads\/2026\/09\/Edson-Fachin.webp\" alt=\"Edson Fachin\"><figcaption>Foto: Fabio Rodrigues-Pozzebom\/Ag\u00eancia Brasil<\/figcaption><\/figure>\n<\/div>\n<p class=\"wp-block-paragraph\">Ag\u00eancia Brasil- O presidente do Supremo Tribunal Federal (STF), Edson Fachin, disse nesta quarta-feira (2) que vai anunciar \u201cmedidas cab\u00edveis e necess\u00e1rias\u201d diante da\u00a0revela\u00e7\u00e3o de mensagens\u00a0enviadas pelo ex-banqueiro Daniel Vorcaro ao ministro da Corte Alexandre de Moraes.<img decoding=\"async\" src=\"https:\/\/agenciabrasil.ebc.com.br\/ebc.png?id=1701324&amp;o=node\"><img decoding=\"async\" src=\"https:\/\/agenciabrasil.ebc.com.br\/ebc.gif?id=1701324&amp;o=node\"><\/p>\n<p class=\"wp-block-paragraph\"><strong>Ao discursar na\u00a0abertura das 17\u00aa Jornadas\u00a0\u00cdtalo-Espanholo-Brasileiras de Direito Constitucional, em Bras\u00edlia, Fachin destacou que vai adotar as a\u00e7\u00f5es \u201cno tempo devido e sem precipita\u00e7\u00e3o\u201d.<\/strong><\/p>\n<blockquote class=\"wp-block-quote is-layout-flow wp-block-quote-is-layout-flow\">\n<p class=\"wp-block-paragraph\">\u201cEm momentos de especial gravidade, \u00e9 dever de todos preservar a integridade do Supremo Tribunal Federal, a autoridade de suas decis\u00f5es, o respeito \u00e0s suas normas e, acima de tudo, a confian\u00e7a da sociedade na institui\u00e7\u00e3o.\u201d<\/p>\n<\/blockquote>\n<p class=\"wp-block-paragraph\"><strong>Em sua fala, o presidente do STF avaliou que \u201cos ind\u00edcios reclamam o devido encaminhamento institucional\u201d, citando que \u201ccircunst\u00e2ncias relacionadas, de um lado, \u00e0 atua\u00e7\u00e3o processual e, de outro, a s\u00e9rios elementos de fatos que exigem desta Presid\u00eancia serenidade, responsabilidade e firmeza\u201d.<\/strong><\/p>\n<blockquote class=\"wp-block-quote is-layout-flow wp-block-quote-is-layout-flow\">\n<p class=\"wp-block-paragraph\">\u201cA elevada autoridade do cargo n\u00e3o confere privil\u00e9gios, mas imp\u00f5e deveres, limites e responsabilidades, que devem ser observados com absoluto respeito \u00e0 Constitui\u00e7\u00e3o, \u00e0s leis e ao Supremo Tribunal Federal.\u201d<\/p>\n<\/blockquote>\n<p class=\"wp-block-paragraph\"><strong>\u201cNos pr\u00f3ximos dias, conclu\u00edda a an\u00e1lise necess\u00e1ria dos fatos e observados os procedimentos institucionais pertinentes, esta Presid\u00eancia anunciar\u00e1, no tempo devido e sem precipita\u00e7\u00e3o, as medidas cab\u00edveis e necess\u00e1ria\u201d, concluiu Fachin.<\/strong><\/p>\n<h2 id=\"h-entenda\" class=\"wp-block-heading\">Entenda<\/h2>\n<p class=\"wp-block-paragraph\"><strong>Investiga\u00e7\u00f5es conduzidas pela Pol\u00edcia Federal (PF) encontraram mensagens trocadas entre Daniel Vorcaro e o ministro Alexandre de Moraes.<\/strong><\/p>\n<p class=\"wp-block-paragraph\">As cita\u00e7\u00f5es ao nome de Moraes foram captadas a partir da quebra de sigilo do celular do ex-banqueiro, alvo da Opera\u00e7\u00e3o Compliance Zero, que investiga fraudes financeiras no Banco Master.<\/p>\n<p class=\"wp-block-paragraph\"><strong>O sigilo do relat\u00f3rio de investiga\u00e7\u00e3o foi retirado nessa ter\u00e7a-feira (1\u00b0).<\/strong><\/p>\n<p class=\"wp-block-paragraph\">De acordo com a PF, Vorcaro teria conversado diretamente com um contato salvo em nome do ministro. Parte das supostas conversas foi apagada\u00a0porque o contato usava mensagens de atualiza\u00e7\u00e3o \u00fanica e as escrevia no bloco de notas, mecanismo que impede a recupera\u00e7\u00e3o completa dos dados.<\/p>\n<p class=\"wp-block-paragraph\">Em uma das mensagens recuperadas, Vorcaro diz ao contato atribu\u00eddo a Moraes que \u201cestava tentando antecipar os investigadores\u201d. A conversa teria ocorrido no dia 17 de novembro de 2025.<\/p>\n<h2 id=\"h-pgr\" class=\"wp-block-heading\">PGR<\/h2>\n<p class=\"wp-block-paragraph\">Na noite de ontem (1\u00ba), o procurador-geral da Rep\u00fablica, Paulo Gonet, defendeu a\u00a0nulidade da investiga\u00e7\u00e3o\u00a0da PF.<\/p>\n<p class=\"wp-block-paragraph\">Na manifesta\u00e7\u00e3o enviada \u00e0 Corte, Gonet disse que o relator do caso, ministro Andr\u00e9 Mendon\u00e7a, investigou Moraes ilegalmente ao determinar o aprofundamento da investiga\u00e7\u00e3o sobre o caso Master para esmiu\u00e7ar as conversas envolvendo Moraes e o ex-banqueiro.<\/p>\n<p class=\"wp-block-paragraph\">No entendimento do procurador, o aprofundamento da apura\u00e7\u00e3o s\u00f3 poderia ocorrer ap\u00f3s autoriza\u00e7\u00e3o do plen\u00e1rio da Corte.<\/p>\n<p class=\"wp-block-paragraph\">Pra Gonet, eventual investiga\u00e7\u00e3o contra Moraes deveria ser direcionada ao presidente da Corte, Edson Fachin, que levaria o caso ao plen\u00e1rio, e n\u00e3o diretamente para execu\u00e7\u00e3o da PF.<\/p>\n<p class=\"wp-block-paragraph\"><em>Siga o Acorda Cidade no\u00a0<\/em><a href=\"https:\/\/news.google.com\/search?q=acorda%20cidade&amp;hl=pt-BR&amp;gl=BR&amp;ceid=BR%3Apt-419\"><strong><em>Google Not\u00edcias<\/em><\/strong><\/a><em>\u00a0e receba os principais destaques do dia. Participe tamb\u00e9m dos nossos canais no\u00a0<\/em><a href=\"https:\/\/whatsapp.com\/channel\/0029Va6Rb4v3WHTNnsh8WI3N\"><strong><em>WhatsApp<\/em><\/strong><\/a><em>\u00a0e\u00a0<\/em><a href=\"https:\/\/www.youtube.com\/@acordacidadenoticias\/videos\"><strong>YouTube<\/strong><\/a><em>\u00a0e do grupo no\u00a0<\/em><a href=\"https:\/\/t.me\/+sSz0khrgARA0ZmRh\"><strong><em>Telegram<\/em><\/strong><\/a><em>.<\/em><\/p>\n<\/div>\n","protected":false},"excerpt":{"rendered":"<p>Foto: Fabio Rodrigues-Pozzebom\/Ag\u00eancia Brasil Ag\u00eancia Brasil- O presidente do Supremo Tribunal Federal (STF), Edson Fachin,<\/p>\n","protected":false},"author":1,"featured_media":148494,"comment_status":"closed","ping_status":"closed","sticky":false,"template":"","format":"gallery","meta":{"footnotes":""},"categories":[8,9,6,57,56,10],"tags":[],"class_list":["post-148493","post","type-post","status-publish","format-gallery","has-post-thumbnail","hentry","category-bahia","category-brasil","category-feira-de-santana","category-mundo","category-policia","category-politica","post_format-post-format-gallery"],"featured_image_urls":{"full":["https:\/\/noticiasbahia360.com.br\/wp-content\/uploads\/2026\/09\/Edson-Fachin.webp",1200,718,false],"thumbnail":["https:\/\/noticiasbahia360.com.br\/wp-content\/uploads\/2026\/09\/Edson-Fachin-150x150.webp",150,150,true],"medium":["https:\/\/noticiasbahia360.com.br\/wp-content\/uploads\/2026\/09\/Edson-Fachin-300x180.webp",300,180,true],"medium_large":["https:\/\/noticiasbahia360.com.br\/wp-content\/uploads\/2026\/09\/Edson-Fachin-768x460.webp",640,383,true],"large":["https:\/\/noticiasbahia360.com.br\/wp-content\/uploads\/2026\/09\/Edson-Fachin-1024x613.webp",640,383,true],"1536x1536":["https:\/\/noticiasbahia360.com.br\/wp-content\/uploads\/2026\/09\/Edson-Fachin.webp",1200,718,false],"2048x2048":["https:\/\/noticiasbahia360.com.br\/wp-content\/uploads\/2026\/09\/Edson-Fachin.webp",1200,718,false],"chromenews-featured":["https:\/\/noticiasbahia360.com.br\/wp-content\/uploads\/2026\/09\/Edson-Fachin-1024x613.webp",1024,613,true],"chromenews-large":["https:\/\/noticiasbahia360.com.br\/wp-content\/uploads\/2026\/09\/Edson-Fachin-825x575.webp",825,575,true],"chromenews-medium":["https:\/\/noticiasbahia360.com.br\/wp-content\/uploads\/2026\/09\/Edson-Fachin-590x410.webp",590,410,true]},"author_info":{"display_name":"noticiasbahia360.com.br","author_link":"https:\/\/noticiasbahia360.com.br\/?author=1"},"category_info":"<a href=\"https:\/\/noticiasbahia360.com.br\/?cat=8\" rel=\"category\">Bahia<\/a> <a href=\"https:\/\/noticiasbahia360.com.br\/?cat=9\" rel=\"category\">Brasil<\/a> <a href=\"https:\/\/noticiasbahia360.com.br\/?cat=6\" rel=\"category\">Feira de Santana<\/a> <a href=\"https:\/\/noticiasbahia360.com.br\/?cat=57\" rel=\"category\">Mundo<\/a> <a href=\"https:\/\/noticiasbahia360.com.br\/?cat=56\" rel=\"category\">Pol\u00edcia<\/a> <a href=\"https:\/\/noticiasbahia360.com.br\/?cat=10\" rel=\"category\">Pol\u00edtica<\/a>","tag_info":"Pol\u00edtica","comment_count":"0","_links":{"self":[{"href":"https:\/\/noticiasbahia360.com.br\/index.php?rest_route=\/wp\/v2\/posts\/148493","targetHints":{"allow":["GET"]}}],"collection":[{"href":"https:\/\/noticiasbahia360.com.br\/index.php?rest_route=\/wp\/v2\/posts"}],"about":[{"href":"https:\/\/noticiasbahia360.com.br\/index.php?rest_route=\/wp\/v2\/types\/post"}],"author":[{"embeddable":true,"href":"https:\/\/noticiasbahia360.com.br\/index.php?rest_route=\/wp\/v2\/users\/1"}],"replies":[{"embeddable":true,"href":"https:\/\/noticiasbahia360.com.br\/index.php?rest_route=%2Fwp%2Fv2%2Fcomments&post=148493"}],"version-history":[{"count":0,"href":"https:\/\/noticiasbahia360.com.br\/index.php?rest_route=\/wp\/v2\/posts\/148493\/revisions"}],"wp:featuredmedia":[{"embeddable":true,"href":"https:\/\/noticiasbahia360.com.br\/index.php?rest_route=\/wp\/v2\/media\/148494"}],"wp:attachment":[{"href":"https:\/\/noticiasbahia360.com.br\/index.php?rest_route=%2Fwp%2Fv2%2Fmedia&parent=148493"}],"wp:term":[{"taxonomy":"category","embeddable":true,"href":"https:\/\/noticiasbahia360.com.br\/index.php?rest_route=%2Fwp%2Fv2%2Fcategories&post=148493"},{"taxonomy":"post_tag","embeddable":true,"href":"https:\/\/noticiasbahia360.com.br\/index.php?rest_route=%2Fwp%2Fv2%2Ftags&post=148493"}],"curies":[{"name":"wp","href":"https:\/\/api.w.org\/{rel}","templated":true}]}}