{"id":148497,"date":"2026-09-02T15:02:30","date_gmt":"2026-09-02T18:02:30","guid":{"rendered":"https:\/\/noticiasbahia360.com.br\/?p=148497"},"modified":"2026-09-02T15:02:30","modified_gmt":"2026-09-02T18:02:30","slug":"anvisa-suspende-fabricacao-de-produtos-de-limpeza-da-unilever-apos-identificar-falhas","status":"publish","type":"post","link":"https:\/\/noticiasbahia360.com.br\/?p=148497","title":{"rendered":"Anvisa suspende fabrica\u00e7\u00e3o de produtos de limpeza da Unilever ap\u00f3s identificar falhas"},"content":{"rendered":"<div>\n<div>\n<figure><img decoding=\"async\" src=\"http:\/\/noticiasbahia360.com.br\/wp-content\/uploads\/2026\/09\/anvisa-foto-marcelo-camargo-agencia-brasil.jpg\" alt=\"Anvisa determinada retirada de duas marcas de suplemento alimentar do mercado\"><figcaption>Foto: Marcelo Camargo\/Ag\u00eancia Brasil<\/figcaption><\/figure>\n<\/div>\n<p class=\"wp-block-paragraph\">A Ag\u00eancia Nacional de Vigil\u00e2ncia Sanit\u00e1ria (Anvisa) publicou nesta quarta-feira (2) a suspens\u00e3o da fabrica\u00e7\u00e3o de produtos de limpeza na unidade da Unilever localizada em Vinhedo (SP). A a\u00e7\u00e3o \u00e9 preventiva e foi adotada ap\u00f3s inspe\u00e7\u00e3o realizada entre os dias 24 e 28 de agosto pela Anvisa, em conjunto com o Centro de Vigil\u00e2ncia Sanit\u00e1ria do Estado de S\u00e3o Paulo e a Vigil\u00e2ncia Sanit\u00e1ria do Munic\u00edpio de Vinhedo, para assegurar que futuros lotes da empresa n\u00e3o ofere\u00e7am risco \u00e0 sa\u00fade p\u00fablica.<\/p>\n<p class=\"wp-block-paragraph\">Durante a inspe\u00e7\u00e3o feita pelos tr\u00eas \u00f3rg\u00e3os, foram identificadas falhas nas Boas Pr\u00e1ticas de Fabrica\u00e7\u00e3o (BPF), que s\u00e3o requisitos que as empresas devem cumprir para assegurar que a produ\u00e7\u00e3o conte com sistemas de controle de qualidade adequados. Entre as inconsist\u00eancias mapeadas, est\u00e3o falhas nos controles realizados durante a fabrica\u00e7\u00e3o e antes da libera\u00e7\u00e3o dos produtos, defici\u00eancias no monitoramento da \u00e1gua utilizada no processo produtivo e fragilidades na investiga\u00e7\u00e3o e corre\u00e7\u00e3o de problemas identificados pela pr\u00f3pria empresa.<\/p>\n<h2 id=\"h-seguranca-sanitaria-para-a-populacao\" class=\"wp-block-heading\"><strong>Seguran\u00e7a sanit\u00e1ria para a popula\u00e7\u00e3o<\/strong><\/h2>\n<p class=\"wp-block-paragraph\">A avalia\u00e7\u00e3o das evid\u00eancias dispon\u00edveis at\u00e9 o momento n\u00e3o indicou contamina\u00e7\u00e3o microbiol\u00f3gica ou outros problemas sobre os lotes produzidos na f\u00e1brica. Por esse motivo, n\u00e3o foi determinada a suspens\u00e3o da comercializa\u00e7\u00e3o, da distribui\u00e7\u00e3o ou do uso dos produtos j\u00e1 fabricados e dispon\u00edveis no mercado, nem seu recolhimento.<\/p>\n<p class=\"wp-block-paragraph\">Essa vistoria faz parte de outras a\u00e7\u00f5es integradas de fiscaliza\u00e7\u00e3o sanit\u00e1ria de empresas fabricantes de saneantes, categoria que inclui produtos destinados \u00e0 limpeza, desinfec\u00e7\u00e3o e conserva\u00e7\u00e3o de ambientes. Em 2026, j\u00e1 foram realizadas sete inspe\u00e7\u00f5es em fabricantes, incluindo quatro dos maiores fabricantes do Brasil. O objetivo das opera\u00e7\u00f5es \u00e9 verificar o cumprimento das Boas Pr\u00e1ticas de Fabrica\u00e7\u00e3o e fortalecer a qualidade e a seguran\u00e7a dos produtos disponibilizados \u00e0 popula\u00e7\u00e3o.<\/p>\n<p class=\"wp-block-paragraph\"><em>Siga o Acorda Cidade no\u00a0<\/em><a href=\"https:\/\/news.google.com\/search?q=acorda%20cidade&amp;hl=pt-BR&amp;gl=BR&amp;ceid=BR%3Apt-419\"><strong><em>Google Not\u00edcias<\/em><\/strong><\/a><em>\u00a0e receba os principais destaques do dia. Participe tamb\u00e9m dos nossos canais no\u00a0<\/em><a href=\"https:\/\/whatsapp.com\/channel\/0029Va6Rb4v3WHTNnsh8WI3N\"><strong><em>WhatsApp<\/em><\/strong><\/a><em>\u00a0e\u00a0<\/em><a href=\"https:\/\/www.youtube.com\/@acordacidadenoticias\/videos\"><strong>YouTube<\/strong><\/a><em>\u00a0e do grupo no\u00a0<\/em><a href=\"https:\/\/t.me\/+sSz0khrgARA0ZmRh\"><strong><em>Telegram<\/em><\/strong><\/a><em>.<\/em><\/p>\n<\/div>\n","protected":false},"excerpt":{"rendered":"<p>Foto: Marcelo Camargo\/Ag\u00eancia Brasil A Ag\u00eancia Nacional de Vigil\u00e2ncia Sanit\u00e1ria (Anvisa) publicou nesta quarta-feira (2)<\/p>\n","protected":false},"author":1,"featured_media":148498,"comment_status":"closed","ping_status":"closed","sticky":false,"template":"","format":"gallery","meta":{"footnotes":""},"categories":[8,9,6,57,56,10],"tags":[],"class_list":["post-148497","post","type-post","status-publish","format-gallery","has-post-thumbnail","hentry","category-bahia","category-brasil","category-feira-de-santana","category-mundo","category-policia","category-politica","post_format-post-format-gallery"],"featured_image_urls":{"full":["https:\/\/noticiasbahia360.com.br\/wp-content\/uploads\/2026\/09\/anvisa-foto-marcelo-camargo-agencia-brasil.jpg",1200,718,false],"thumbnail":["https:\/\/noticiasbahia360.com.br\/wp-content\/uploads\/2026\/09\/anvisa-foto-marcelo-camargo-agencia-brasil-150x150.jpg",150,150,true],"medium":["https:\/\/noticiasbahia360.com.br\/wp-content\/uploads\/2026\/09\/anvisa-foto-marcelo-camargo-agencia-brasil-300x180.jpg",300,180,true],"medium_large":["https:\/\/noticiasbahia360.com.br\/wp-content\/uploads\/2026\/09\/anvisa-foto-marcelo-camargo-agencia-brasil-768x460.jpg",640,383,true],"large":["https:\/\/noticiasbahia360.com.br\/wp-content\/uploads\/2026\/09\/anvisa-foto-marcelo-camargo-agencia-brasil-1024x613.jpg",640,383,true],"1536x1536":["https:\/\/noticiasbahia360.com.br\/wp-content\/uploads\/2026\/09\/anvisa-foto-marcelo-camargo-agencia-brasil.jpg",1200,718,false],"2048x2048":["https:\/\/noticiasbahia360.com.br\/wp-content\/uploads\/2026\/09\/anvisa-foto-marcelo-camargo-agencia-brasil.jpg",1200,718,false],"chromenews-featured":["https:\/\/noticiasbahia360.com.br\/wp-content\/uploads\/2026\/09\/anvisa-foto-marcelo-camargo-agencia-brasil-1024x613.jpg",1024,613,true],"chromenews-large":["https:\/\/noticiasbahia360.com.br\/wp-content\/uploads\/2026\/09\/anvisa-foto-marcelo-camargo-agencia-brasil-825x575.jpg",825,575,true],"chromenews-medium":["https:\/\/noticiasbahia360.com.br\/wp-content\/uploads\/2026\/09\/anvisa-foto-marcelo-camargo-agencia-brasil-590x410.jpg",590,410,true]},"author_info":{"display_name":"noticiasbahia360.com.br","author_link":"https:\/\/noticiasbahia360.com.br\/?author=1"},"category_info":"<a href=\"https:\/\/noticiasbahia360.com.br\/?cat=8\" rel=\"category\">Bahia<\/a> <a href=\"https:\/\/noticiasbahia360.com.br\/?cat=9\" rel=\"category\">Brasil<\/a> <a href=\"https:\/\/noticiasbahia360.com.br\/?cat=6\" rel=\"category\">Feira de Santana<\/a> <a href=\"https:\/\/noticiasbahia360.com.br\/?cat=57\" rel=\"category\">Mundo<\/a> <a href=\"https:\/\/noticiasbahia360.com.br\/?cat=56\" rel=\"category\">Pol\u00edcia<\/a> <a href=\"https:\/\/noticiasbahia360.com.br\/?cat=10\" rel=\"category\">Pol\u00edtica<\/a>","tag_info":"Pol\u00edtica","comment_count":"0","_links":{"self":[{"href":"https:\/\/noticiasbahia360.com.br\/index.php?rest_route=\/wp\/v2\/posts\/148497","targetHints":{"allow":["GET"]}}],"collection":[{"href":"https:\/\/noticiasbahia360.com.br\/index.php?rest_route=\/wp\/v2\/posts"}],"about":[{"href":"https:\/\/noticiasbahia360.com.br\/index.php?rest_route=\/wp\/v2\/types\/post"}],"author":[{"embeddable":true,"href":"https:\/\/noticiasbahia360.com.br\/index.php?rest_route=\/wp\/v2\/users\/1"}],"replies":[{"embeddable":true,"href":"https:\/\/noticiasbahia360.com.br\/index.php?rest_route=%2Fwp%2Fv2%2Fcomments&post=148497"}],"version-history":[{"count":0,"href":"https:\/\/noticiasbahia360.com.br\/index.php?rest_route=\/wp\/v2\/posts\/148497\/revisions"}],"wp:featuredmedia":[{"embeddable":true,"href":"https:\/\/noticiasbahia360.com.br\/index.php?rest_route=\/wp\/v2\/media\/148498"}],"wp:attachment":[{"href":"https:\/\/noticiasbahia360.com.br\/index.php?rest_route=%2Fwp%2Fv2%2Fmedia&parent=148497"}],"wp:term":[{"taxonomy":"category","embeddable":true,"href":"https:\/\/noticiasbahia360.com.br\/index.php?rest_route=%2Fwp%2Fv2%2Fcategories&post=148497"},{"taxonomy":"post_tag","embeddable":true,"href":"https:\/\/noticiasbahia360.com.br\/index.php?rest_route=%2Fwp%2Fv2%2Ftags&post=148497"}],"curies":[{"name":"wp","href":"https:\/\/api.w.org\/{rel}","templated":true}]}}