{"id":148499,"date":"2026-09-02T15:02:32","date_gmt":"2026-09-02T18:02:32","guid":{"rendered":"https:\/\/noticiasbahia360.com.br\/?p=148499"},"modified":"2026-09-02T15:02:32","modified_gmt":"2026-09-02T18:02:32","slug":"shawn-mendes-e-bruna-marquezine-participam-de-doacao-de-mais-de-3-mil-quentinhas-no-rio","status":"publish","type":"post","link":"https:\/\/noticiasbahia360.com.br\/?p=148499","title":{"rendered":"Shawn Mendes e Bruna Marquezine participam de doa\u00e7\u00e3o de mais de 3 mil quentinhas no Rio"},"content":{"rendered":"<div>\n<div>\n<figure><img decoding=\"async\" src=\"http:\/\/noticiasbahia360.com.br\/wp-content\/uploads\/2026\/09\/Shawn-Mendes-e-Bruna-Marquezine-participam-de-doacao-de-mais-de-3-mil-quentinhas-no-Rio-Foto-Reproducao-Redes-Sociais-020926.jpg\" alt=\"Shawn Mendes e Bruna Marquezine\"><figcaption>Shawn Mendes e Bruna Marquezine | Foto: Reprodu\u00e7\u00e3o\/ Redes Sociais <\/figcaption><\/figure>\n<\/div>\n<p class=\"wp-block-paragraph\">O casal Bruna Marquezine, de 31 anos, e Shawn Mendes, de 28, participou de uma distribui\u00e7\u00e3o de quentinhas para pessoas em situa\u00e7\u00e3o de rua na noite da \u00faltima segunda-feira (31), no Rio de Janeiro. O momento foi compartilhado nas redes sociais do projeto Macarr\u00e3o com Salsicha.<\/p>\n<p class=\"wp-block-paragraph\">Nas imagens, a atriz brasileira e o cantor canadense aparecem juntos a outros volunt\u00e1rios durante a a\u00e7\u00e3o solid\u00e1ria. Ao todo, foram entregues 3.315 quentinhas.<\/p>\n<p class=\"wp-block-paragraph\">\u201cCada quentinha representa muito mais do que uma refei\u00e7\u00e3o. Representa cuidado, acolhimento, dignidade e a certeza de que ningu\u00e9m precisa caminhar sozinho\u201d, escreveu o projeto.<\/p>\n<figure class=\"wp-block-image size-full\"><img fetchpriority=\"high\" fetchpriority=\"high\" decoding=\"async\" width=\"1200\" height=\"839\" src=\"http:\/\/noticiasbahia360.com.br\/wp-content\/uploads\/2026\/09\/Shawn-Mendes-e-Bruna-Marquezine-participam-de-doacao-de-mais-de-3-mil-quentinhas-no-Rio-Foto-Reproducao-Redes-Sociais-2-020926.jpg\" alt=\"Shawn Mendes e Bruna Marquezine\" class=\"wp-image-687225\" srcset=\"http:\/\/noticiasbahia360.com.br\/wp-content\/uploads\/2026\/09\/Shawn-Mendes-e-Bruna-Marquezine-participam-de-doacao-de-mais-de-3-mil-quentinhas-no-Rio-Foto-Reproducao-Redes-Sociais-2-020926.jpg 1200w, https:\/\/uploads.acordacidade.com.br\/2026\/09\/Shawn-Mendes-e-Bruna-Marquezine-participam-de-doacao-de-mais-de-3-mil-quentinhas-no-Rio-Foto-Reproducao-Redes-Sociais-2-020926-750x524.jpg 750w, https:\/\/uploads.acordacidade.com.br\/2026\/09\/Shawn-Mendes-e-Bruna-Marquezine-participam-de-doacao-de-mais-de-3-mil-quentinhas-no-Rio-Foto-Reproducao-Redes-Sociais-2-020926-1000x699.jpg 1000w, https:\/\/uploads.acordacidade.com.br\/2026\/09\/Shawn-Mendes-e-Bruna-Marquezine-participam-de-doacao-de-mais-de-3-mil-quentinhas-no-Rio-Foto-Reproducao-Redes-Sociais-2-020926-450x315.jpg 450w, https:\/\/uploads.acordacidade.com.br\/2026\/09\/Shawn-Mendes-e-Bruna-Marquezine-participam-de-doacao-de-mais-de-3-mil-quentinhas-no-Rio-Foto-Reproducao-Redes-Sociais-2-020926-150x105.jpg 150w\" sizes=\"(max-width: 1200px) 100vw, 1200px\"><figcaption class=\"wp-element-caption\">Shawn Mendes e Bruna Marquezine | Foto: Reprodu\u00e7\u00e3o\/ Redes Sociais <\/figcaption><\/figure>\n<p class=\"wp-block-paragraph\">Em meio a abra\u00e7os e sorrisos, Bruna e Shawn interagiram com crian\u00e7as e adultos em situa\u00e7\u00e3o de vulnerabilidade social, que foram beneficiados com as doa\u00e7\u00f5es.<\/p>\n<p class=\"wp-block-paragraph\"><strong>Veja o v\u00eddeo:<\/strong><\/p>\n<figure class=\"wp-block-embed is-type-rich is-provider-instagram wp-block-embed-instagram\">\n<div class=\"wp-block-embed__wrapper\"><iframe title=\"Instagram frame\" loading=\"lazy\" height=\"628\" class=\"instagram-embed-iframe\" src=\"https:\/\/www.instagram.com\/reel\/Dcvfm3wvzWX\/embed\/\" allowtransparency=\"true\" frameborder=\"0\" scrolling=\"no\" onload=\"(function(o){window.instagramIframe = window.instagramIframe || []; window.instagramIframe.push(o);})(this)\" style=\"border: 0px; margin: 0 auto; max-width: 658px; width: calc(100% - 2px); border-radius: 4px; box-shadow: rgba(0, 0, 0, 0.498039) 0px 0px 1px 0px, rgba(0, 0, 0, 0.14902) 0px 1px 10px 0px; display: block; padding: 0px; background: rgb(255, 255, 255);\"><\/iframe><\/div>\n<\/figure>\n<p class=\"wp-block-paragraph\">A entrega de quentinhas \u00e9 realizada todas as segundas-feiras pelo projeto Macarr\u00e3o com Salsicha, com liga\u00e7\u00e3o \u00e0 Par\u00f3quia Santa Rita de C\u00e1ssia.<\/p>\n<p class=\"wp-block-paragraph\">Esta n\u00e3o \u00e9 a primeira a\u00e7\u00e3o social que Bruna e Shawn Mendes participam juntos. Em agosto deste ano, o casal passou em torno de uma semana em Angola.<\/p>\n<figure class=\"wp-block-image size-full\"><img decoding=\"async\" width=\"1250\" height=\"703\" src=\"http:\/\/noticiasbahia360.com.br\/wp-content\/uploads\/2026\/09\/Bruna-Marquezine-e-Shawn-Mendes-em-Angola-Foto-Acervo-Pessoal-020926.jpg\" alt=\"Bruna Marquezine e Shawn Mendes \" class=\"wp-image-687227\" srcset=\"http:\/\/noticiasbahia360.com.br\/wp-content\/uploads\/2026\/09\/Bruna-Marquezine-e-Shawn-Mendes-em-Angola-Foto-Acervo-Pessoal-020926.jpg 1250w, https:\/\/uploads.acordacidade.com.br\/2026\/09\/Bruna-Marquezine-e-Shawn-Mendes-em-Angola-Foto-Acervo-Pessoal-020926-750x422.jpg 750w, https:\/\/uploads.acordacidade.com.br\/2026\/09\/Bruna-Marquezine-e-Shawn-Mendes-em-Angola-Foto-Acervo-Pessoal-020926-1000x562.jpg 1000w, https:\/\/uploads.acordacidade.com.br\/2026\/09\/Bruna-Marquezine-e-Shawn-Mendes-em-Angola-Foto-Acervo-Pessoal-020926-450x253.jpg 450w, https:\/\/uploads.acordacidade.com.br\/2026\/09\/Bruna-Marquezine-e-Shawn-Mendes-em-Angola-Foto-Acervo-Pessoal-020926-150x84.jpg 150w\" sizes=\"(max-width: 1250px) 100vw, 1250px\"><figcaption class=\"wp-element-caption\">Foto: Acervo Pessoal <\/figcaption><\/figure>\n<p class=\"wp-block-paragraph\">No pa\u00eds africano, os dois visitaram a Aldeia Nissi, projeto humanit\u00e1rio e social fundado em 2009 pelo ator brasileiro Caique Oliveira, que atende fam\u00edlias e crian\u00e7as na cidade de Kuito, prov\u00edncia do Bi\u00e9.<\/p>\n<p class=\"wp-block-paragraph\"><em>Siga o Acorda Cidade no\u00a0<\/em><a href=\"https:\/\/news.google.com\/search?q=acorda%20cidade&amp;hl=pt-BR&amp;gl=BR&amp;ceid=BR%3Apt-419\"><strong><em>Google Not\u00edcias<\/em><\/strong><\/a><em>\u00a0e receba os principais destaques do dia. Participe tamb\u00e9m dos nossos canais no\u00a0<\/em><a href=\"https:\/\/www.whatsapp.com\/channel\/0029Va6Rb4v3WHTNnsh8WI3N\"><strong><em>WhatsApp<\/em><\/strong><\/a><em>\u00a0e\u00a0<\/em><a href=\"https:\/\/www.youtube.com\/@acordacidadenoticias\/videos\"><strong>YouTube<\/strong><\/a><em>\u00a0e do grupo no\u00a0<\/em><a href=\"https:\/\/t.me\/+sSz0khrgARA0ZmRh\"><strong><em>Telegram<\/em><\/strong><\/a><em>.<\/em><\/p>\n<\/div>\n","protected":false},"excerpt":{"rendered":"<p>Shawn Mendes e Bruna Marquezine | Foto: Reprodu\u00e7\u00e3o\/ Redes Sociais O casal Bruna Marquezine, de<\/p>\n","protected":false},"author":1,"featured_media":148500,"comment_status":"closed","ping_status":"closed","sticky":false,"template":"","format":"gallery","meta":{"footnotes":""},"categories":[8,9,6,57,56,10],"tags":[],"class_list":["post-148499","post","type-post","status-publish","format-gallery","has-post-thumbnail","hentry","category-bahia","category-brasil","category-feira-de-santana","category-mundo","category-policia","category-politica","post_format-post-format-gallery"],"featured_image_urls":{"full":["https:\/\/noticiasbahia360.com.br\/wp-content\/uploads\/2026\/09\/Shawn-Mendes-e-Bruna-Marquezine-participam-de-doacao-de-mais-de-3-mil-quentinhas-no-Rio-Foto-Reproducao-Redes-Sociais-020926.jpg",1250,703,false],"thumbnail":["https:\/\/noticiasbahia360.com.br\/wp-content\/uploads\/2026\/09\/Shawn-Mendes-e-Bruna-Marquezine-participam-de-doacao-de-mais-de-3-mil-quentinhas-no-Rio-Foto-Reproducao-Redes-Sociais-020926-150x150.jpg",150,150,true],"medium":["https:\/\/noticiasbahia360.com.br\/wp-content\/uploads\/2026\/09\/Shawn-Mendes-e-Bruna-Marquezine-participam-de-doacao-de-mais-de-3-mil-quentinhas-no-Rio-Foto-Reproducao-Redes-Sociais-020926-300x169.jpg",300,169,true],"medium_large":["https:\/\/noticiasbahia360.com.br\/wp-content\/uploads\/2026\/09\/Shawn-Mendes-e-Bruna-Marquezine-participam-de-doacao-de-mais-de-3-mil-quentinhas-no-Rio-Foto-Reproducao-Redes-Sociais-020926-768x432.jpg",640,360,true],"large":["https:\/\/noticiasbahia360.com.br\/wp-content\/uploads\/2026\/09\/Shawn-Mendes-e-Bruna-Marquezine-participam-de-doacao-de-mais-de-3-mil-quentinhas-no-Rio-Foto-Reproducao-Redes-Sociais-020926-1024x576.jpg",640,360,true],"1536x1536":["https:\/\/noticiasbahia360.com.br\/wp-content\/uploads\/2026\/09\/Shawn-Mendes-e-Bruna-Marquezine-participam-de-doacao-de-mais-de-3-mil-quentinhas-no-Rio-Foto-Reproducao-Redes-Sociais-020926.jpg",1250,703,false],"2048x2048":["https:\/\/noticiasbahia360.com.br\/wp-content\/uploads\/2026\/09\/Shawn-Mendes-e-Bruna-Marquezine-participam-de-doacao-de-mais-de-3-mil-quentinhas-no-Rio-Foto-Reproducao-Redes-Sociais-020926.jpg",1250,703,false],"chromenews-featured":["https:\/\/noticiasbahia360.com.br\/wp-content\/uploads\/2026\/09\/Shawn-Mendes-e-Bruna-Marquezine-participam-de-doacao-de-mais-de-3-mil-quentinhas-no-Rio-Foto-Reproducao-Redes-Sociais-020926-1024x576.jpg",1024,576,true],"chromenews-large":["https:\/\/noticiasbahia360.com.br\/wp-content\/uploads\/2026\/09\/Shawn-Mendes-e-Bruna-Marquezine-participam-de-doacao-de-mais-de-3-mil-quentinhas-no-Rio-Foto-Reproducao-Redes-Sociais-020926-825x575.jpg",825,575,true],"chromenews-medium":["https:\/\/noticiasbahia360.com.br\/wp-content\/uploads\/2026\/09\/Shawn-Mendes-e-Bruna-Marquezine-participam-de-doacao-de-mais-de-3-mil-quentinhas-no-Rio-Foto-Reproducao-Redes-Sociais-020926-590x410.jpg",590,410,true]},"author_info":{"display_name":"noticiasbahia360.com.br","author_link":"https:\/\/noticiasbahia360.com.br\/?author=1"},"category_info":"<a href=\"https:\/\/noticiasbahia360.com.br\/?cat=8\" rel=\"category\">Bahia<\/a> <a href=\"https:\/\/noticiasbahia360.com.br\/?cat=9\" rel=\"category\">Brasil<\/a> <a href=\"https:\/\/noticiasbahia360.com.br\/?cat=6\" rel=\"category\">Feira de Santana<\/a> <a href=\"https:\/\/noticiasbahia360.com.br\/?cat=57\" rel=\"category\">Mundo<\/a> <a href=\"https:\/\/noticiasbahia360.com.br\/?cat=56\" rel=\"category\">Pol\u00edcia<\/a> <a href=\"https:\/\/noticiasbahia360.com.br\/?cat=10\" rel=\"category\">Pol\u00edtica<\/a>","tag_info":"Pol\u00edtica","comment_count":"0","_links":{"self":[{"href":"https:\/\/noticiasbahia360.com.br\/index.php?rest_route=\/wp\/v2\/posts\/148499","targetHints":{"allow":["GET"]}}],"collection":[{"href":"https:\/\/noticiasbahia360.com.br\/index.php?rest_route=\/wp\/v2\/posts"}],"about":[{"href":"https:\/\/noticiasbahia360.com.br\/index.php?rest_route=\/wp\/v2\/types\/post"}],"author":[{"embeddable":true,"href":"https:\/\/noticiasbahia360.com.br\/index.php?rest_route=\/wp\/v2\/users\/1"}],"replies":[{"embeddable":true,"href":"https:\/\/noticiasbahia360.com.br\/index.php?rest_route=%2Fwp%2Fv2%2Fcomments&post=148499"}],"version-history":[{"count":0,"href":"https:\/\/noticiasbahia360.com.br\/index.php?rest_route=\/wp\/v2\/posts\/148499\/revisions"}],"wp:featuredmedia":[{"embeddable":true,"href":"https:\/\/noticiasbahia360.com.br\/index.php?rest_route=\/wp\/v2\/media\/148500"}],"wp:attachment":[{"href":"https:\/\/noticiasbahia360.com.br\/index.php?rest_route=%2Fwp%2Fv2%2Fmedia&parent=148499"}],"wp:term":[{"taxonomy":"category","embeddable":true,"href":"https:\/\/noticiasbahia360.com.br\/index.php?rest_route=%2Fwp%2Fv2%2Fcategories&post=148499"},{"taxonomy":"post_tag","embeddable":true,"href":"https:\/\/noticiasbahia360.com.br\/index.php?rest_route=%2Fwp%2Fv2%2Ftags&post=148499"}],"curies":[{"name":"wp","href":"https:\/\/api.w.org\/{rel}","templated":true}]}}