{"id":148503,"date":"2026-09-02T16:00:08","date_gmt":"2026-09-02T19:00:08","guid":{"rendered":"https:\/\/noticiasbahia360.com.br\/?p=148503"},"modified":"2026-09-02T16:00:08","modified_gmt":"2026-09-02T19:00:08","slug":"pec-do-fim-da-6x1-relator-rejeita-emendas-que-mantinham-jornada-de-seis-dias","status":"publish","type":"post","link":"https:\/\/noticiasbahia360.com.br\/?p=148503","title":{"rendered":"PEC do fim da 6\u00d71: relator rejeita emendas que mantinham jornada de seis dias"},"content":{"rendered":"<div>\n<div>\n<figure><img decoding=\"async\" src=\"http:\/\/noticiasbahia360.com.br\/wp-content\/uploads\/2026\/09\/Omar-Aziz.jpg\" alt=\"Omar Aziz\"><figcaption>Omar Aziz | Foto: Geraldo Magela\/Ag\u00eancia Senado<\/figcaption><\/figure>\n<\/div>\n<p class=\"wp-block-paragraph\">Ag\u00eancia Brasil- <strong>As emendas da oposi\u00e7\u00e3o para manter a possibilidade da jornada de seis dias de trabalho por um dia de descanso (6\u00d71) foram rejeitadas pelo senador Omar Aziz (PSD-AM), relator da Proposta de Emenda \u00e0 Constitui\u00e7\u00e3o (PEC) que acaba com a jornada 6\u00d71. Ao todo, Aziz rejeitou todas as 36 emendas \u00e0 proposta.<\/strong><img decoding=\"async\" src=\"https:\/\/agenciabrasil.ebc.com.br\/ebc.png?id=1701330&amp;o=node\"><img decoding=\"async\" src=\"https:\/\/agenciabrasil.ebc.com.br\/ebc.gif?id=1701330&amp;o=node\"><\/p>\n<p class=\"wp-block-paragraph\">A Comiss\u00e3o de Constitui\u00e7\u00e3o e Justi\u00e7a (CCJ) iniciou a an\u00e1lise da PEC 221 de 2019 na manh\u00e3 desta quarta-feira (2) ap\u00f3s quatro meses da chegada da proposta ao Senado.\u00a0<strong>No final de maio, a C\u00e2mara aprovou o texto com apenas 22 votos contr\u00e1rios de 513 deputados.<\/strong><\/p>\n<p class=\"wp-block-paragraph\">Entre as emendas rejeitadas que mantinham a escala 6\u00d71, est\u00e3o as dos senadores Izalci Lucas (PL-DF), Vanderlan Cardoso (PSD \u2013 GO),\u00a0 Oriovisto Guimar\u00e3es (PSDB-PR), La\u00e9rcio Oliveira (PP\/SE) e as do l\u00edder da oposi\u00e7\u00e3o no Senado, Rog\u00e9rio Marinho (PL-RN).<\/p>\n<p class=\"wp-block-paragraph\">O relator Omar Aziz argumentou que n\u00e3o poderia acolher essas emendas porque elas permitem jornadas acima das 40 horas semanais.<\/p>\n<p class=\"wp-block-paragraph\">\u201cS\u00e3o emendas que, com todo o respeito aos colegas e amigos senadores e senadoras, eu n\u00e3o tenho como acatar porque descaracterizam completamente aquilo que \u00e9 o objetivo, [reduzir] de 44 para 40 horas, sem perder nenhuma remunera\u00e7\u00e3o e mantendo dois dias semanais com a fam\u00edlia \u2013 vou insistir em \u2018com a fam\u00edlia\u2019 porque \u00e9 o objetivo maior\u201d, disse.<\/p>\n<p class=\"wp-block-paragraph\"><strong>Emendas que aumentavam a regra de transi\u00e7\u00e3o da PEC, de 14 meses para at\u00e9 quatro anos, tamb\u00e9m foram rejeitadas pelo relator da proposta.\u00a0<\/strong>Tamb\u00e9m foram rejeitadas as sugest\u00f5es de parlamentares para adiar a implementa\u00e7\u00e3o da regra para lei complementar posterior e para compensa\u00e7\u00f5es fiscais \u00e0s empresas. \u00a0<\/p>\n<p class=\"wp-block-paragraph\">Al\u00e9m de\u00a0<a href=\"https:\/\/agenciabrasil.ebc.com.br\/politica\/noticia\/2026-05\/entenda-pec-que-acaba-com-escala-6x1-mais-tempo-livre-e-mesmo-salario\" target=\"_blank\" rel=\"noreferrer noopener\">acabar com a escala 6\u00d71<\/a>, ao determinar o descanso remunerado de dois dias por semana sem redu\u00e7\u00e3o salarial, a PEC tamb\u00e9m reduz a jornada semanal das atuais 44 para 40 horas com uma regra de transi\u00e7\u00e3o de 14 meses. \u00a0<\/p>\n<p class=\"wp-block-paragraph\">Se aprovada na CCJ, a PEC pode seguir para an\u00e1lise do plen\u00e1rio.\u00a0<strong>Lideran\u00e7as do governo defendem encerrar a an\u00e1lise da proposta no Senado ainda hoje.<\/strong><\/p>\n<h2 id=\"h-acordos-coletivos\" class=\"wp-block-heading\">Acordos coletivos<\/h2>\n<p class=\"wp-block-paragraph\"><strong>O senador Izalci Lucas defendeu, em uma das emendas, a previs\u00e3o de escalas diferenciadas que poderiam ter jornadas acima do previsto na PEC a serem negociadas entre patr\u00f5es e trabalhadores.<\/strong><\/p>\n<p class=\"wp-block-paragraph\">\u201cA negocia\u00e7\u00e3o coletiva se apresenta como o instrumento mais adequado para disciplinar a mat\u00e9ria, pois permite que trabalhadores e empregadores discutam solu\u00e7\u00f5es ajustadas \u00e0 realidade concreta de cada categoria\u201d, escreve o senador do Distrito Federal (DF).<\/p>\n<p class=\"wp-block-paragraph\">Argumento semelhante foi usado pelo senador Oriovisto Guimar\u00e3es, que destacou que a \u201cnegocia\u00e7\u00e3o coletiva se apresenta como o instrumento mais adequado para disciplinar a mat\u00e9ria\u201d.<\/p>\n<p class=\"wp-block-paragraph\">O senador Rog\u00e9rio Marinho, l\u00edder da oposi\u00e7\u00e3o na Casa, apresentou emenda para permitir jornadas por hora trabalhada, mantendo a possibilidade da escala 6\u00d71.<\/p>\n<p class=\"wp-block-paragraph\">\u201cRigidez da imposi\u00e7\u00e3o de uma escala \u00fanica com redu\u00e7\u00e3o compuls\u00f3ria e linear da dura\u00e7\u00e3o m\u00e1xima do trabalho, sem o correspondente aumento da produtividade nacional, representa um risco iminente de desencadear um ciclo persistente de infla\u00e7\u00e3o e desemprego\u201d, escreveu Marinho.<\/p>\n<p class=\"wp-block-paragraph\"><strong>O relator da PEC do fim da 6\u00d71, senador Omar Aziz, destacou que o Brasil n\u00e3o vai \u201cquebrar\u201d com a redu\u00e7\u00e3o da jornada, como n\u00e3o quebrou em 1988, quando a jornada foi reduzida de 48 para as atuais 44 horas semanais.<\/strong><\/p>\n<p class=\"wp-block-paragraph\">Aziz ainda criticou a proposta de regime por hora trabalhada e destacou que, na rela\u00e7\u00e3o patr\u00e3o e trabalhador, os empregados s\u00e3o o lado mais fr\u00e1gil que a PEC pretende proteger.<\/p>\n<blockquote class=\"wp-block-quote is-layout-flow wp-block-quote-is-layout-flow\">\n<p class=\"wp-block-paragraph\">\u201cSe prop\u00f5e alinhar o pa\u00eds ao movimento internacional de converg\u00eancia ao m\u00f3dulo de 40 horas. Na Am\u00e9rica Latina, a Col\u00f4mbia, o Chile e o M\u00e9xico adotaram, nos \u00faltimos anos, cronogramas de redu\u00e7\u00e3o da dura\u00e7\u00e3o semanal do trabalho\u201d, disse.<\/p>\n<\/blockquote>\n<p class=\"wp-block-paragraph\">O relator lembrou que o Brasil, em 1988, esteve \u00e0 frente ao reduzir a jornada para 44 horas. \u201cHoje [o Brasil] figura entre os pa\u00edses que mant\u00eam patamar superior ao padr\u00e3o consagrado pela Organiza\u00e7\u00e3o Internacional do Trabalho (OIT) h\u00e1 d\u00e9cadas, h\u00e1 mais de 30 anos\u201d, concluiu Omas Aziz.<\/p>\n<p class=\"wp-block-paragraph\">\n<\/div>\n","protected":false},"excerpt":{"rendered":"<p>Omar Aziz | Foto: Geraldo Magela\/Ag\u00eancia Senado Ag\u00eancia Brasil- As emendas da oposi\u00e7\u00e3o para manter<\/p>\n","protected":false},"author":1,"featured_media":148504,"comment_status":"closed","ping_status":"closed","sticky":false,"template":"","format":"gallery","meta":{"footnotes":""},"categories":[8,9,6,57,56,10],"tags":[],"class_list":["post-148503","post","type-post","status-publish","format-gallery","has-post-thumbnail","hentry","category-bahia","category-brasil","category-feira-de-santana","category-mundo","category-policia","category-politica","post_format-post-format-gallery"],"featured_image_urls":{"full":["https:\/\/noticiasbahia360.com.br\/wp-content\/uploads\/2026\/09\/Omar-Aziz.jpg",1200,718,false],"thumbnail":["https:\/\/noticiasbahia360.com.br\/wp-content\/uploads\/2026\/09\/Omar-Aziz-150x150.jpg",150,150,true],"medium":["https:\/\/noticiasbahia360.com.br\/wp-content\/uploads\/2026\/09\/Omar-Aziz-300x180.jpg",300,180,true],"medium_large":["https:\/\/noticiasbahia360.com.br\/wp-content\/uploads\/2026\/09\/Omar-Aziz-768x460.jpg",640,383,true],"large":["https:\/\/noticiasbahia360.com.br\/wp-content\/uploads\/2026\/09\/Omar-Aziz-1024x613.jpg",640,383,true],"1536x1536":["https:\/\/noticiasbahia360.com.br\/wp-content\/uploads\/2026\/09\/Omar-Aziz.jpg",1200,718,false],"2048x2048":["https:\/\/noticiasbahia360.com.br\/wp-content\/uploads\/2026\/09\/Omar-Aziz.jpg",1200,718,false],"chromenews-featured":["https:\/\/noticiasbahia360.com.br\/wp-content\/uploads\/2026\/09\/Omar-Aziz-1024x613.jpg",1024,613,true],"chromenews-large":["https:\/\/noticiasbahia360.com.br\/wp-content\/uploads\/2026\/09\/Omar-Aziz-825x575.jpg",825,575,true],"chromenews-medium":["https:\/\/noticiasbahia360.com.br\/wp-content\/uploads\/2026\/09\/Omar-Aziz-590x410.jpg",590,410,true]},"author_info":{"display_name":"noticiasbahia360.com.br","author_link":"https:\/\/noticiasbahia360.com.br\/?author=1"},"category_info":"<a href=\"https:\/\/noticiasbahia360.com.br\/?cat=8\" rel=\"category\">Bahia<\/a> <a href=\"https:\/\/noticiasbahia360.com.br\/?cat=9\" rel=\"category\">Brasil<\/a> <a href=\"https:\/\/noticiasbahia360.com.br\/?cat=6\" rel=\"category\">Feira de Santana<\/a> <a href=\"https:\/\/noticiasbahia360.com.br\/?cat=57\" rel=\"category\">Mundo<\/a> <a href=\"https:\/\/noticiasbahia360.com.br\/?cat=56\" rel=\"category\">Pol\u00edcia<\/a> <a href=\"https:\/\/noticiasbahia360.com.br\/?cat=10\" rel=\"category\">Pol\u00edtica<\/a>","tag_info":"Pol\u00edtica","comment_count":"0","_links":{"self":[{"href":"https:\/\/noticiasbahia360.com.br\/index.php?rest_route=\/wp\/v2\/posts\/148503","targetHints":{"allow":["GET"]}}],"collection":[{"href":"https:\/\/noticiasbahia360.com.br\/index.php?rest_route=\/wp\/v2\/posts"}],"about":[{"href":"https:\/\/noticiasbahia360.com.br\/index.php?rest_route=\/wp\/v2\/types\/post"}],"author":[{"embeddable":true,"href":"https:\/\/noticiasbahia360.com.br\/index.php?rest_route=\/wp\/v2\/users\/1"}],"replies":[{"embeddable":true,"href":"https:\/\/noticiasbahia360.com.br\/index.php?rest_route=%2Fwp%2Fv2%2Fcomments&post=148503"}],"version-history":[{"count":0,"href":"https:\/\/noticiasbahia360.com.br\/index.php?rest_route=\/wp\/v2\/posts\/148503\/revisions"}],"wp:featuredmedia":[{"embeddable":true,"href":"https:\/\/noticiasbahia360.com.br\/index.php?rest_route=\/wp\/v2\/media\/148504"}],"wp:attachment":[{"href":"https:\/\/noticiasbahia360.com.br\/index.php?rest_route=%2Fwp%2Fv2%2Fmedia&parent=148503"}],"wp:term":[{"taxonomy":"category","embeddable":true,"href":"https:\/\/noticiasbahia360.com.br\/index.php?rest_route=%2Fwp%2Fv2%2Fcategories&post=148503"},{"taxonomy":"post_tag","embeddable":true,"href":"https:\/\/noticiasbahia360.com.br\/index.php?rest_route=%2Fwp%2Fv2%2Ftags&post=148503"}],"curies":[{"name":"wp","href":"https:\/\/api.w.org\/{rel}","templated":true}]}}