{"id":148505,"date":"2026-09-02T16:00:09","date_gmt":"2026-09-02T19:00:09","guid":{"rendered":"https:\/\/noticiasbahia360.com.br\/?p=148505"},"modified":"2026-09-02T16:00:09","modified_gmt":"2026-09-02T19:00:09","slug":"candidato-a-governador-da-bahia-denuncia-ter-sido-atingido-por-tiro-de-bala-de-borracha-pela-pm","status":"publish","type":"post","link":"https:\/\/noticiasbahia360.com.br\/?p=148505","title":{"rendered":"Candidato a governador da Bahia denuncia ter sido atingido por tiro de bala de borracha pela PM"},"content":{"rendered":"<div>\n<div>\n<figure><img decoding=\"async\" src=\"http:\/\/noticiasbahia360.com.br\/wp-content\/uploads\/2026\/09\/candidato-Aroldo-Felix.jpg\" alt=\"candidato Aroldo F\u00e9lix\"><figcaption>Foto: Divulga\u00e7\u00e3o\/UP<\/figcaption><\/figure>\n<\/div>\n<p class=\"wp-block-paragraph\">O candidato ao governo do estado da Bahia Aroldo F\u00e9lix (UP) declarou nesta segunda-feira (1\u00ba) que foi v\u00edtima de um tiro com bala de borracha durante uma manifesta\u00e7\u00e3o de entregadores de aplicativo, em Salvador.<\/p>\n<p class=\"wp-block-paragraph\">A mobiliza\u00e7\u00e3o, que faz parte do Breque Nacional dos Apps, aconteceu durante todo o dia na Avenida Paralela, com a participa\u00e7\u00e3o do partido Unidade Popular, do qual F\u00e9lix faz parte. Durante o protesto, policiais militares iniciaram disparos contra os manifestantes, e o candidato foi atingido na regi\u00e3o da cintura.<\/p>\n<p class=\"wp-block-paragraph\">\u201cNo meio da manifesta\u00e7\u00e3o fui atingido pela pol\u00edcia, pela Garra. Olha aqui que fizeram comigo, com o candidato ao Governo da Bahia da Unidade Popular. N\u00f3s estamos aqui nesta luta, e a pol\u00edcia agride, atira no povo trabalhador. Os trabalhadores est\u00e3o reivindicando os seus direitos. Ningu\u00e9m est\u00e1 aqui pedindo nada a ningu\u00e9m, n\u00f3s estamos exigindo os nossos direitos e a pol\u00edcia nos trata desta forma\u201d, denunciou F\u00e9lix.<\/p>\n<p class=\"wp-block-paragraph\">O candidato defendeu ainda a desmilitariza\u00e7\u00e3o da pol\u00edcia e o fim do Garra. \u201c\u00c9 por isso que vamos continuar na luta, ao lado dos entregadores. E vamos acabar com essa pol\u00edcia militar, porque essa pol\u00edcia da Bahia \u00e9 a mais truculenta que existe no nosso pa\u00eds\u201d, afirmou. <\/p>\n<h2 id=\"h-reivindicacoes\" class=\"wp-block-heading\">Reivindica\u00e7\u00f5es<\/h2>\n<p class=\"wp-block-paragraph\">O protesto dos motoboys e entregadores de aplicativo cobrou o aumento dos valores repassados pelas plataformas aos trabalhadores e melhorias das condi\u00e7\u00f5es de trabalho. <\/p>\n<p class=\"wp-block-paragraph\">A categoria reivindica a cria\u00e7\u00e3o de uma taxa m\u00ednima de R$ 10 para corridas at\u00e9 4km e pagamento adicional de R$ 2,50 para cada quil\u00f4metro excedente. <\/p>\n<figure class=\"wp-block-embed is-type-rich is-provider-instagram wp-block-embed-instagram\">\n<div class=\"wp-block-embed__wrapper\"><iframe title=\"Instagram frame\" loading=\"lazy\" height=\"628\" class=\"instagram-embed-iframe\" src=\"https:\/\/www.instagram.com\/p\/DcwlUSrhd0J\/embed\/\" allowtransparency=\"true\" frameborder=\"0\" scrolling=\"no\" onload=\"(function(o){window.instagramIframe = window.instagramIframe || []; window.instagramIframe.push(o);})(this)\" style=\"border: 0px; margin: 0 auto; max-width: 658px; width: calc(100% - 2px); border-radius: 4px; box-shadow: rgba(0, 0, 0, 0.498039) 0px 0px 1px 0px, rgba(0, 0, 0, 0.14902) 0px 1px 10px 0px; display: block; padding: 0px; background: rgb(255, 255, 255);\"><\/iframe><\/div>\n<\/figure>\n<p class=\"wp-block-paragraph\"><em>Siga o Acorda Cidade no\u00a0<\/em><a href=\"https:\/\/news.google.com\/search?q=acorda%20cidade&amp;hl=pt-BR&amp;gl=BR&amp;ceid=BR%3Apt-419\"><strong><em>Google Not\u00edcias<\/em><\/strong><\/a><em>\u00a0e receba os principais\u00a0<a href=\"https:\/\/nym2-ib.adnxs.com\/ssclick2?e=wqT_3QKfAfBDnwAAAAMAxBkFAQjw6-DUBhDgwL_KlLbO43gY9erDgLGO2-ZdINfk0QsoywMwtV444wNAy6zCdUi14JkBUABaA1VTRGIBBdBoAXABeLQFgAEAiAEBkAECmAEFoAECqQFpB6sutFGyP7EBEu2Zw7t8sD-5AQAAAOB6FPo_wRUUAMkVKDjYAZUE4AEA8AHCjQT4AQA.\/s=aa4e217c42c193579cb54d44ca7887521ab137e4\/ip=177.8.130.114\/bcr=AAAAAAAA8D8=\/pp=FC018B61A7CDE411\/bn=0\/clickenc=https%3A%2F%2Fwww.bing.com%2Faclick%3Fld%3De8_BM4VswIFuXpu_wQomjsFTVUCUy0KGv9Hxdft36JkTYpcD0Xb5iYUBT5TrJlAo2bIrSrqRG2aFWVSFwd9gXNOj__if2W-A7KvHu-2LSHV-IO3i_wmXI8VC8ySBDijw4j2h2u2sRzMhIW3nQZjGGGTsU5clZjrNBjQdEUMKztwwivavGghD-SDenh2ZL9adHnTg1sCvCJdM9LLKmcUZPmRalt8qs%26u%3DaHR0cCUzYSUyZiUyZmNsaWNrc2VydmUuZGFydHNlYXJjaC5uZXQlMmZsaW5rJTJmY2xpY2slM2YlMjYlMjZkc19lX2FkaWQlM2QlMjZkc19lX21hdGNodHlwZSUzZHNlYXJjaCUyNmRzX2VfZGV2aWNlJTNkYyUyNmRzX2VfbmV0d29yayUzZGElMjYlMjZkc191cmxfdiUzZDIlMjZkc19kZXN0X3VybCUzZGh0dHBzJTNhJTJmJTJmd3d3LnBvbnRvc211bHRpcGx1cy5jb20uYnIlMmZsYXRhbXBhc3MlMmZjYXJ0b2VzLWRlLWNyZWRpdG8lM2Z1dG1fc291cmNlJTNkYmluZyUyNnV0bV9tZWRpdW0lM2RjcGMlMjZ1dG1fY2FtcGFpZ24lM2Rnb29nbGUtYmFuY29zLWFjdW11bG8tc2VhcmNoLXBlcmVuZS1zaXRlLWNvbnZlcnNhb19zaXRlLXRvZG9zLWxhdGFtX3Bhc3MtYnJhZGVzY28tLWNvbnZlcnNhbyUyNnV0bV9jb250ZW50JTNkbGF0YW1fcGFzcy1icmFkZXNjby0tcGFkcmFvLWNhcnRhby1leGF0YSUyNnV0bV90ZXJtJTNkYmFuY29zLWJyYWRlc2NvLS10ZXh0by0lMjZtc2Nsa2lkJTNkZjcwNDY0ODAyYjljMTkwYTQzNmEwZTE4MWU2YzA4Mjk%26rlid%3Df70464802b9c190a436a0e181e6c0829\" target=\"_blank\" rel=\"noreferrer noopener\">destaques<\/a>\u00a0do dia. Participe tamb\u00e9m dos nossos canais no\u00a0<\/em><a href=\"https:\/\/www.whatsapp.com\/channel\/0029Va6Rb4v3WHTNnsh8WI3N\"><strong><em>WhatsApp<\/em><\/strong><\/a><em>\u00a0e\u00a0<\/em><a href=\"https:\/\/www.youtube.com\/@acordacidadenoticias\/videos\"><strong>YouTube<\/strong><\/a><em>\u00a0e do grupo no\u00a0<\/em><a href=\"https:\/\/t.me\/+sSz0khrgARA0ZmRh\"><strong><em>Telegram<\/em><\/strong><\/a><em>.<\/em><a href=\"https:\/\/www.acordacidade.com.br\/colunas\/dilton-e-feito\/\"><\/a><\/p>\n<\/div>\n","protected":false},"excerpt":{"rendered":"<p>Foto: Divulga\u00e7\u00e3o\/UP O candidato ao governo do estado da Bahia Aroldo F\u00e9lix (UP) declarou nesta<\/p>\n","protected":false},"author":1,"featured_media":148506,"comment_status":"closed","ping_status":"closed","sticky":false,"template":"","format":"gallery","meta":{"footnotes":""},"categories":[8,9,6,57,56,10],"tags":[],"class_list":["post-148505","post","type-post","status-publish","format-gallery","has-post-thumbnail","hentry","category-bahia","category-brasil","category-feira-de-santana","category-mundo","category-policia","category-politica","post_format-post-format-gallery"],"featured_image_urls":{"full":["https:\/\/noticiasbahia360.com.br\/wp-content\/uploads\/2026\/09\/candidato-Aroldo-Felix.jpg",1200,751,false],"thumbnail":["https:\/\/noticiasbahia360.com.br\/wp-content\/uploads\/2026\/09\/candidato-Aroldo-Felix-150x150.jpg",150,150,true],"medium":["https:\/\/noticiasbahia360.com.br\/wp-content\/uploads\/2026\/09\/candidato-Aroldo-Felix-300x188.jpg",300,188,true],"medium_large":["https:\/\/noticiasbahia360.com.br\/wp-content\/uploads\/2026\/09\/candidato-Aroldo-Felix-768x481.jpg",640,401,true],"large":["https:\/\/noticiasbahia360.com.br\/wp-content\/uploads\/2026\/09\/candidato-Aroldo-Felix-1024x641.jpg",640,401,true],"1536x1536":["https:\/\/noticiasbahia360.com.br\/wp-content\/uploads\/2026\/09\/candidato-Aroldo-Felix.jpg",1200,751,false],"2048x2048":["https:\/\/noticiasbahia360.com.br\/wp-content\/uploads\/2026\/09\/candidato-Aroldo-Felix.jpg",1200,751,false],"chromenews-featured":["https:\/\/noticiasbahia360.com.br\/wp-content\/uploads\/2026\/09\/candidato-Aroldo-Felix-1024x641.jpg",1024,641,true],"chromenews-large":["https:\/\/noticiasbahia360.com.br\/wp-content\/uploads\/2026\/09\/candidato-Aroldo-Felix-825x575.jpg",825,575,true],"chromenews-medium":["https:\/\/noticiasbahia360.com.br\/wp-content\/uploads\/2026\/09\/candidato-Aroldo-Felix-590x410.jpg",590,410,true]},"author_info":{"display_name":"noticiasbahia360.com.br","author_link":"https:\/\/noticiasbahia360.com.br\/?author=1"},"category_info":"<a href=\"https:\/\/noticiasbahia360.com.br\/?cat=8\" rel=\"category\">Bahia<\/a> <a href=\"https:\/\/noticiasbahia360.com.br\/?cat=9\" rel=\"category\">Brasil<\/a> <a href=\"https:\/\/noticiasbahia360.com.br\/?cat=6\" rel=\"category\">Feira de Santana<\/a> <a href=\"https:\/\/noticiasbahia360.com.br\/?cat=57\" rel=\"category\">Mundo<\/a> <a href=\"https:\/\/noticiasbahia360.com.br\/?cat=56\" rel=\"category\">Pol\u00edcia<\/a> <a href=\"https:\/\/noticiasbahia360.com.br\/?cat=10\" rel=\"category\">Pol\u00edtica<\/a>","tag_info":"Pol\u00edtica","comment_count":"0","_links":{"self":[{"href":"https:\/\/noticiasbahia360.com.br\/index.php?rest_route=\/wp\/v2\/posts\/148505","targetHints":{"allow":["GET"]}}],"collection":[{"href":"https:\/\/noticiasbahia360.com.br\/index.php?rest_route=\/wp\/v2\/posts"}],"about":[{"href":"https:\/\/noticiasbahia360.com.br\/index.php?rest_route=\/wp\/v2\/types\/post"}],"author":[{"embeddable":true,"href":"https:\/\/noticiasbahia360.com.br\/index.php?rest_route=\/wp\/v2\/users\/1"}],"replies":[{"embeddable":true,"href":"https:\/\/noticiasbahia360.com.br\/index.php?rest_route=%2Fwp%2Fv2%2Fcomments&post=148505"}],"version-history":[{"count":0,"href":"https:\/\/noticiasbahia360.com.br\/index.php?rest_route=\/wp\/v2\/posts\/148505\/revisions"}],"wp:featuredmedia":[{"embeddable":true,"href":"https:\/\/noticiasbahia360.com.br\/index.php?rest_route=\/wp\/v2\/media\/148506"}],"wp:attachment":[{"href":"https:\/\/noticiasbahia360.com.br\/index.php?rest_route=%2Fwp%2Fv2%2Fmedia&parent=148505"}],"wp:term":[{"taxonomy":"category","embeddable":true,"href":"https:\/\/noticiasbahia360.com.br\/index.php?rest_route=%2Fwp%2Fv2%2Fcategories&post=148505"},{"taxonomy":"post_tag","embeddable":true,"href":"https:\/\/noticiasbahia360.com.br\/index.php?rest_route=%2Fwp%2Fv2%2Ftags&post=148505"}],"curies":[{"name":"wp","href":"https:\/\/api.w.org\/{rel}","templated":true}]}}