{"id":148507,"date":"2026-09-02T16:00:10","date_gmt":"2026-09-02T19:00:10","guid":{"rendered":"https:\/\/noticiasbahia360.com.br\/?p=148507"},"modified":"2026-09-02T16:00:10","modified_gmt":"2026-09-02T19:00:10","slug":"bahia-reune-111-amostras-de-dna-em-mobilizacao-nacional-por-pessoas-desaparecidas","status":"publish","type":"post","link":"https:\/\/noticiasbahia360.com.br\/?p=148507","title":{"rendered":"Bahia re\u00fane 111 amostras de DNA em mobiliza\u00e7\u00e3o nacional por pessoas desaparecidas"},"content":{"rendered":"<div>\n<div>\n<figure><img decoding=\"async\" src=\"http:\/\/noticiasbahia360.com.br\/wp-content\/uploads\/2026\/09\/pessoa-desaparecida-policia-civil.jpg\" alt=\"Bahia re\u00fane 111 amostras de DNA em mobiliza\u00e7\u00e3o nacional por pessoas desaparecidas\"><figcaption>Foto: Pol\u00edcia Civil<\/figcaption><\/figure>\n<\/div>\n<p class=\"wp-block-paragraph\">A Pol\u00edcia Civil da Bahia finalizou, na sexta-feira (28), a mobiliza\u00e7\u00e3o nacional para a busca de pessoas desaparecidas, promovida pelo Minist\u00e9rio da Justi\u00e7a e Seguran\u00e7a P\u00fablica (MJSP). As atividades foram desenvolvidas por meio do registro de ocorr\u00eancias e da coleta de DNA de familiares, em atua\u00e7\u00e3o integrada com o Departamento de Pol\u00edcia T\u00e9cnica (DPT).<\/p>\n<p class=\"wp-block-paragraph\">Em Salvador, 38 amostras gen\u00e9ticas foram coletadas na sede do DPT, acompanhadas de 24 registros de pessoas desaparecidas na Delegacia M\u00f3vel. Al\u00e9m da capital, o mutir\u00e3o contou com pontos de atendimento distribu\u00eddos em 33 munic\u00edpios do interior baiano, ampliando o alcance da iniciativa e contando com 73 coletas e 65 registros de pessoas desaparecidas. Ao todo, a mobiliza\u00e7\u00e3o no estado alcan\u00e7ou a marca de 111 amostras de DNA coletadas e 89 desaparecidos computados.<\/p>\n<p class=\"wp-block-paragraph\">Durante a a\u00e7\u00e3o, tamb\u00e9m foram realizadas coletas de impress\u00f5es digitais e de material gen\u00e9tico de pessoas com identidade n\u00e3o confirmada e de corpos n\u00e3o identificados sob cust\u00f3dia do Estado, fortalecendo as possibilidades de cruzamento de dados.<\/p>\n<p class=\"wp-block-paragraph\">Para a titular da Delegacia de Prote\u00e7\u00e3o \u00e0 Pessoa (DPP), delegada Ana Cristina Carvalho, a mobiliza\u00e7\u00e3o fortalece a esperan\u00e7a das fam\u00edlias. \u201cA coleta do material gen\u00e9tico \u00e9 um passo fundamental no trabalho investigativo. Esse esfor\u00e7o integrado garante mais precis\u00e3o aos cruzamentos de dados no Banco Nacional e traz respostas concretas para quem procura por um ente querido\u201d, ressaltou.<\/p>\n<p class=\"wp-block-paragraph\">A campanha foi coordenada pela Delegacia de Prote\u00e7\u00e3o \u00e0 Pessoa (DPP), unidade vinculada ao Departamento de Homic\u00eddios e Prote\u00e7\u00e3o \u00e0 Pessoa (DHPP), em parceria com o Departamento de Pol\u00edcia T\u00e9cnica (DPT), respons\u00e1vel pelo processamento do material e pela inser\u00e7\u00e3o dos perfis na Rede Integrada de Bancos de Perfis Gen\u00e9ticos.<\/p>\n<p class=\"wp-block-paragraph\"><em>Siga o Acorda Cidade no\u00a0<\/em><a href=\"https:\/\/news.google.com\/search?q=acorda%20cidade&amp;hl=pt-BR&amp;gl=BR&amp;ceid=BR%3Apt-419\"><strong><em>Google Not\u00edcias<\/em><\/strong><\/a><em>\u00a0e receba os principais destaques do dia. Participe tamb\u00e9m dos nossos canais no\u00a0<\/em><a href=\"https:\/\/www.whatsapp.com\/channel\/0029Va6Rb4v3WHTNnsh8WI3N\"><strong><em>WhatsApp<\/em><\/strong><\/a><em>\u00a0e\u00a0<\/em><a href=\"https:\/\/www.youtube.com\/@acordacidadenoticias\/videos\"><strong>YouTube<\/strong><\/a><em>\u00a0e do grupo no\u00a0<\/em><a href=\"https:\/\/t.me\/+sSz0khrgARA0ZmRh\"><strong><em>Telegram<\/em><\/strong><\/a><em>.<\/em><\/p>\n<\/div>\n","protected":false},"excerpt":{"rendered":"<p>Foto: Pol\u00edcia Civil A Pol\u00edcia Civil da Bahia finalizou, na sexta-feira (28), a mobiliza\u00e7\u00e3o nacional<\/p>\n","protected":false},"author":1,"featured_media":148508,"comment_status":"closed","ping_status":"closed","sticky":false,"template":"","format":"gallery","meta":{"footnotes":""},"categories":[8,9,6,57,56,10],"tags":[],"class_list":["post-148507","post","type-post","status-publish","format-gallery","has-post-thumbnail","hentry","category-bahia","category-brasil","category-feira-de-santana","category-mundo","category-policia","category-politica","post_format-post-format-gallery"],"featured_image_urls":{"full":["https:\/\/noticiasbahia360.com.br\/wp-content\/uploads\/2026\/09\/pessoa-desaparecida-policia-civil.jpg",1200,710,false],"thumbnail":["https:\/\/noticiasbahia360.com.br\/wp-content\/uploads\/2026\/09\/pessoa-desaparecida-policia-civil-150x150.jpg",150,150,true],"medium":["https:\/\/noticiasbahia360.com.br\/wp-content\/uploads\/2026\/09\/pessoa-desaparecida-policia-civil-300x178.jpg",300,178,true],"medium_large":["https:\/\/noticiasbahia360.com.br\/wp-content\/uploads\/2026\/09\/pessoa-desaparecida-policia-civil-768x454.jpg",640,378,true],"large":["https:\/\/noticiasbahia360.com.br\/wp-content\/uploads\/2026\/09\/pessoa-desaparecida-policia-civil-1024x606.jpg",640,379,true],"1536x1536":["https:\/\/noticiasbahia360.com.br\/wp-content\/uploads\/2026\/09\/pessoa-desaparecida-policia-civil.jpg",1200,710,false],"2048x2048":["https:\/\/noticiasbahia360.com.br\/wp-content\/uploads\/2026\/09\/pessoa-desaparecida-policia-civil.jpg",1200,710,false],"chromenews-featured":["https:\/\/noticiasbahia360.com.br\/wp-content\/uploads\/2026\/09\/pessoa-desaparecida-policia-civil-1024x606.jpg",1024,606,true],"chromenews-large":["https:\/\/noticiasbahia360.com.br\/wp-content\/uploads\/2026\/09\/pessoa-desaparecida-policia-civil-825x575.jpg",825,575,true],"chromenews-medium":["https:\/\/noticiasbahia360.com.br\/wp-content\/uploads\/2026\/09\/pessoa-desaparecida-policia-civil-590x410.jpg",590,410,true]},"author_info":{"display_name":"noticiasbahia360.com.br","author_link":"https:\/\/noticiasbahia360.com.br\/?author=1"},"category_info":"<a href=\"https:\/\/noticiasbahia360.com.br\/?cat=8\" rel=\"category\">Bahia<\/a> <a href=\"https:\/\/noticiasbahia360.com.br\/?cat=9\" rel=\"category\">Brasil<\/a> <a href=\"https:\/\/noticiasbahia360.com.br\/?cat=6\" rel=\"category\">Feira de Santana<\/a> <a href=\"https:\/\/noticiasbahia360.com.br\/?cat=57\" rel=\"category\">Mundo<\/a> <a href=\"https:\/\/noticiasbahia360.com.br\/?cat=56\" rel=\"category\">Pol\u00edcia<\/a> <a href=\"https:\/\/noticiasbahia360.com.br\/?cat=10\" rel=\"category\">Pol\u00edtica<\/a>","tag_info":"Pol\u00edtica","comment_count":"0","_links":{"self":[{"href":"https:\/\/noticiasbahia360.com.br\/index.php?rest_route=\/wp\/v2\/posts\/148507","targetHints":{"allow":["GET"]}}],"collection":[{"href":"https:\/\/noticiasbahia360.com.br\/index.php?rest_route=\/wp\/v2\/posts"}],"about":[{"href":"https:\/\/noticiasbahia360.com.br\/index.php?rest_route=\/wp\/v2\/types\/post"}],"author":[{"embeddable":true,"href":"https:\/\/noticiasbahia360.com.br\/index.php?rest_route=\/wp\/v2\/users\/1"}],"replies":[{"embeddable":true,"href":"https:\/\/noticiasbahia360.com.br\/index.php?rest_route=%2Fwp%2Fv2%2Fcomments&post=148507"}],"version-history":[{"count":0,"href":"https:\/\/noticiasbahia360.com.br\/index.php?rest_route=\/wp\/v2\/posts\/148507\/revisions"}],"wp:featuredmedia":[{"embeddable":true,"href":"https:\/\/noticiasbahia360.com.br\/index.php?rest_route=\/wp\/v2\/media\/148508"}],"wp:attachment":[{"href":"https:\/\/noticiasbahia360.com.br\/index.php?rest_route=%2Fwp%2Fv2%2Fmedia&parent=148507"}],"wp:term":[{"taxonomy":"category","embeddable":true,"href":"https:\/\/noticiasbahia360.com.br\/index.php?rest_route=%2Fwp%2Fv2%2Fcategories&post=148507"},{"taxonomy":"post_tag","embeddable":true,"href":"https:\/\/noticiasbahia360.com.br\/index.php?rest_route=%2Fwp%2Fv2%2Ftags&post=148507"}],"curies":[{"name":"wp","href":"https:\/\/api.w.org\/{rel}","templated":true}]}}