{"id":148511,"date":"2026-09-02T16:00:13","date_gmt":"2026-09-02T19:00:13","guid":{"rendered":"https:\/\/noticiasbahia360.com.br\/?p=148511"},"modified":"2026-09-02T16:00:13","modified_gmt":"2026-09-02T19:00:13","slug":"com-area-de-10-campos-de-futebol-lagoa-salgada-passara-por-projeto-de-urbanizacao-e-preservacao","status":"publish","type":"post","link":"https:\/\/noticiasbahia360.com.br\/?p=148511","title":{"rendered":"Com \u00e1rea de 10 campos de futebol, Lagoa Salgada passar\u00e1 por projeto de urbaniza\u00e7\u00e3o e preserva\u00e7\u00e3o"},"content":{"rendered":"<div>\n<div>\n<figure><img decoding=\"async\" src=\"http:\/\/noticiasbahia360.com.br\/wp-content\/uploads\/2026\/09\/Lagoa-Salgada-I-Av-Noide-Cerqueira.jpeg\" alt=\"Lagoa Salgada I, Av Noide Cerqueira\"><figcaption>Lagoa Salgada I, Av Noide Cerqueira, em 2024 | Foto: Jo\u00e3o Dias<\/figcaption><\/figure>\n<\/div>\n<p class=\"wp-block-paragraph\">A <a href=\"https:\/\/www.acordacidade.com.br\/feira-de-santana\/o-dinheiro-nos-ja-temos-prefeito-anuncia-desapropriacao-e-urbanizacao-da-lagoa-salgada\/\">Prefeitura<\/a> de Feira de Santana anunciou a <a href=\"https:\/\/www.acordacidade.com.br\/feira-de-santana\/prefeitura-de-feira-de-santana-desapropria-grande-area-as-margens-da-lagoa-salgada\/\">desapropria\u00e7\u00e3o<\/a> de mais de 110 mil metros quadrados de um terreno que margeia a Lagoa Salgada, localizada na zona leste do munic\u00edpio. A medida \u00e9 parte do plano de recupera\u00e7\u00e3o, urbaniza\u00e7\u00e3o e preserva\u00e7\u00e3o do corpo d\u2019\u00e1gua. <\/p>\n<p class=\"wp-block-paragraph\">A \u00e1rea anunciada \u00e9 superior a dez campos de futebol, considerando as medidas oficiais. Al\u00e9m do bairro que tem o seu nome, a lagoa margeia uma grande extens\u00e3o da Avenida N\u00f3ide Cerqueira.<\/p>\n<p class=\"wp-block-paragraph\">Em entrevista ao Acorda Cidade, o secret\u00e1rio de Planejamento, Carlos Brito, explicou que a primeira etapa dessa obra envolve a requalifica\u00e7\u00e3o e urbaniza\u00e7\u00e3o do espa\u00e7o da lagoa, com implanta\u00e7\u00e3o de uma pista de cooper, equipamentos p\u00fablicos e um mirante.<\/p>\n<blockquote class=\"wp-block-quote is-layout-flow wp-block-quote-is-layout-flow\">\n<p class=\"has-medium-font-size wp-block-paragraph\">Vai erguer uma imagem de Nossa Senhora Sant\u2019Ana , a padroeira da nossa terra, para que voc\u00ea possa enxergar a beleza e ela possa proteger a nossa cidade. Em s\u00edntese, \u00e9 um projeto realmente muito interessante, muito qualificado. \u00c9 uma vit\u00f3ria, um sonho para todos n\u00f3s que pass\u00e1vamos ali e v\u00edamos aquela bacia de deten\u00e7\u00e3o.\u201d<\/p>\n<\/blockquote>\n<p class=\"wp-block-paragraph\">Carlos disse que o local j\u00e1 abrigou uma olaria, onde se produziu objetos de barro e argila, al\u00e9m de ter tido outras fun\u00e7\u00f5es. De acordo com o secret\u00e1rio, o objetivo \u00e9 fazer um espelho d\u2019\u00e1gua e uma pequena ilha, para atrair p\u00e1ssaros e outros animais, bem como permitir o crescimento de plantas.\u00a0<\/p>\n<blockquote class=\"wp-block-quote has-medium-font-size is-layout-flow wp-block-quote-is-layout-flow\">\n<p class=\"wp-block-paragraph\">O objetivo \u00e9 retirar uma parte daquele material org\u00e2nico que tem ali, para que a \u00e1gua suba e possa fazer um espelho de \u00e1gua muito bonito, provavelmente uma pequena ilha com esse material, para que n\u00f3s possamos ter p\u00e1ssaros, plantas, que seja um espa\u00e7o bastante agrad\u00e1vel \u00e0 comunidade.\u201d<\/p>\n<\/blockquote>\n<figure class=\"wp-block-image size-full\"><img fetchpriority=\"high\" decoding=\"async\" width=\"1200\" height=\"675\" src=\"http:\/\/noticiasbahia360.com.br\/wp-content\/uploads\/2026\/09\/Prefeitura-autoriza-reforma-da-Praca-Dois-de-Julho-no-centro-de-Feira-de-Santana-foto-paulo-Jose-Acorad-Cidade-3-1.jpeg\" alt=\"Prefeitura autoriza reforma da Pra\u00e7a Dois de Julho, no centro de Feira de Santana\" class=\"wp-image-687152\" srcset=\"http:\/\/noticiasbahia360.com.br\/wp-content\/uploads\/2026\/09\/Prefeitura-autoriza-reforma-da-Praca-Dois-de-Julho-no-centro-de-Feira-de-Santana-foto-paulo-Jose-Acorad-Cidade-3-1.jpeg 1200w, https:\/\/uploads.acordacidade.com.br\/2026\/09\/Prefeitura-autoriza-reforma-da-Praca-Dois-de-Julho-no-centro-de-Feira-de-Santana-foto-paulo-Jose-Acorad-Cidade-3-750x422.jpeg 750w, https:\/\/uploads.acordacidade.com.br\/2026\/09\/Prefeitura-autoriza-reforma-da-Praca-Dois-de-Julho-no-centro-de-Feira-de-Santana-foto-paulo-Jose-Acorad-Cidade-3-1000x563.jpeg 1000w, https:\/\/uploads.acordacidade.com.br\/2026\/09\/Prefeitura-autoriza-reforma-da-Praca-Dois-de-Julho-no-centro-de-Feira-de-Santana-foto-paulo-Jose-Acorad-Cidade-3-450x253.jpeg 450w, https:\/\/uploads.acordacidade.com.br\/2026\/09\/Prefeitura-autoriza-reforma-da-Praca-Dois-de-Julho-no-centro-de-Feira-de-Santana-foto-paulo-Jose-Acorad-Cidade-3-150x84.jpeg 150w\" sizes=\"(max-width: 1200px) 100vw, 1200px\"><figcaption class=\"wp-element-caption\">Carlos Brito, secret\u00e1rio municipal de Planejamento de Feira de Santana | Foto: Paulo Jos\u00e9 \/ Acorda Cidade <\/figcaption><\/figure>\n<p class=\"wp-block-paragraph\">Questionado sobre o valor da desapropria\u00e7\u00e3o e da indeniza\u00e7\u00e3o aos propriet\u00e1rios, ele afirmou que essa seria a segunda etapa do processo. At\u00e9 o momento, a prefeitura ainda est\u00e1 em negocia\u00e7\u00e3o quanto aos valores. O secret\u00e1rio contou que a negocia\u00e7\u00e3o quanto a desapropria\u00e7\u00e3o j\u00e1 foi feita e o ato j\u00e1 foi publicado.\u00a0<\/p>\n<p class=\"wp-block-paragraph\">\u201cN\u00f3s j\u00e1 conversamos com os propriet\u00e1rios, agora n\u00e3o chegamos a um valor do quanto vai custar, porque tem algumas vari\u00e1veis que precisam ser consideradas em uma avalia\u00e7\u00e3o no meio daquele. Os donos dali gostam muito de Feira, gostam da nossa cidade, disseram que poder\u00edamos entrar com m\u00e1quinas independente de qualquer fechamento de negocia\u00e7\u00e3o, mas estavam abertos e n\u00f3s fizemos essa conversa h\u00e1 mais de um ano de conversa.\u201d<\/p>\n<p class=\"wp-block-paragraph\">No entanto, a parte da negocia\u00e7\u00e3o fica sob responsabilidade da Secretaria da Fazenda, destacou Carlos, refor\u00e7ando que a Secretaria de Planejamento realizou a determina\u00e7\u00e3o e defini\u00e7\u00e3o da \u00e1rea, e o projeto, que ainda ser\u00e1 conclu\u00eddo. Ap\u00f3s a conclus\u00e3o, acontecer\u00e1 o processo licitat\u00f3rio,\u00a0<\/p>\n<h2 id=\"h-preservacao-da-lagoa\" class=\"wp-block-heading\">Preserva\u00e7\u00e3o da lagoa<\/h2>\n<p class=\"wp-block-paragraph\">Sobre o projeto e como isso contribui para a preserva\u00e7\u00e3o da Lagoa Salgada, ele esclareceu que, inicialmente, \u00e9 necess\u00e1rio fazer um cintur\u00e3o no entorno da lagoa, para evitar invas\u00f5es. Em seguida, come\u00e7a o processo de urbaniza\u00e7\u00e3o.\u00a0<\/p>\n<p class=\"wp-block-paragraph\">\u201cAl\u00e9m de desapropriar essa \u00e1rea de cento e poucos mil metros quadrados, vamos fazer um cintur\u00e3o no entorno da lagoa para evitar invas\u00f5es. Quem est\u00e1 dentro da lagoa e fez casa vai ser removido, isso \u00e9 inegoci\u00e1vel. Como ali \u00e9 um bem particular, os propriet\u00e1rios v\u00e3o pedir a revers\u00e3o desse patrim\u00f4nio para o seu poder e, com a \u00e1rea livre e desembara\u00e7ada, o munic\u00edpio vai negociar a desapropria\u00e7\u00e3o.\u201d<\/p>\n<p class=\"wp-block-paragraph\">Por fim, Carlos salientou a import\u00e2ncia ambiental e social de recuperar a Lagoa Salgada. De acordo com ele, a lagoa funciona como uma bacia de reten\u00e7\u00e3o, recebendo a \u00e1gua da chuva de toda aquela regi\u00e3o para que escoe gradativamente pelos canais naturais.\u00a0<\/p>\n<p class=\"wp-block-paragraph\">O secret\u00e1rio alertou que a ocupa\u00e7\u00e3o irregular compromete essa fun\u00e7\u00e3o e gera alagamentos nas casas constru\u00eddas na \u00e1rea, refor\u00e7ando que a cria\u00e7\u00e3o do cintur\u00e3o de prote\u00e7\u00e3o e a desapropria\u00e7\u00e3o visam prevenir esses problemas.<\/p>\n<blockquote class=\"wp-block-quote has-medium-font-size is-layout-flow wp-block-quote-is-layout-flow\">\n<p class=\"wp-block-paragraph\">Agora n\u00f3s vamos prevenir, fazendo o cintur\u00e3o, desapropriando, a partir da\u00ed, qualquer ato \u00e9 de responsabilidade do governo.\u201d<\/p>\n<\/blockquote>\n<p class=\"wp-block-paragraph\"><em>Com informa\u00e7\u00f5es do rep\u00f3rter Paulo Jos\u00e9, do Acorda Cidade.<\/em><\/p>\n<p class=\"wp-block-paragraph\"><strong>Leia tamb\u00e9m: <\/strong><\/p>\n<p class=\"wp-block-paragraph\"><a href=\"https:\/\/www.acordacidade.com.br\/feira-de-santana\/o-dinheiro-nos-ja-temos-prefeito-anuncia-desapropriacao-e-urbanizacao-da-lagoa-salgada\/\">\u201cO dinheiro n\u00f3s j\u00e1 temos\u201d, diz prefeito ap\u00f3s anunciar a desapropria\u00e7\u00e3o e a urbaniza\u00e7\u00e3o da Lagoa Salgada<\/a><\/p>\n<p class=\"wp-block-paragraph\"><a href=\"https:\/\/www.acordacidade.com.br\/feira-de-santana\/prefeitura-de-feira-de-santana-desapropria-grande-area-as-margens-da-lagoa-salgada\/\">Prefeitura de Feira de Santana desapropria grande \u00e1rea \u00e0s margens da Lagoa Salgada<\/a><\/p>\n<p class=\"wp-block-paragraph\"><em>Siga o Acorda Cidade no\u00a0<\/em><a href=\"https:\/\/news.google.com\/search?q=acorda%20cidade&amp;hl=pt-BR&amp;gl=BR&amp;ceid=BR%3Apt-419\"><strong><em>Google Not\u00edcias<\/em><\/strong><\/a><em>\u00a0e receba os principais destaques do dia. Participe tamb\u00e9m dos nossos canais no\u00a0<\/em><a href=\"https:\/\/www.whatsapp.com\/channel\/0029Va6Rb4v3WHTNnsh8WI3N\"><strong><em>WhatsApp<\/em><\/strong><\/a><em>\u00a0e\u00a0<\/em><a href=\"https:\/\/www.youtube.com\/@acordacidadenoticias\/videos\"><strong>YouTube<\/strong><\/a><em>\u00a0e grupo de\u00a0<\/em><a href=\"https:\/\/t.me\/+sSz0khrgARA0ZmRh\"><strong><em>Telegram<\/em><\/strong><\/a><em>.<\/em><\/p>\n<\/div>\n","protected":false},"excerpt":{"rendered":"<p>Lagoa Salgada I, Av Noide Cerqueira, em 2024 | Foto: Jo\u00e3o Dias A Prefeitura de<\/p>\n","protected":false},"author":1,"featured_media":148512,"comment_status":"closed","ping_status":"closed","sticky":false,"template":"","format":"gallery","meta":{"footnotes":""},"categories":[8,9,6,57,56,10],"tags":[],"class_list":["post-148511","post","type-post","status-publish","format-gallery","has-post-thumbnail","hentry","category-bahia","category-brasil","category-feira-de-santana","category-mundo","category-policia","category-politica","post_format-post-format-gallery"],"featured_image_urls":{"full":["https:\/\/noticiasbahia360.com.br\/wp-content\/uploads\/2026\/09\/Lagoa-Salgada-I-Av-Noide-Cerqueira.jpeg",640,640,false],"thumbnail":["https:\/\/noticiasbahia360.com.br\/wp-content\/uploads\/2026\/09\/Lagoa-Salgada-I-Av-Noide-Cerqueira-150x150.jpeg",150,150,true],"medium":["https:\/\/noticiasbahia360.com.br\/wp-content\/uploads\/2026\/09\/Lagoa-Salgada-I-Av-Noide-Cerqueira-300x300.jpeg",300,300,true],"medium_large":["https:\/\/noticiasbahia360.com.br\/wp-content\/uploads\/2026\/09\/Lagoa-Salgada-I-Av-Noide-Cerqueira.jpeg",640,640,false],"large":["https:\/\/noticiasbahia360.com.br\/wp-content\/uploads\/2026\/09\/Lagoa-Salgada-I-Av-Noide-Cerqueira.jpeg",640,640,false],"1536x1536":["https:\/\/noticiasbahia360.com.br\/wp-content\/uploads\/2026\/09\/Lagoa-Salgada-I-Av-Noide-Cerqueira.jpeg",640,640,false],"2048x2048":["https:\/\/noticiasbahia360.com.br\/wp-content\/uploads\/2026\/09\/Lagoa-Salgada-I-Av-Noide-Cerqueira.jpeg",640,640,false],"chromenews-featured":["https:\/\/noticiasbahia360.com.br\/wp-content\/uploads\/2026\/09\/Lagoa-Salgada-I-Av-Noide-Cerqueira.jpeg",640,640,false],"chromenews-large":["https:\/\/noticiasbahia360.com.br\/wp-content\/uploads\/2026\/09\/Lagoa-Salgada-I-Av-Noide-Cerqueira-640x575.jpeg",640,575,true],"chromenews-medium":["https:\/\/noticiasbahia360.com.br\/wp-content\/uploads\/2026\/09\/Lagoa-Salgada-I-Av-Noide-Cerqueira-590x410.jpeg",590,410,true]},"author_info":{"display_name":"noticiasbahia360.com.br","author_link":"https:\/\/noticiasbahia360.com.br\/?author=1"},"category_info":"<a href=\"https:\/\/noticiasbahia360.com.br\/?cat=8\" rel=\"category\">Bahia<\/a> <a href=\"https:\/\/noticiasbahia360.com.br\/?cat=9\" rel=\"category\">Brasil<\/a> <a href=\"https:\/\/noticiasbahia360.com.br\/?cat=6\" rel=\"category\">Feira de Santana<\/a> <a href=\"https:\/\/noticiasbahia360.com.br\/?cat=57\" rel=\"category\">Mundo<\/a> <a href=\"https:\/\/noticiasbahia360.com.br\/?cat=56\" rel=\"category\">Pol\u00edcia<\/a> <a href=\"https:\/\/noticiasbahia360.com.br\/?cat=10\" rel=\"category\">Pol\u00edtica<\/a>","tag_info":"Pol\u00edtica","comment_count":"0","_links":{"self":[{"href":"https:\/\/noticiasbahia360.com.br\/index.php?rest_route=\/wp\/v2\/posts\/148511","targetHints":{"allow":["GET"]}}],"collection":[{"href":"https:\/\/noticiasbahia360.com.br\/index.php?rest_route=\/wp\/v2\/posts"}],"about":[{"href":"https:\/\/noticiasbahia360.com.br\/index.php?rest_route=\/wp\/v2\/types\/post"}],"author":[{"embeddable":true,"href":"https:\/\/noticiasbahia360.com.br\/index.php?rest_route=\/wp\/v2\/users\/1"}],"replies":[{"embeddable":true,"href":"https:\/\/noticiasbahia360.com.br\/index.php?rest_route=%2Fwp%2Fv2%2Fcomments&post=148511"}],"version-history":[{"count":0,"href":"https:\/\/noticiasbahia360.com.br\/index.php?rest_route=\/wp\/v2\/posts\/148511\/revisions"}],"wp:featuredmedia":[{"embeddable":true,"href":"https:\/\/noticiasbahia360.com.br\/index.php?rest_route=\/wp\/v2\/media\/148512"}],"wp:attachment":[{"href":"https:\/\/noticiasbahia360.com.br\/index.php?rest_route=%2Fwp%2Fv2%2Fmedia&parent=148511"}],"wp:term":[{"taxonomy":"category","embeddable":true,"href":"https:\/\/noticiasbahia360.com.br\/index.php?rest_route=%2Fwp%2Fv2%2Fcategories&post=148511"},{"taxonomy":"post_tag","embeddable":true,"href":"https:\/\/noticiasbahia360.com.br\/index.php?rest_route=%2Fwp%2Fv2%2Ftags&post=148511"}],"curies":[{"name":"wp","href":"https:\/\/api.w.org\/{rel}","templated":true}]}}