{"id":148514,"date":"2026-09-02T16:00:15","date_gmt":"2026-09-02T19:00:15","guid":{"rendered":"https:\/\/noticiasbahia360.com.br\/?p=148514"},"modified":"2026-09-02T16:00:15","modified_gmt":"2026-09-02T19:00:15","slug":"encontro-de-feiras-universitarias-reune-produtores-de-varios-segmentos-da-agroecologia-na-uefs","status":"publish","type":"post","link":"https:\/\/noticiasbahia360.com.br\/?p=148514","title":{"rendered":"Encontro de feiras universit\u00e1rias re\u00fane produtores de v\u00e1rios segmentos da agroecologia na Uefs"},"content":{"rendered":"<div>\n<div>\n<figure><img decoding=\"async\" src=\"http:\/\/noticiasbahia360.com.br\/wp-content\/uploads\/2026\/09\/1o-Encontro-Baiano-de-Feiras-Universitarias-e-Populares-na-Uefs-Foto-Ney-Silva-Acorda-Cidade-2.jpg\" alt=\"1\u00ba Encontro Baiano de Feiras Universit\u00e1rias e Populares na Uefs\"><figcaption>Foto: Ney Silva\/ Acorda Cidade <\/figcaption><\/figure>\n<\/div>\n<p class=\"wp-block-paragraph\">Entre os dias 2 e 3 de setembro, a Universidade Estadual de Feira de Santana (Uefs) sedia, no Canteiro Central, o 1\u00ba Encontro Baiano de Feiras Universit\u00e1rias e Populares \u2013 \u201cA Bahia vai \u00e0 Feira\u201d, reunindo feirantes, produtores, universit\u00e1rio e a comunidade em rodas de di\u00e1logo, oficinas, atividades culturais e, principalmente, na feira livre.\u00a0<\/p>\n<p class=\"wp-block-paragraph\">A professora do curso de Direito da Uefs e uma das organizadoras do encontro, Fl\u00e1via Pita, explicou que o objetivo do evento \u00e9 juntar essas feiras que tem acontecido em v\u00e1rias universidades, em projetos de extens\u00e3o.\u00a0<\/p>\n<p class=\"wp-block-paragraph\">\u201cO objetivo \u00e9 juntar essas feiras que est\u00e3o acontecendo, de modo que a gente divida os nossos problemas, nossas conquistas, e crie uma rede que articule as feiras e possa lutar junto por pol\u00edticas p\u00fablicas, por crescimento dessas feiras. Essas feiras nas universidades s\u00e3o espa\u00e7os de pesquisa, de extens\u00e3o, de contato dos estudantes com a realidade popular, com as lutas populares. Todo o evento vai acontecer aqui no meio da feira, o grande p\u00fablico do evento s\u00e3o os feirantes.\u201d<\/p>\n<p class=\"wp-block-paragraph\"><strong>Nesta quarta-feira (2), o encontro come\u00e7ou \u00e0s 10h, com a mesa institucional de abertura. A \u00faltima mesa acontece das 18h30 \u00e0s 20h. Na quinta-feira (3), as oficinas est\u00e3o marcadas para come\u00e7ar \u00e0s 9h e a \u00faltima mesa ser\u00e1 \u00e0s 16h. Por fim, haver\u00e1 um show de forr\u00f3, para finalizar a primeira edi\u00e7\u00e3o deste encontro.<\/strong><\/p>\n<figure class=\"wp-block-image size-full\"><img fetchpriority=\"high\" fetchpriority=\"high\" decoding=\"async\" width=\"1200\" height=\"900\" src=\"http:\/\/noticiasbahia360.com.br\/wp-content\/uploads\/2026\/09\/Flavia-Pita-Foto-Ney-Silva-Acorda-Cidade.jpg\" alt=\"Fl\u00e1via Pita\" class=\"wp-image-687192\" srcset=\"http:\/\/noticiasbahia360.com.br\/wp-content\/uploads\/2026\/09\/Flavia-Pita-Foto-Ney-Silva-Acorda-Cidade.jpg 1200w, https:\/\/uploads.acordacidade.com.br\/2026\/09\/Flavia-Pita-Foto-Ney-Silva-Acorda-Cidade-750x563.jpg 750w, https:\/\/uploads.acordacidade.com.br\/2026\/09\/Flavia-Pita-Foto-Ney-Silva-Acorda-Cidade-1000x750.jpg 1000w, https:\/\/uploads.acordacidade.com.br\/2026\/09\/Flavia-Pita-Foto-Ney-Silva-Acorda-Cidade-450x338.jpg 450w, https:\/\/uploads.acordacidade.com.br\/2026\/09\/Flavia-Pita-Foto-Ney-Silva-Acorda-Cidade-150x113.jpg 150w\" sizes=\"(max-width: 1200px) 100vw, 1200px\"><figcaption class=\"wp-element-caption\">Fl\u00e1via Pita | Foto: Ney Silva\/ Acorda Cidade <\/figcaption><\/figure>\n<p class=\"wp-block-paragraph\">Segundo Fl\u00e1via, mais de 100 feirantes foram inscritos no evento. Al\u00e9m de Feira de Santana, a feira tem participantes de Salvador, Jequi\u00e9, Vit\u00f3ria da Conquista, Cruz das Almas, Itaberaba e outras cidades. Entre as oficinas oferecidas na quinta, a professora destacou as oficinas de turbante e caderneta agroecol\u00f3gica.\u00a0<\/p>\n<blockquote class=\"wp-block-quote is-layout-flow wp-block-quote-is-layout-flow\">\n<p class=\"has-medium-font-size wp-block-paragraph\">S\u00e3o 12 oficinas que v\u00e3o acontecer simultaneamente. E \u00e0 tarde a gente vai ter um momento importante: a gente vai juntar contribui\u00e7\u00f5es que v\u00e3o ser colhidas durante a feira para tentar fazer uma discuss\u00e3o grande, pol\u00edtica, pensar e criar uma rede de feiras universit\u00e1rias, de agroecologia e populares.\u201d<\/p>\n<\/blockquote>\n<h2 id=\"h-a-feira-sempre-foi-um-lugar-de-sobrevivencia\" class=\"wp-block-heading\">\u201cA feira sempre foi um lugar de sobreviv\u00eancia\u201d<\/h2>\n<p class=\"wp-block-paragraph\">Ao Acorda Cidade, Fl\u00e1via explicou que as feiras s\u00e3o espa\u00e7os de luta popular pelo trabalho, sendo um local de sobreviv\u00eancia, mas tamb\u00e9m, de afeto e solidariedade.<\/p>\n<p class=\"wp-block-paragraph\">\u201cS\u00e3o espa\u00e7os de luta popular pelo trabalho, num mundo t\u00e3o desigual em que as pessoas n\u00e3o t\u00eam acesso ao trabalho regular, de carteira assinada. A feira sempre foi, em toda a hist\u00f3ria do Brasil, um lugar de sobreviv\u00eancia. E \u00e9 um modo de trabalhar, produzir e comercializar que ele aponta para um futuro. As pessoas na feira estabelecem rela\u00e7\u00f5es de afeto. Elas n\u00e3o t\u00eam o lucro como o \u00fanico objetivo do seu trabalho. \u00c9 ganhar dinheiro tamb\u00e9m, mas \u00e9 solidariedade, compartilhamento e organiza\u00e7\u00e3o coletiva.\u201d<\/p>\n<figure data-gallery-id=\"fancybox_6a9871513c4b6\" class=\"wp-block-gallery has-nested-images columns-default is-cropped wp-block-gallery-1 is-layout-flex wp-block-gallery-is-layout-flex\">\n<figure class=\"wp-block-image size-large\"><a data-fancybox=\"fancybox_6a9871513c4b6\" href=\"http:\/\/noticiasbahia360.com.br\/wp-content\/uploads\/2026\/09\/1o-Encontro-Baiano-de-Feiras-Universitarias-e-Populares-na-Uefs-Foto-Ney-Silva-Acorda-Cidade.jpg\" data-caption=\"Foto: Ney Silva\/ Acorda Cidade \"><img decoding=\"async\" width=\"1200\" height=\"900\" data-id=\"687190\" src=\"http:\/\/noticiasbahia360.com.br\/wp-content\/uploads\/2026\/09\/1o-Encontro-Baiano-de-Feiras-Universitarias-e-Populares-na-Uefs-Foto-Ney-Silva-Acorda-Cidade.jpg\" alt=\"1\u00ba Encontro Baiano de Feiras Universit\u00e1rias e Populares na Uefs\" class=\"wp-image-687190\" srcset=\"http:\/\/noticiasbahia360.com.br\/wp-content\/uploads\/2026\/09\/1o-Encontro-Baiano-de-Feiras-Universitarias-e-Populares-na-Uefs-Foto-Ney-Silva-Acorda-Cidade.jpg 1200w, https:\/\/uploads.acordacidade.com.br\/2026\/09\/1o-Encontro-Baiano-de-Feiras-Universitarias-e-Populares-na-Uefs-Foto-Ney-Silva-Acorda-Cidade-750x563.jpg 750w, https:\/\/uploads.acordacidade.com.br\/2026\/09\/1o-Encontro-Baiano-de-Feiras-Universitarias-e-Populares-na-Uefs-Foto-Ney-Silva-Acorda-Cidade-1000x750.jpg 1000w, https:\/\/uploads.acordacidade.com.br\/2026\/09\/1o-Encontro-Baiano-de-Feiras-Universitarias-e-Populares-na-Uefs-Foto-Ney-Silva-Acorda-Cidade-450x338.jpg 450w, https:\/\/uploads.acordacidade.com.br\/2026\/09\/1o-Encontro-Baiano-de-Feiras-Universitarias-e-Populares-na-Uefs-Foto-Ney-Silva-Acorda-Cidade-150x113.jpg 150w\" sizes=\"(max-width: 1200px) 100vw, 1200px\"><\/a><i><\/i><figcaption class=\"wp-element-caption\">Foto: Ney Silva\/ Acorda Cidade <\/figcaption><\/figure>\n<figure class=\"wp-block-image size-large\"><a data-fancybox=\"fancybox_6a9871513c4b6\" href=\"http:\/\/noticiasbahia360.com.br\/wp-content\/uploads\/2026\/09\/1o-Encontro-Baiano-de-Feiras-Universitarias-e-Populares-na-Uefs-Foto-Ney-Silva-Acorda-Cidade-3.jpg\" data-caption=\"Foto: Ney Silva\/ Acorda Cidade \"><img decoding=\"async\" width=\"1200\" height=\"900\" data-id=\"687188\" src=\"http:\/\/noticiasbahia360.com.br\/wp-content\/uploads\/2026\/09\/1o-Encontro-Baiano-de-Feiras-Universitarias-e-Populares-na-Uefs-Foto-Ney-Silva-Acorda-Cidade-3.jpg\" alt=\"1\u00ba Encontro Baiano de Feiras Universit\u00e1rias e Populares na Uefs\" class=\"wp-image-687188\" srcset=\"http:\/\/noticiasbahia360.com.br\/wp-content\/uploads\/2026\/09\/1o-Encontro-Baiano-de-Feiras-Universitarias-e-Populares-na-Uefs-Foto-Ney-Silva-Acorda-Cidade-3.jpg 1200w, https:\/\/uploads.acordacidade.com.br\/2026\/09\/1o-Encontro-Baiano-de-Feiras-Universitarias-e-Populares-na-Uefs-Foto-Ney-Silva-Acorda-Cidade-3-750x563.jpg 750w, https:\/\/uploads.acordacidade.com.br\/2026\/09\/1o-Encontro-Baiano-de-Feiras-Universitarias-e-Populares-na-Uefs-Foto-Ney-Silva-Acorda-Cidade-3-1000x750.jpg 1000w, https:\/\/uploads.acordacidade.com.br\/2026\/09\/1o-Encontro-Baiano-de-Feiras-Universitarias-e-Populares-na-Uefs-Foto-Ney-Silva-Acorda-Cidade-3-450x338.jpg 450w, https:\/\/uploads.acordacidade.com.br\/2026\/09\/1o-Encontro-Baiano-de-Feiras-Universitarias-e-Populares-na-Uefs-Foto-Ney-Silva-Acorda-Cidade-3-150x113.jpg 150w\" sizes=\"(max-width: 1200px) 100vw, 1200px\"><\/a><i><\/i><figcaption class=\"wp-element-caption\">Foto: Ney Silva\/ Acorda Cidade <\/figcaption><\/figure>\n<\/figure>\n<p class=\"wp-block-paragraph\">Ela ressaltou que as feiras, como a da Uefs que conta com um coletivo, geralmente correspondem a uma associa\u00e7\u00e3o, reunindo os feirantes, arrecadando dinheiro para um fundo e servindo tamb\u00e9m como um lugar de aprendizado pol\u00edtico e organiza\u00e7\u00e3o popular.<\/p>\n<p class=\"wp-block-paragraph\">\u201cQuem mais aprende com isso \u00e9 a universidade, porque sempre foi um espa\u00e7o muito elitista, onde a gente s\u00f3 se preocupa com quest\u00f5es dos ricos. E a feira traz a vida para dentro da universidade. Por exemplo, tem estudante de Direito entendendo os aspectos jur\u00eddicos da feira, que tradicionalmente n\u00e3o se estudava. Voc\u00ea est\u00e1 preparando universit\u00e1rios, profissionais do futuro para tamb\u00e9m atender as expectativas, dilemas e dificuldades das classes populares.\u201d<\/p>\n<p class=\"wp-block-paragraph\">Portanto, ela destaca as feiras como um espa\u00e7o para analisar a economia popular e solid\u00e1ria, ressaltando o trabalho coletivo, sem subordina\u00e7\u00e3o, focado no compartilhamento de objetivos e no respeito ao meio ambiente.\u00a0<\/p>\n<blockquote class=\"wp-block-quote has-medium-font-size is-layout-flow wp-block-quote-is-layout-flow\">\n<p class=\"wp-block-paragraph\">Pensando em colocar a vida na frente do lucro. O trabalho d\u00e1 dinheiro tamb\u00e9m, mas \u00e9 um espa\u00e7o de compartilhamento e constru\u00e7\u00e3o de um mundo diferente.\u201d<\/p>\n<\/blockquote>\n<figure data-gallery-id=\"fancybox_6a9871513cce1\" class=\"wp-block-gallery has-nested-images columns-default is-cropped wp-block-gallery-2 is-layout-flex wp-block-gallery-is-layout-flex\">\n<figure class=\"wp-block-image size-large\"><a data-fancybox=\"fancybox_6a9871513cce1\" href=\"http:\/\/noticiasbahia360.com.br\/wp-content\/uploads\/2026\/09\/1o-Encontro-Baiano-de-Feiras-Universitarias-e-Populares-na-Uefs-Foto-Ney-Silva-Acorda-Cidade-5.jpg\" data-caption=\"Foto: Ney Silva\/ Acorda Cidade \"><img decoding=\"async\" width=\"1200\" height=\"900\" data-id=\"687186\" src=\"http:\/\/noticiasbahia360.com.br\/wp-content\/uploads\/2026\/09\/1o-Encontro-Baiano-de-Feiras-Universitarias-e-Populares-na-Uefs-Foto-Ney-Silva-Acorda-Cidade-5.jpg\" alt=\"1\u00ba Encontro Baiano de Feiras Universit\u00e1rias e Populares na Uefs\" class=\"wp-image-687186\" srcset=\"http:\/\/noticiasbahia360.com.br\/wp-content\/uploads\/2026\/09\/1o-Encontro-Baiano-de-Feiras-Universitarias-e-Populares-na-Uefs-Foto-Ney-Silva-Acorda-Cidade-5.jpg 1200w, https:\/\/uploads.acordacidade.com.br\/2026\/09\/1o-Encontro-Baiano-de-Feiras-Universitarias-e-Populares-na-Uefs-Foto-Ney-Silva-Acorda-Cidade-5-750x563.jpg 750w, https:\/\/uploads.acordacidade.com.br\/2026\/09\/1o-Encontro-Baiano-de-Feiras-Universitarias-e-Populares-na-Uefs-Foto-Ney-Silva-Acorda-Cidade-5-1000x750.jpg 1000w, https:\/\/uploads.acordacidade.com.br\/2026\/09\/1o-Encontro-Baiano-de-Feiras-Universitarias-e-Populares-na-Uefs-Foto-Ney-Silva-Acorda-Cidade-5-450x338.jpg 450w, https:\/\/uploads.acordacidade.com.br\/2026\/09\/1o-Encontro-Baiano-de-Feiras-Universitarias-e-Populares-na-Uefs-Foto-Ney-Silva-Acorda-Cidade-5-150x113.jpg 150w\" sizes=\"(max-width: 1200px) 100vw, 1200px\"><\/a><i><\/i><figcaption class=\"wp-element-caption\">Foto: Ney Silva\/ Acorda Cidade <\/figcaption><\/figure>\n<figure class=\"wp-block-image size-large\"><a data-fancybox=\"fancybox_6a9871513cce1\" href=\"http:\/\/noticiasbahia360.com.br\/wp-content\/uploads\/2026\/09\/1o-Encontro-Baiano-de-Feiras-Universitarias-e-Populares-na-Uefs-Foto-Ney-Silva-Acorda-Cidade-4.jpg\" data-caption=\"Foto: Ney Silva\/ Acorda Cidade \"><img loading=\"lazy\" decoding=\"async\" width=\"1200\" height=\"900\" data-id=\"687187\" src=\"http:\/\/noticiasbahia360.com.br\/wp-content\/uploads\/2026\/09\/1o-Encontro-Baiano-de-Feiras-Universitarias-e-Populares-na-Uefs-Foto-Ney-Silva-Acorda-Cidade-4.jpg\" alt=\"1\u00ba Encontro Baiano de Feiras Universit\u00e1rias e Populares na Uefs\" class=\"wp-image-687187\" srcset=\"http:\/\/noticiasbahia360.com.br\/wp-content\/uploads\/2026\/09\/1o-Encontro-Baiano-de-Feiras-Universitarias-e-Populares-na-Uefs-Foto-Ney-Silva-Acorda-Cidade-4.jpg 1200w, https:\/\/uploads.acordacidade.com.br\/2026\/09\/1o-Encontro-Baiano-de-Feiras-Universitarias-e-Populares-na-Uefs-Foto-Ney-Silva-Acorda-Cidade-4-750x563.jpg 750w, https:\/\/uploads.acordacidade.com.br\/2026\/09\/1o-Encontro-Baiano-de-Feiras-Universitarias-e-Populares-na-Uefs-Foto-Ney-Silva-Acorda-Cidade-4-1000x750.jpg 1000w, https:\/\/uploads.acordacidade.com.br\/2026\/09\/1o-Encontro-Baiano-de-Feiras-Universitarias-e-Populares-na-Uefs-Foto-Ney-Silva-Acorda-Cidade-4-450x338.jpg 450w, https:\/\/uploads.acordacidade.com.br\/2026\/09\/1o-Encontro-Baiano-de-Feiras-Universitarias-e-Populares-na-Uefs-Foto-Ney-Silva-Acorda-Cidade-4-150x113.jpg 150w\" sizes=\"(max-width: 1200px) 100vw, 1200px\"><\/a><i><\/i><figcaption class=\"wp-element-caption\">Foto: Ney Silva\/ Acorda Cidade <\/figcaption><\/figure>\n<\/figure>\n<h2 id=\"h-dificuldades-enfrentadas-pelos-feirantes\" class=\"wp-block-heading\">Dificuldades enfrentadas pelos feirantes<\/h2>\n<p class=\"wp-block-paragraph\">Questionada sobre as dificuldades dos feirantes no acesso a pol\u00edticas p\u00fablicas e editais, Fl\u00e1via ressaltou a falta de aten\u00e7\u00e3o \u00e0s demandas desses trabalhadores. Ela destacou ainda a barreira da burocracia, j\u00e1 que muitos grupos trabalham na informalidade e n\u00e3o t\u00eam CNPJ, o que dificulta o cumprimento das exig\u00eancias documentais.\u00a0<\/p>\n<p class=\"wp-block-paragraph\">\u201cPrimeiro, o Estado, infelizmente, n\u00e3o olha muito para a realidade popular, para essas demandas. Al\u00e9m disso, quando existe a pol\u00edtica p\u00fablica, o acesso a ela n\u00e3o \u00e9 pensado para as classes populares, ent\u00e3o h\u00e1 uma burocracia que n\u00e3o se preocupa com a explica\u00e7\u00e3o das etapas para acesso. H\u00e1 interfer\u00eancia de for\u00e7as pol\u00edticas partid\u00e1rias, muitas vezes de maneira inadequada.\u201d<\/p>\n<p class=\"wp-block-paragraph\">Ela refor\u00e7a que o Estado funciona na base do \u201cformal\u201d e da \u201cdocumenta\u00e7\u00e3o\u201d. No entanto, ela afirmou que \u00e9 necess\u00e1rio se adaptar \u00e0 vida popular, para alcan\u00e7ar tamb\u00e9m as pessoas que tenham outra \u201cdin\u00e2mica de vida\u201d.<\/p>\n<blockquote class=\"wp-block-quote has-medium-font-size is-layout-flow wp-block-quote-is-layout-flow\">\n<p class=\"wp-block-paragraph\">As pessoas \u00e0s vezes n\u00e3o t\u00eam condi\u00e7\u00e3o de se formalizar no sentido burocr\u00e1tico. E mesmo assim eles t\u00eam direito de trabalhar, ter acesso \u00e0s pol\u00edticas p\u00fablicas. As pessoas que est\u00e3o na zona rural t\u00eam muito mais dificuldade de acessar at\u00e9 os pr\u00f3prios espa\u00e7os do Estado. Ent\u00e3o, enfim, tem uma cole\u00e7\u00e3o de problemas que a gente pode lutar contra eles, sim.\u201d<\/p>\n<\/blockquote>\n<p class=\"wp-block-paragraph\">Segundo ela, \u00e9 preciso simplificar a linguagem dos editais para que todos compreendam o conte\u00fado. Outro ponto abordado pela professora \u00e9 a exig\u00eancia de participa\u00e7\u00e3o exclusivamente pela internet, um formato que nem sempre \u00e9 acess\u00edvel \u00e0 realidade de toda a popula\u00e7\u00e3o.<\/p>\n<p class=\"wp-block-paragraph\">\u201cAcho que a simplifica\u00e7\u00e3o da linguagem do Estado, que por exemplo, faz um edital com linguagem complicad\u00edssima que s\u00f3 uma pessoa formada em Direito consegue entender. Voc\u00ea n\u00e3o garante espa\u00e7os de troca de informa\u00e7\u00f5es para orienta\u00e7\u00e3o dos grupos participarem do edital. O pr\u00f3prio acesso das pessoas que muitas vezes \u00e9 s\u00f3 pela internet. Quem est\u00e1 na zona rural tem muita dificuldade de acessar, as pessoas mais velhas tamb\u00e9m. Ent\u00e3o a gente tem uma certa insensibilidade do Estado para as classes populares no que diz respeito a essas quest\u00f5es.\u201d<\/p>\n<h2 id=\"h-feirantes-presentes\" class=\"wp-block-heading\">Feirantes presentes <\/h2>\n<p class=\"wp-block-paragraph\">A comerciante Oz\u00e9lia Santos, de Wenceslau Guimar\u00e3es, est\u00e1 participando do encontro vendendo os temperos Sabor da Alma. Ao Acorda Cidade, ela disse que os produtos s\u00e3o vendidos a partir de R$ 6.\u00a0<\/p>\n<p class=\"wp-block-paragraph\">\u201cJ\u00e1 fa\u00e7o tempero h\u00e1 8 anos. E eu sou grata por ter esse projeto, esse empreendimento, que a gente faz com qualidade e com amor para levar direto pro lar das pessoas.\u201d<\/p>\n<figure data-gallery-id=\"fancybox_6a9871513ddb0\" class=\"wp-block-gallery has-nested-images columns-default is-cropped wp-block-gallery-3 is-layout-flex wp-block-gallery-is-layout-flex\">\n<figure class=\"wp-block-image size-large\"><a data-fancybox=\"fancybox_6a9871513ddb0\" href=\"http:\/\/noticiasbahia360.com.br\/wp-content\/uploads\/2026\/09\/Ozelia-Santos-Foto-Ney-Silva-Acorda-Cidade.jpg\" data-caption=\"Oz\u00e9lia Santos | Foto: Ney Silva\/ Acorda Cidade \"><img loading=\"lazy\" decoding=\"async\" width=\"1200\" height=\"900\" data-id=\"687195\" src=\"http:\/\/noticiasbahia360.com.br\/wp-content\/uploads\/2026\/09\/Ozelia-Santos-Foto-Ney-Silva-Acorda-Cidade.jpg\" alt=\"Oz\u00e9lia Santos\" class=\"wp-image-687195\" srcset=\"http:\/\/noticiasbahia360.com.br\/wp-content\/uploads\/2026\/09\/Ozelia-Santos-Foto-Ney-Silva-Acorda-Cidade.jpg 1200w, https:\/\/uploads.acordacidade.com.br\/2026\/09\/Ozelia-Santos-Foto-Ney-Silva-Acorda-Cidade-750x563.jpg 750w, https:\/\/uploads.acordacidade.com.br\/2026\/09\/Ozelia-Santos-Foto-Ney-Silva-Acorda-Cidade-1000x750.jpg 1000w, https:\/\/uploads.acordacidade.com.br\/2026\/09\/Ozelia-Santos-Foto-Ney-Silva-Acorda-Cidade-450x338.jpg 450w, https:\/\/uploads.acordacidade.com.br\/2026\/09\/Ozelia-Santos-Foto-Ney-Silva-Acorda-Cidade-150x113.jpg 150w\" sizes=\"(max-width: 1200px) 100vw, 1200px\"><\/a><i><\/i><figcaption class=\"wp-element-caption\">Oz\u00e9lia Santos | Foto: Ney Silva\/ Acorda Cidade <\/figcaption><\/figure>\n<figure class=\"wp-block-image size-large\"><a data-fancybox=\"fancybox_6a9871513ddb0\" href=\"http:\/\/noticiasbahia360.com.br\/wp-content\/uploads\/2026\/09\/Tempero-Sabor-da-Alma-de-Ozelia-Santos-Foto-Ney-Silva-Acorda-Cidade.jpg\" data-caption=\"Foto: Ney Silva\/ Acorda Cidade \"><img loading=\"lazy\" decoding=\"async\" width=\"1200\" height=\"900\" data-id=\"687191\" src=\"http:\/\/noticiasbahia360.com.br\/wp-content\/uploads\/2026\/09\/Tempero-Sabor-da-Alma-de-Ozelia-Santos-Foto-Ney-Silva-Acorda-Cidade.jpg\" alt=\"Tempero Sabor da Alma, de Oz\u00e9lia Santos \" class=\"wp-image-687191\" srcset=\"http:\/\/noticiasbahia360.com.br\/wp-content\/uploads\/2026\/09\/Tempero-Sabor-da-Alma-de-Ozelia-Santos-Foto-Ney-Silva-Acorda-Cidade.jpg 1200w, https:\/\/uploads.acordacidade.com.br\/2026\/09\/Tempero-Sabor-da-Alma-de-Ozelia-Santos-Foto-Ney-Silva-Acorda-Cidade-750x563.jpg 750w, https:\/\/uploads.acordacidade.com.br\/2026\/09\/Tempero-Sabor-da-Alma-de-Ozelia-Santos-Foto-Ney-Silva-Acorda-Cidade-1000x750.jpg 1000w, https:\/\/uploads.acordacidade.com.br\/2026\/09\/Tempero-Sabor-da-Alma-de-Ozelia-Santos-Foto-Ney-Silva-Acorda-Cidade-450x338.jpg 450w, https:\/\/uploads.acordacidade.com.br\/2026\/09\/Tempero-Sabor-da-Alma-de-Ozelia-Santos-Foto-Ney-Silva-Acorda-Cidade-150x113.jpg 150w\" sizes=\"(max-width: 1200px) 100vw, 1200px\"><\/a><i><\/i><figcaption class=\"wp-element-caption\">Foto: Ney Silva\/ Acorda Cidade <\/figcaption><\/figure>\n<\/figure>\n<p class=\"wp-block-paragraph\">Al\u00e9m de vender a unidade, Oz\u00e9lia explicou que trabalha com quantidade, para as pessoas que desejam comercializar o tempero dela em mercados e outros locais. Por fim, ela convidou o p\u00fablico para visitar o evento e conhecer seus produtos.<\/p>\n<p class=\"wp-block-paragraph\">\u201cVenha conhecer a barraca Sabor da Alma e prestigiar essa feira maravilhosa.\u201d<\/p>\n<p class=\"wp-block-paragraph\">S\u00f4nia Cleide, de Vit\u00f3ria da Conquista, vende balas gourmet de v\u00e1rios sabores, produzidas de forma artesanal. Pela primeira vez em Feira de Santana, a comerciante afirmou que est\u00e1 com expectativas muito altas para as vendas no encontro.\u00a0<\/p>\n<figure class=\"wp-block-image size-full\"><img loading=\"lazy\" decoding=\"async\" width=\"1200\" height=\"900\" src=\"http:\/\/noticiasbahia360.com.br\/wp-content\/uploads\/2026\/09\/Sonia-Cleide-Foto-Ney-Silva-Acorda-Cidade.jpg\" alt=\"S\u00f4nia Cleide\" class=\"wp-image-687193\" srcset=\"http:\/\/noticiasbahia360.com.br\/wp-content\/uploads\/2026\/09\/Sonia-Cleide-Foto-Ney-Silva-Acorda-Cidade.jpg 1200w, https:\/\/uploads.acordacidade.com.br\/2026\/09\/Sonia-Cleide-Foto-Ney-Silva-Acorda-Cidade-750x563.jpg 750w, https:\/\/uploads.acordacidade.com.br\/2026\/09\/Sonia-Cleide-Foto-Ney-Silva-Acorda-Cidade-1000x750.jpg 1000w, https:\/\/uploads.acordacidade.com.br\/2026\/09\/Sonia-Cleide-Foto-Ney-Silva-Acorda-Cidade-450x338.jpg 450w, https:\/\/uploads.acordacidade.com.br\/2026\/09\/Sonia-Cleide-Foto-Ney-Silva-Acorda-Cidade-150x113.jpg 150w\" sizes=\"(max-width: 1200px) 100vw, 1200px\"><figcaption class=\"wp-element-caption\">S\u00f4nia Cleide | Foto: Ney Silva\/ Acorda Cidade <\/figcaption><\/figure>\n<p class=\"wp-block-paragraph\">\u201cDesde 2019 que eu trabalho com esses produtos e viajo essas cidades todas aqui pr\u00f3ximo de Salvador, Vit\u00f3ria da Conquista. Estou sempre presente.\u201d<\/p>\n<h2 id=\"h-venda-de-plantas\" class=\"wp-block-heading\">Venda de plantas<\/h2>\n<p class=\"wp-block-paragraph\">Daniela Arag\u00e3o tamb\u00e9m \u00e9 de Vit\u00f3ria da Conquista, e trabalha no Horto Viveiro Florestal, da Universidade Estadual do Sudoeste da Bahia (Uesb). De acordo com ela, os valores arrecadados no evento s\u00e3o destinados aos animais que vivem no campus da universidade.<\/p>\n<figure class=\"wp-block-image size-full\"><img loading=\"lazy\" decoding=\"async\" width=\"1200\" height=\"900\" src=\"http:\/\/noticiasbahia360.com.br\/wp-content\/uploads\/2026\/09\/Daniela-Aragao-Foto-Ney-Silva-Acorda-Cidade.jpg\" alt=\"Daniela Arag\u00e3o\" class=\"wp-image-687194\" srcset=\"http:\/\/noticiasbahia360.com.br\/wp-content\/uploads\/2026\/09\/Daniela-Aragao-Foto-Ney-Silva-Acorda-Cidade.jpg 1200w, https:\/\/uploads.acordacidade.com.br\/2026\/09\/Daniela-Aragao-Foto-Ney-Silva-Acorda-Cidade-750x563.jpg 750w, https:\/\/uploads.acordacidade.com.br\/2026\/09\/Daniela-Aragao-Foto-Ney-Silva-Acorda-Cidade-1000x750.jpg 1000w, https:\/\/uploads.acordacidade.com.br\/2026\/09\/Daniela-Aragao-Foto-Ney-Silva-Acorda-Cidade-450x338.jpg 450w, https:\/\/uploads.acordacidade.com.br\/2026\/09\/Daniela-Aragao-Foto-Ney-Silva-Acorda-Cidade-150x113.jpg 150w\" sizes=\"(max-width: 1200px) 100vw, 1200px\"><figcaption class=\"wp-element-caption\">Daniela Arag\u00e3o | Foto: Ney Silva\/ Acorda Cidade <\/figcaption><\/figure>\n<p class=\"wp-block-paragraph\">\u201cEsses animais, atrav\u00e9s desses recursos, recebem os cuidados \u00e9ticos: castra\u00e7\u00e3o, vacina\u00e7\u00e3o, alimenta\u00e7\u00e3o di\u00e1ria de qualidade, cuidados veterin\u00e1rios. Ent\u00e3o, estar representando esse trabalho aqui hoje \u00e9 de suma import\u00e2ncia para n\u00f3s.\u201d<\/p>\n<p class=\"wp-block-paragraph\">A comerciante tamb\u00e9m falou sobre as vendas, que contam com um corredor medicinal voltado para as plantas medicinais.\u00a0<\/p>\n<figure data-gallery-id=\"fancybox_6a9871513e792\" class=\"wp-block-gallery has-nested-images columns-default is-cropped wp-block-gallery-4 is-layout-flex wp-block-gallery-is-layout-flex\">\n<figure class=\"wp-block-image size-large\"><a data-fancybox=\"fancybox_6a9871513e792\" href=\"http:\/\/noticiasbahia360.com.br\/wp-content\/uploads\/2026\/09\/1o-Encontro-Baiano-de-Feiras-Universitarias-e-Populares-na-Uefs-Foto-Ney-Silva-Acorda-Cidade-6.jpg\" data-caption=\"Foto: Ney Silva\/ Acorda Cidade \"><img loading=\"lazy\" decoding=\"async\" width=\"1200\" height=\"900\" data-id=\"687185\" src=\"http:\/\/noticiasbahia360.com.br\/wp-content\/uploads\/2026\/09\/1o-Encontro-Baiano-de-Feiras-Universitarias-e-Populares-na-Uefs-Foto-Ney-Silva-Acorda-Cidade-6.jpg\" alt=\"1\u00ba Encontro Baiano de Feiras Universit\u00e1rias e Populares na Uefs\" class=\"wp-image-687185\" srcset=\"http:\/\/noticiasbahia360.com.br\/wp-content\/uploads\/2026\/09\/1o-Encontro-Baiano-de-Feiras-Universitarias-e-Populares-na-Uefs-Foto-Ney-Silva-Acorda-Cidade-6.jpg 1200w, https:\/\/uploads.acordacidade.com.br\/2026\/09\/1o-Encontro-Baiano-de-Feiras-Universitarias-e-Populares-na-Uefs-Foto-Ney-Silva-Acorda-Cidade-6-750x563.jpg 750w, https:\/\/uploads.acordacidade.com.br\/2026\/09\/1o-Encontro-Baiano-de-Feiras-Universitarias-e-Populares-na-Uefs-Foto-Ney-Silva-Acorda-Cidade-6-1000x750.jpg 1000w, https:\/\/uploads.acordacidade.com.br\/2026\/09\/1o-Encontro-Baiano-de-Feiras-Universitarias-e-Populares-na-Uefs-Foto-Ney-Silva-Acorda-Cidade-6-450x338.jpg 450w, https:\/\/uploads.acordacidade.com.br\/2026\/09\/1o-Encontro-Baiano-de-Feiras-Universitarias-e-Populares-na-Uefs-Foto-Ney-Silva-Acorda-Cidade-6-150x113.jpg 150w\" sizes=\"(max-width: 1200px) 100vw, 1200px\"><\/a><i><\/i><figcaption class=\"wp-element-caption\">Foto: Ney Silva\/ Acorda Cidade <\/figcaption><\/figure>\n<figure class=\"wp-block-image size-large\"><a data-fancybox=\"fancybox_6a9871513e792\" href=\"http:\/\/noticiasbahia360.com.br\/wp-content\/uploads\/2026\/09\/1o-Encontro-Baiano-de-Feiras-Universitarias-e-Populares-na-Uefs-Foto-Ney-Silva-Acorda-Cidade-7.jpg\" data-caption=\"Foto: Ney Silva\/ Acorda Cidade \"><img loading=\"lazy\" decoding=\"async\" width=\"1200\" height=\"900\" data-id=\"687184\" src=\"http:\/\/noticiasbahia360.com.br\/wp-content\/uploads\/2026\/09\/1o-Encontro-Baiano-de-Feiras-Universitarias-e-Populares-na-Uefs-Foto-Ney-Silva-Acorda-Cidade-7.jpg\" alt=\"1\u00ba Encontro Baiano de Feiras Universit\u00e1rias e Populares na Uefs\" class=\"wp-image-687184\" srcset=\"http:\/\/noticiasbahia360.com.br\/wp-content\/uploads\/2026\/09\/1o-Encontro-Baiano-de-Feiras-Universitarias-e-Populares-na-Uefs-Foto-Ney-Silva-Acorda-Cidade-7.jpg 1200w, https:\/\/uploads.acordacidade.com.br\/2026\/09\/1o-Encontro-Baiano-de-Feiras-Universitarias-e-Populares-na-Uefs-Foto-Ney-Silva-Acorda-Cidade-7-750x563.jpg 750w, https:\/\/uploads.acordacidade.com.br\/2026\/09\/1o-Encontro-Baiano-de-Feiras-Universitarias-e-Populares-na-Uefs-Foto-Ney-Silva-Acorda-Cidade-7-1000x750.jpg 1000w, https:\/\/uploads.acordacidade.com.br\/2026\/09\/1o-Encontro-Baiano-de-Feiras-Universitarias-e-Populares-na-Uefs-Foto-Ney-Silva-Acorda-Cidade-7-450x338.jpg 450w, https:\/\/uploads.acordacidade.com.br\/2026\/09\/1o-Encontro-Baiano-de-Feiras-Universitarias-e-Populares-na-Uefs-Foto-Ney-Silva-Acorda-Cidade-7-150x113.jpg 150w\" sizes=\"(max-width: 1200px) 100vw, 1200px\"><\/a><i><\/i><figcaption class=\"wp-element-caption\">Foto: Ney Silva\/ Acorda Cidade <\/figcaption><\/figure>\n<\/figure>\n<p class=\"wp-block-paragraph\">\u201cN\u00f3s temos um corredor medicinal. Hoje est\u00e1 na responsabilidade do nosso acad\u00eamico V\u00edtor Martins, de Biologia, que \u00e9 coordenador e cultivador agroecol\u00f3gico. Ele desenvolveu esse corredor medicinal com todas as suas nomenclaturas cient\u00edficas e a gente divulga bastante esse trabalho e incentiva o uso dessas ervas medicinais, claro, com todos os requisitos profissionais.\u201d<\/p>\n<p class=\"wp-block-paragraph\"><em>Com informa\u00e7\u00f5es do rep\u00f3rter Ney Silva, do Acorda Cidade.<\/em><\/p>\n<p class=\"wp-block-paragraph\"><em>Siga o Acorda Cidade no\u00a0<\/em><a href=\"https:\/\/news.google.com\/search?q=acorda%20cidade&amp;hl=pt-BR&amp;gl=BR&amp;ceid=BR%3Apt-419\"><strong><em>Google Not\u00edcias<\/em><\/strong><\/a><em>\u00a0e receba os principais destaques do dia. Participe tamb\u00e9m dos nossos canais no\u00a0<\/em><a href=\"https:\/\/www.whatsapp.com\/channel\/0029Va6Rb4v3WHTNnsh8WI3N\"><strong><em>WhatsApp<\/em><\/strong><\/a><em>\u00a0e\u00a0<\/em><a href=\"https:\/\/www.youtube.com\/@acordacidadenoticias\/videos\"><strong>YouTube<\/strong><\/a><em>\u00a0e do grupo no\u00a0<\/em><a href=\"https:\/\/t.me\/+sSz0khrgARA0ZmRh\"><strong><em>Telegram<\/em><\/strong><\/a><em>.<\/em><a href=\"https:\/\/www.acordacidade.com.br\/colunas\/dilton-e-feito\/\"><\/a><\/p>\n<\/div>\n","protected":false},"excerpt":{"rendered":"<p>Foto: Ney Silva\/ Acorda Cidade Entre os dias 2 e 3 de setembro, a Universidade<\/p>\n","protected":false},"author":1,"featured_media":148515,"comment_status":"closed","ping_status":"closed","sticky":false,"template":"","format":"gallery","meta":{"footnotes":""},"categories":[8,9,6,57,56,10],"tags":[],"class_list":["post-148514","post","type-post","status-publish","format-gallery","has-post-thumbnail","hentry","category-bahia","category-brasil","category-feira-de-santana","category-mundo","category-policia","category-politica","post_format-post-format-gallery"],"featured_image_urls":{"full":["https:\/\/noticiasbahia360.com.br\/wp-content\/uploads\/2026\/09\/1o-Encontro-Baiano-de-Feiras-Universitarias-e-Populares-na-Uefs-Foto-Ney-Silva-Acorda-Cidade-2.jpg",1200,900,false],"thumbnail":["https:\/\/noticiasbahia360.com.br\/wp-content\/uploads\/2026\/09\/1o-Encontro-Baiano-de-Feiras-Universitarias-e-Populares-na-Uefs-Foto-Ney-Silva-Acorda-Cidade-2-150x150.jpg",150,150,true],"medium":["https:\/\/noticiasbahia360.com.br\/wp-content\/uploads\/2026\/09\/1o-Encontro-Baiano-de-Feiras-Universitarias-e-Populares-na-Uefs-Foto-Ney-Silva-Acorda-Cidade-2-300x225.jpg",300,225,true],"medium_large":["https:\/\/noticiasbahia360.com.br\/wp-content\/uploads\/2026\/09\/1o-Encontro-Baiano-de-Feiras-Universitarias-e-Populares-na-Uefs-Foto-Ney-Silva-Acorda-Cidade-2-768x576.jpg",640,480,true],"large":["https:\/\/noticiasbahia360.com.br\/wp-content\/uploads\/2026\/09\/1o-Encontro-Baiano-de-Feiras-Universitarias-e-Populares-na-Uefs-Foto-Ney-Silva-Acorda-Cidade-2-1024x768.jpg",640,480,true],"1536x1536":["https:\/\/noticiasbahia360.com.br\/wp-content\/uploads\/2026\/09\/1o-Encontro-Baiano-de-Feiras-Universitarias-e-Populares-na-Uefs-Foto-Ney-Silva-Acorda-Cidade-2.jpg",1200,900,false],"2048x2048":["https:\/\/noticiasbahia360.com.br\/wp-content\/uploads\/2026\/09\/1o-Encontro-Baiano-de-Feiras-Universitarias-e-Populares-na-Uefs-Foto-Ney-Silva-Acorda-Cidade-2.jpg",1200,900,false],"chromenews-featured":["https:\/\/noticiasbahia360.com.br\/wp-content\/uploads\/2026\/09\/1o-Encontro-Baiano-de-Feiras-Universitarias-e-Populares-na-Uefs-Foto-Ney-Silva-Acorda-Cidade-2-1024x768.jpg",1024,768,true],"chromenews-large":["https:\/\/noticiasbahia360.com.br\/wp-content\/uploads\/2026\/09\/1o-Encontro-Baiano-de-Feiras-Universitarias-e-Populares-na-Uefs-Foto-Ney-Silva-Acorda-Cidade-2-825x575.jpg",825,575,true],"chromenews-medium":["https:\/\/noticiasbahia360.com.br\/wp-content\/uploads\/2026\/09\/1o-Encontro-Baiano-de-Feiras-Universitarias-e-Populares-na-Uefs-Foto-Ney-Silva-Acorda-Cidade-2-590x410.jpg",590,410,true]},"author_info":{"display_name":"noticiasbahia360.com.br","author_link":"https:\/\/noticiasbahia360.com.br\/?author=1"},"category_info":"<a href=\"https:\/\/noticiasbahia360.com.br\/?cat=8\" rel=\"category\">Bahia<\/a> <a href=\"https:\/\/noticiasbahia360.com.br\/?cat=9\" rel=\"category\">Brasil<\/a> <a href=\"https:\/\/noticiasbahia360.com.br\/?cat=6\" rel=\"category\">Feira de Santana<\/a> <a href=\"https:\/\/noticiasbahia360.com.br\/?cat=57\" rel=\"category\">Mundo<\/a> <a href=\"https:\/\/noticiasbahia360.com.br\/?cat=56\" rel=\"category\">Pol\u00edcia<\/a> <a href=\"https:\/\/noticiasbahia360.com.br\/?cat=10\" rel=\"category\">Pol\u00edtica<\/a>","tag_info":"Pol\u00edtica","comment_count":"0","_links":{"self":[{"href":"https:\/\/noticiasbahia360.com.br\/index.php?rest_route=\/wp\/v2\/posts\/148514","targetHints":{"allow":["GET"]}}],"collection":[{"href":"https:\/\/noticiasbahia360.com.br\/index.php?rest_route=\/wp\/v2\/posts"}],"about":[{"href":"https:\/\/noticiasbahia360.com.br\/index.php?rest_route=\/wp\/v2\/types\/post"}],"author":[{"embeddable":true,"href":"https:\/\/noticiasbahia360.com.br\/index.php?rest_route=\/wp\/v2\/users\/1"}],"replies":[{"embeddable":true,"href":"https:\/\/noticiasbahia360.com.br\/index.php?rest_route=%2Fwp%2Fv2%2Fcomments&post=148514"}],"version-history":[{"count":0,"href":"https:\/\/noticiasbahia360.com.br\/index.php?rest_route=\/wp\/v2\/posts\/148514\/revisions"}],"wp:featuredmedia":[{"embeddable":true,"href":"https:\/\/noticiasbahia360.com.br\/index.php?rest_route=\/wp\/v2\/media\/148515"}],"wp:attachment":[{"href":"https:\/\/noticiasbahia360.com.br\/index.php?rest_route=%2Fwp%2Fv2%2Fmedia&parent=148514"}],"wp:term":[{"taxonomy":"category","embeddable":true,"href":"https:\/\/noticiasbahia360.com.br\/index.php?rest_route=%2Fwp%2Fv2%2Fcategories&post=148514"},{"taxonomy":"post_tag","embeddable":true,"href":"https:\/\/noticiasbahia360.com.br\/index.php?rest_route=%2Fwp%2Fv2%2Ftags&post=148514"}],"curies":[{"name":"wp","href":"https:\/\/api.w.org\/{rel}","templated":true}]}}