{"id":148527,"date":"2026-09-02T16:00:21","date_gmt":"2026-09-02T19:00:21","guid":{"rendered":"https:\/\/noticiasbahia360.com.br\/?p=148527"},"modified":"2026-09-02T16:00:21","modified_gmt":"2026-09-02T19:00:21","slug":"operacao-da-policia-prende-tres-homens-investigados-por-violencia-contra-a-mulher-e-maus-tratos-a-animais","status":"publish","type":"post","link":"https:\/\/noticiasbahia360.com.br\/?p=148527","title":{"rendered":"Opera\u00e7\u00e3o da pol\u00edcia prende tr\u00eas homens investigados por viol\u00eancia contra a mulher e maus-tratos a animais"},"content":{"rendered":"<div>\n<div>\n<figure><img decoding=\"async\" src=\"http:\/\/noticiasbahia360.com.br\/wp-content\/uploads\/2026\/09\/Policia-Civil-Foto-Ilustrativa-Divulgacao-Ascom-PCBA-1.jpg\" alt=\"Pol\u00edcia Civil\"><figcaption>Foto: Ilustrativa\/ Divulga\u00e7\u00e3o\/ Ascom-PCBA<\/figcaption><\/figure>\n<\/div>\n<p class=\"wp-block-paragraph\">A Opera\u00e7\u00e3o Patronus, deflagrada pela Pol\u00edcia Civil da Bahia, na manh\u00e3 desta quarta-feira (2), com o objetivo de combater crimes de viol\u00eancia contra a mulher e delitos ambientais no munic\u00edpio de Brej\u00f5es, resultou na pris\u00e3o preventiva de tr\u00eas homens e no cumprimento de dois mandados de busca e apreens\u00e3o domiciliar.<\/p>\n<p class=\"wp-block-paragraph\">Um dos alvos, de 21 anos, \u00e9 suspeito do crime de divulga\u00e7\u00e3o de cena de sexo ou pornografia. Segundo as apura\u00e7\u00f5es, o fato aconteceu no m\u00eas de junho deste ano, tendo como v\u00edtima uma mulher de 18 anos.<\/p>\n<p class=\"wp-block-paragraph\">O segundo alvo, de 57 anos, \u00e9 suspeito de maus-tratos contra animais. Conforme levantamentos realizados pela unidade policial, os c\u00e3es que vivem na resid\u00eancia do homem eram submetidos \u00e0s condi\u00e7\u00f5es que motivaram a apura\u00e7\u00e3o. No local, foram encontrados mais de dez animais.<\/p>\n<p class=\"wp-block-paragraph\">J\u00e1 o terceiro suspeito, de 68 anos, \u00e9 investigado por descumprimento de medidas protetivas de urg\u00eancia impostas pela Justi\u00e7a, em raz\u00e3o de atos de viol\u00eancia praticados contra a esposa, em janeiro deste ano, sendo que em agosto, ele descumpriu a medida de afastamento do lar.<\/p>\n<p class=\"wp-block-paragraph\">Durante as dilig\u00eancias, tamb\u00e9m foram apreendidos aparelhos celulares, dispositivos eletr\u00f4nicos e outros objetos considerados relevantes para o prosseguimento dos trabalhos. O material ser\u00e1 submetido aos procedimentos periciais. Ap\u00f3s o cumprimento das ordens judiciais, os investigados foram encaminhados \u00e0 unidade policial, onde foram adotadas as medidas legais cab\u00edveis. Eles permanecem custodiados \u00e0 disposi\u00e7\u00e3o da Justi\u00e7a.<\/p>\n<p class=\"wp-block-paragraph\">A a\u00e7\u00e3o aconteceu no \u00e2mbito da Opera\u00e7\u00e3o Malhas da Lei e foi realizada por meio da Delegacia Territorial (DT\/Brej\u00f5es), com o apoio operacional de equipes do Grupo de Apoio T\u00e1tico e T\u00e9cnico \u00e0 Investiga\u00e7\u00e3o (Gatti\/Central), N\u00facleo de Homic\u00eddios (NH), Delegacia de T\u00f3xicos e Entorpecentes (DTE), Delegacia de Repress\u00e3o a Furtos e Roubos (DRFR) e Delegacia Especial de Atendimento \u00e0 Mulher (Deam), unidades vinculadas \u00e0 9\u00aa Coordenadoria Regional de Pol\u00edcia do Interior (9\u00aa Coorpin\/Jequi\u00e9).<\/p>\n<p class=\"wp-block-paragraph\"><em>Siga o Acorda Cidade no\u00a0<\/em><a href=\"https:\/\/news.google.com\/search?q=acorda%20cidade&amp;hl=pt-BR&amp;gl=BR&amp;ceid=BR%3Apt-419\"><strong><em>Google Not\u00edcias<\/em><\/strong><\/a><em>\u00a0e receba os principais destaques do dia. Participe tamb\u00e9m dos nossos canais no\u00a0<\/em><a href=\"https:\/\/www.whatsapp.com\/channel\/0029Va6Rb4v3WHTNnsh8WI3N\"><strong><em>WhatsApp<\/em><\/strong><\/a><em>\u00a0e\u00a0<\/em><a href=\"https:\/\/www.youtube.com\/@acordacidadenoticias\/videos\"><strong>YouTube<\/strong><\/a><em>\u00a0e do grupo no\u00a0<\/em><a href=\"https:\/\/t.me\/+sSz0khrgARA0ZmRh\"><strong><em>Telegram<\/em><\/strong><\/a><em>.<\/em><\/p>\n<\/div>\n","protected":false},"excerpt":{"rendered":"<p>Foto: Ilustrativa\/ Divulga\u00e7\u00e3o\/ Ascom-PCBA A Opera\u00e7\u00e3o Patronus, deflagrada pela Pol\u00edcia Civil da Bahia, na manh\u00e3<\/p>\n","protected":false},"author":1,"featured_media":148528,"comment_status":"closed","ping_status":"closed","sticky":false,"template":"","format":"gallery","meta":{"footnotes":""},"categories":[8,9,6,57,56,10],"tags":[],"class_list":["post-148527","post","type-post","status-publish","format-gallery","has-post-thumbnail","hentry","category-bahia","category-brasil","category-feira-de-santana","category-mundo","category-policia","category-politica","post_format-post-format-gallery"],"featured_image_urls":{"full":["https:\/\/noticiasbahia360.com.br\/wp-content\/uploads\/2026\/09\/Policia-Civil-Foto-Ilustrativa-Divulgacao-Ascom-PCBA-1.jpg",1200,960,false],"thumbnail":["https:\/\/noticiasbahia360.com.br\/wp-content\/uploads\/2026\/09\/Policia-Civil-Foto-Ilustrativa-Divulgacao-Ascom-PCBA-1-150x150.jpg",150,150,true],"medium":["https:\/\/noticiasbahia360.com.br\/wp-content\/uploads\/2026\/09\/Policia-Civil-Foto-Ilustrativa-Divulgacao-Ascom-PCBA-1-300x240.jpg",300,240,true],"medium_large":["https:\/\/noticiasbahia360.com.br\/wp-content\/uploads\/2026\/09\/Policia-Civil-Foto-Ilustrativa-Divulgacao-Ascom-PCBA-1-768x614.jpg",640,512,true],"large":["https:\/\/noticiasbahia360.com.br\/wp-content\/uploads\/2026\/09\/Policia-Civil-Foto-Ilustrativa-Divulgacao-Ascom-PCBA-1-1024x819.jpg",640,512,true],"1536x1536":["https:\/\/noticiasbahia360.com.br\/wp-content\/uploads\/2026\/09\/Policia-Civil-Foto-Ilustrativa-Divulgacao-Ascom-PCBA-1.jpg",1200,960,false],"2048x2048":["https:\/\/noticiasbahia360.com.br\/wp-content\/uploads\/2026\/09\/Policia-Civil-Foto-Ilustrativa-Divulgacao-Ascom-PCBA-1.jpg",1200,960,false],"chromenews-featured":["https:\/\/noticiasbahia360.com.br\/wp-content\/uploads\/2026\/09\/Policia-Civil-Foto-Ilustrativa-Divulgacao-Ascom-PCBA-1-1024x819.jpg",1024,819,true],"chromenews-large":["https:\/\/noticiasbahia360.com.br\/wp-content\/uploads\/2026\/09\/Policia-Civil-Foto-Ilustrativa-Divulgacao-Ascom-PCBA-1-825x575.jpg",825,575,true],"chromenews-medium":["https:\/\/noticiasbahia360.com.br\/wp-content\/uploads\/2026\/09\/Policia-Civil-Foto-Ilustrativa-Divulgacao-Ascom-PCBA-1-590x410.jpg",590,410,true]},"author_info":{"display_name":"noticiasbahia360.com.br","author_link":"https:\/\/noticiasbahia360.com.br\/?author=1"},"category_info":"<a href=\"https:\/\/noticiasbahia360.com.br\/?cat=8\" rel=\"category\">Bahia<\/a> <a href=\"https:\/\/noticiasbahia360.com.br\/?cat=9\" rel=\"category\">Brasil<\/a> <a href=\"https:\/\/noticiasbahia360.com.br\/?cat=6\" rel=\"category\">Feira de Santana<\/a> <a href=\"https:\/\/noticiasbahia360.com.br\/?cat=57\" rel=\"category\">Mundo<\/a> <a href=\"https:\/\/noticiasbahia360.com.br\/?cat=56\" rel=\"category\">Pol\u00edcia<\/a> <a href=\"https:\/\/noticiasbahia360.com.br\/?cat=10\" rel=\"category\">Pol\u00edtica<\/a>","tag_info":"Pol\u00edtica","comment_count":"0","_links":{"self":[{"href":"https:\/\/noticiasbahia360.com.br\/index.php?rest_route=\/wp\/v2\/posts\/148527","targetHints":{"allow":["GET"]}}],"collection":[{"href":"https:\/\/noticiasbahia360.com.br\/index.php?rest_route=\/wp\/v2\/posts"}],"about":[{"href":"https:\/\/noticiasbahia360.com.br\/index.php?rest_route=\/wp\/v2\/types\/post"}],"author":[{"embeddable":true,"href":"https:\/\/noticiasbahia360.com.br\/index.php?rest_route=\/wp\/v2\/users\/1"}],"replies":[{"embeddable":true,"href":"https:\/\/noticiasbahia360.com.br\/index.php?rest_route=%2Fwp%2Fv2%2Fcomments&post=148527"}],"version-history":[{"count":0,"href":"https:\/\/noticiasbahia360.com.br\/index.php?rest_route=\/wp\/v2\/posts\/148527\/revisions"}],"wp:featuredmedia":[{"embeddable":true,"href":"https:\/\/noticiasbahia360.com.br\/index.php?rest_route=\/wp\/v2\/media\/148528"}],"wp:attachment":[{"href":"https:\/\/noticiasbahia360.com.br\/index.php?rest_route=%2Fwp%2Fv2%2Fmedia&parent=148527"}],"wp:term":[{"taxonomy":"category","embeddable":true,"href":"https:\/\/noticiasbahia360.com.br\/index.php?rest_route=%2Fwp%2Fv2%2Fcategories&post=148527"},{"taxonomy":"post_tag","embeddable":true,"href":"https:\/\/noticiasbahia360.com.br\/index.php?rest_route=%2Fwp%2Fv2%2Ftags&post=148527"}],"curies":[{"name":"wp","href":"https:\/\/api.w.org\/{rel}","templated":true}]}}