{"id":148529,"date":"2026-09-02T16:00:22","date_gmt":"2026-09-02T19:00:22","guid":{"rendered":"https:\/\/noticiasbahia360.com.br\/?p=148529"},"modified":"2026-09-02T16:00:22","modified_gmt":"2026-09-02T19:00:22","slug":"comissao-aprova-fim-da-taxa-das-blusinhas-para-compras-de-ate-us-50","status":"publish","type":"post","link":"https:\/\/noticiasbahia360.com.br\/?p=148529","title":{"rendered":"Comiss\u00e3o aprova fim da \u2018taxa das blusinhas\u2019 para compras de at\u00e9 US$ 50"},"content":{"rendered":"<div>\n<div>\n<figure><img decoding=\"async\" src=\"http:\/\/noticiasbahia360.com.br\/wp-content\/uploads\/2026\/09\/taxa-de-blusinhas.jpg\" alt=\"taxa de blusinhas\"><figcaption>Foto: Rafa Neddermeyer\/Ag\u00eancia Brasil<\/figcaption><\/figure>\n<\/div>\n<p class=\"wp-block-paragraph\">Ag\u00eancia Brasil \u2014 <strong>A Comiss\u00e3o Mista do Congresso Nacional que analisa a medida provis\u00f3ria (MP) da \u201ctaxa das blusinhas\u201d aprovou, nesta quarta-feira (2), o texto que zera o imposto de 20% sobre compras internacionais at\u00e9 US$ 50 (cerca de R$ 257) feitas pela internet por meio de remessas postais.<\/strong><img decoding=\"async\" src=\"https:\/\/agenciabrasil.ebc.com.br\/ebc.png?id=1701350&amp;o=node\"><img decoding=\"async\" src=\"https:\/\/agenciabrasil.ebc.com.br\/ebc.gif?id=1701350&amp;o=node\"><\/p>\n<p class=\"wp-block-paragraph\">A medida agora segue para an\u00e1lise dos plen\u00e1rios da C\u00e2mara e do Senado. A expectativa \u00e9 de que a\u00a0<a href=\"https:\/\/www.planalto.gov.br\/ccivil_03\/_ato2023-2026\/2026\/mpv\/mpv1357.htm\" target=\"_blank\" rel=\"noreferrer noopener\">MP 1.357 de 2026<\/a>, editada pelo Executivo, seja aprovado nas duas Casas nesta semana, pois perde a validade na pr\u00f3xima ter\u00e7a-feira (8).<\/p>\n<p class=\"wp-block-paragraph\">Ao defender a aprova\u00e7\u00e3o da proposta, a relatora da MP, senadora Leila Barros (PDT-DF), citou a isen\u00e7\u00e3o de tributos federais para brasileiros que se deslocam ao exterior e podem adquirir at\u00e9 US$ 1 mil em compras sem <a href=\"https:\/\/www.acordacidade.com.br\/tag\/impostos\/\" data-type=\"post_tag\" data-id=\"35245\">impostos<\/a>. \u00a0<\/p>\n<blockquote class=\"wp-block-quote is-layout-flow wp-block-quote-is-layout-flow\">\n<p class=\"wp-block-paragraph\">\u201cH\u00e1 uma clara assimetria entre o tratamento das compras internacionais feitas pelos mais ricos e aquelas realizadas pelas fam\u00edlias mais carentes. Tributar pesadamente essa remessa, ao mesmo tempo em que se preserva a generosa isen\u00e7\u00e3o de bagagem, equivale a proteger o consumo do mais rico e onerar o do mais pobre\u201d, justificou.<\/p>\n<\/blockquote>\n<p class=\"wp-block-paragraph\">Leila Barros\u00a0<a href=\"https:\/\/legis.senado.leg.br\/sdleg-getter\/documento?dm=10310796&amp;ts=1788363889377&amp;rendition_principal=S&amp;disposition=inline\" target=\"_blank\" rel=\"noreferrer noopener\">fez altera\u00e7\u00f5es na MP<\/a>\u00a0que chegou do Executivo, acatando emenda que zera o imposto de importa\u00e7\u00e3o de medicamentos que n\u00e3o tem vers\u00e3o similar no Brasil.<\/p>\n<p class=\"wp-block-paragraph\"><strong>A MP aprovada na Comiss\u00e3o ainda prev\u00ea uma redu\u00e7\u00e3o de 60% para 30% da al\u00edquota de importa\u00e7\u00e3o para compras de at\u00e9 US$ 3 mil por remessas postais vindas do exterior.<\/strong><\/p>\n<p class=\"wp-block-paragraph\">A mudan\u00e7a prevista na MP foi criticada pelo senador Izalci Lucas (PL-DF), que argumentou que a redu\u00e7\u00e3o das al\u00edquotas deve prejudicar os produtores nacionais:<\/p>\n<blockquote class=\"wp-block-quote is-layout-flow wp-block-quote-is-layout-flow\">\n<p class=\"wp-block-paragraph\">\u201cN\u00f3s somos favor\u00e1veis de n\u00e3o taxar. Agora, temos que ter isonomia. Como \u00e9 que n\u00f3s vamos incentivar o trabalhador chin\u00eas em detrimento do nosso trabalhador aqui?\u201d<\/p>\n<\/blockquote>\n<h2 id=\"h-mudancas-na-mp\" class=\"wp-block-heading\">Mudan\u00e7as na MP<\/h2>\n<p class=\"wp-block-paragraph\"><strong>A senadora Leila Barros ainda incluiu na MP a previs\u00e3o de uma avalia\u00e7\u00e3o peri\u00f3dica, a ser feita pelo Minist\u00e9rio da Fazenda, para analisar os efeitos econ\u00f4micos da isen\u00e7\u00e3o proposta.<\/strong><\/p>\n<p class=\"wp-block-paragraph\">\u201cA senadora Leila fez a altera\u00e7\u00e3o para atender a uma preocupa\u00e7\u00e3o apresentada pelo setor produtivo e busca garantir dados e transpar\u00eancia para acompanhar os efeitos da pol\u00edtica\u201d, informou a assessoria da relatora.<\/p>\n<p class=\"wp-block-paragraph\">A Fazenda dever\u00e1 apresentar um primeiro relat\u00f3rio em novembro deste ano, com novas avalia\u00e7\u00f5es a cada seis meses com informa\u00e7\u00f5es de indicadores como emprego e renda, competitividade nacional e arrecada\u00e7\u00e3o.<\/p>\n<p class=\"wp-block-paragraph\"><strong>A avalia\u00e7\u00e3o peri\u00f3dica da pol\u00edtica de isen\u00e7\u00e3o dessas importa\u00e7\u00f5es deve ainda ser acompanhada por setores empresariais de t\u00eaxteis e vestu\u00e1rio; cal\u00e7ados; acess\u00f3rios; brinquedos e cosm\u00e9ticos.<\/strong><\/p>\n<p class=\"wp-block-paragraph\">O regime de tributa\u00e7\u00e3o diferenciado para essas compras ainda ter\u00e3o que passar por avalia\u00e7\u00e3o anual do Congresso Nacional.<\/p>\n<p class=\"wp-block-paragraph\"><strong>A MP da taxa das blusinhas sofre oposi\u00e7\u00e3o de setores empresariais nacionais que alegam \u201cconcorr\u00eancia desleal\u201d por parte de empresas estrangeiras, em especial, da China.<\/strong><\/p>\n<p class=\"wp-block-paragraph\"><strong>J\u00e1 o governo argumenta que a medida favorece o consumo popular e contribui para formalizar essas opera\u00e7\u00f5es, reduzindo a informalidade e a evas\u00e3o fiscal.<\/strong><\/p>\n<h2 id=\"h-fiscalizacao\" class=\"wp-block-heading\">Fiscaliza\u00e7\u00e3o<\/h2>\n<p class=\"wp-block-paragraph\">O relat\u00f3rio da senadora Leila ainda incluiu novas obriga\u00e7\u00f5es para plataformas digitais e operadores log\u00edsticos dessas importa\u00e7\u00f5es para identificar e combater fraudes.<\/p>\n<blockquote class=\"wp-block-quote is-layout-flow wp-block-quote-is-layout-flow\">\n<p class=\"wp-block-paragraph\">\u201cElas dever\u00e3o garantir a rastreabilidade dos vendedores estrangeiros, monitorar padr\u00f5es anormais de remessas, manter registros eletr\u00f4nicos das opera\u00e7\u00f5es e cooperar com a Receita Federal.\u201d<\/p>\n<\/blockquote>\n<p class=\"wp-block-paragraph\">Caso as empresas descumpram as regras de fiscaliza\u00e7\u00e3o, est\u00e3o previstas penalidades que v\u00e3o desde a advert\u00eancia at\u00e9 multa \u201cproporcional \u00e0s transa\u00e7\u00f5es envolvendo produtos ilegais, suspens\u00e3o tempor\u00e1ria das atividades e, nos casos graves ou reiterados, proibi\u00e7\u00e3o de operar no mercado nacional\u201d.<\/p>\n<p class=\"wp-block-paragraph\"><em>Siga o Acorda Cidade no\u00a0<\/em><a href=\"https:\/\/news.google.com\/search?q=acorda%20cidade&amp;hl=pt-BR&amp;gl=BR&amp;ceid=BR%3Apt-419\"><strong><em>Google Not\u00edcias<\/em><\/strong><\/a><em>\u00a0e receba os principais destaques do dia. Participe tamb\u00e9m dos nossos canais no\u00a0<\/em><a href=\"https:\/\/www.whatsapp.com\/channel\/0029Va6Rb4v3WHTNnsh8WI3N\"><strong><em>WhatsApp<\/em><\/strong><\/a><em>\u00a0e\u00a0<\/em><a href=\"https:\/\/www.youtube.com\/@acordacidadenoticias\/videos\"><strong>YouTube<\/strong><\/a><em>\u00a0e do grupo no\u00a0<\/em><a href=\"https:\/\/t.me\/+sSz0khrgARA0ZmRh\"><strong><em>Telegram<\/em><\/strong><\/a><em>.<\/em><\/p>\n<\/div>\n","protected":false},"excerpt":{"rendered":"<p>Foto: Rafa Neddermeyer\/Ag\u00eancia Brasil Ag\u00eancia Brasil \u2014 A Comiss\u00e3o Mista do Congresso Nacional que analisa<\/p>\n","protected":false},"author":1,"featured_media":148530,"comment_status":"closed","ping_status":"closed","sticky":false,"template":"","format":"gallery","meta":{"footnotes":""},"categories":[8,9,6,57,56,10],"tags":[],"class_list":["post-148529","post","type-post","status-publish","format-gallery","has-post-thumbnail","hentry","category-bahia","category-brasil","category-feira-de-santana","category-mundo","category-policia","category-politica","post_format-post-format-gallery"],"featured_image_urls":{"full":["https:\/\/noticiasbahia360.com.br\/wp-content\/uploads\/2026\/09\/taxa-de-blusinhas.jpg",1200,718,false],"thumbnail":["https:\/\/noticiasbahia360.com.br\/wp-content\/uploads\/2026\/09\/taxa-de-blusinhas-150x150.jpg",150,150,true],"medium":["https:\/\/noticiasbahia360.com.br\/wp-content\/uploads\/2026\/09\/taxa-de-blusinhas-300x180.jpg",300,180,true],"medium_large":["https:\/\/noticiasbahia360.com.br\/wp-content\/uploads\/2026\/09\/taxa-de-blusinhas-768x460.jpg",640,383,true],"large":["https:\/\/noticiasbahia360.com.br\/wp-content\/uploads\/2026\/09\/taxa-de-blusinhas-1024x613.jpg",640,383,true],"1536x1536":["https:\/\/noticiasbahia360.com.br\/wp-content\/uploads\/2026\/09\/taxa-de-blusinhas.jpg",1200,718,false],"2048x2048":["https:\/\/noticiasbahia360.com.br\/wp-content\/uploads\/2026\/09\/taxa-de-blusinhas.jpg",1200,718,false],"chromenews-featured":["https:\/\/noticiasbahia360.com.br\/wp-content\/uploads\/2026\/09\/taxa-de-blusinhas-1024x613.jpg",1024,613,true],"chromenews-large":["https:\/\/noticiasbahia360.com.br\/wp-content\/uploads\/2026\/09\/taxa-de-blusinhas-825x575.jpg",825,575,true],"chromenews-medium":["https:\/\/noticiasbahia360.com.br\/wp-content\/uploads\/2026\/09\/taxa-de-blusinhas-590x410.jpg",590,410,true]},"author_info":{"display_name":"noticiasbahia360.com.br","author_link":"https:\/\/noticiasbahia360.com.br\/?author=1"},"category_info":"<a href=\"https:\/\/noticiasbahia360.com.br\/?cat=8\" rel=\"category\">Bahia<\/a> <a href=\"https:\/\/noticiasbahia360.com.br\/?cat=9\" rel=\"category\">Brasil<\/a> <a href=\"https:\/\/noticiasbahia360.com.br\/?cat=6\" rel=\"category\">Feira de Santana<\/a> <a href=\"https:\/\/noticiasbahia360.com.br\/?cat=57\" rel=\"category\">Mundo<\/a> <a href=\"https:\/\/noticiasbahia360.com.br\/?cat=56\" rel=\"category\">Pol\u00edcia<\/a> <a href=\"https:\/\/noticiasbahia360.com.br\/?cat=10\" rel=\"category\">Pol\u00edtica<\/a>","tag_info":"Pol\u00edtica","comment_count":"0","_links":{"self":[{"href":"https:\/\/noticiasbahia360.com.br\/index.php?rest_route=\/wp\/v2\/posts\/148529","targetHints":{"allow":["GET"]}}],"collection":[{"href":"https:\/\/noticiasbahia360.com.br\/index.php?rest_route=\/wp\/v2\/posts"}],"about":[{"href":"https:\/\/noticiasbahia360.com.br\/index.php?rest_route=\/wp\/v2\/types\/post"}],"author":[{"embeddable":true,"href":"https:\/\/noticiasbahia360.com.br\/index.php?rest_route=\/wp\/v2\/users\/1"}],"replies":[{"embeddable":true,"href":"https:\/\/noticiasbahia360.com.br\/index.php?rest_route=%2Fwp%2Fv2%2Fcomments&post=148529"}],"version-history":[{"count":0,"href":"https:\/\/noticiasbahia360.com.br\/index.php?rest_route=\/wp\/v2\/posts\/148529\/revisions"}],"wp:featuredmedia":[{"embeddable":true,"href":"https:\/\/noticiasbahia360.com.br\/index.php?rest_route=\/wp\/v2\/media\/148530"}],"wp:attachment":[{"href":"https:\/\/noticiasbahia360.com.br\/index.php?rest_route=%2Fwp%2Fv2%2Fmedia&parent=148529"}],"wp:term":[{"taxonomy":"category","embeddable":true,"href":"https:\/\/noticiasbahia360.com.br\/index.php?rest_route=%2Fwp%2Fv2%2Fcategories&post=148529"},{"taxonomy":"post_tag","embeddable":true,"href":"https:\/\/noticiasbahia360.com.br\/index.php?rest_route=%2Fwp%2Fv2%2Ftags&post=148529"}],"curies":[{"name":"wp","href":"https:\/\/api.w.org\/{rel}","templated":true}]}}