{"id":148531,"date":"2026-09-02T16:00:24","date_gmt":"2026-09-02T19:00:24","guid":{"rendered":"https:\/\/noticiasbahia360.com.br\/?p=148531"},"modified":"2026-09-02T16:00:24","modified_gmt":"2026-09-02T19:00:24","slug":"ancelotti-anuncia-convocados-da-selecao-para-amistosos-com-australia-e-india-no-dia-9","status":"publish","type":"post","link":"https:\/\/noticiasbahia360.com.br\/?p=148531","title":{"rendered":"Ancelotti anuncia convocados da Sele\u00e7\u00e3o para amistosos com Austr\u00e1lia e \u00cdndia no dia 9"},"content":{"rendered":"<div>\n<div>\n<figure><img decoding=\"async\" src=\"http:\/\/noticiasbahia360.com.br\/wp-content\/uploads\/2026\/09\/Carlo-Ancelotti-250825.jpg\" alt=\"Veja a lista de Carlo Ancelotti para enfrentar Chile e Bol\u00edvia\"><figcaption>Carlo Ancelotti | Foto: Cah\u00ea Mota \/ ge<\/figcaption><\/figure>\n<\/div>\n<p class=\"wp-block-paragraph\">A convoca\u00e7\u00e3o da Sele\u00e7\u00e3o Brasileira para os amistosos com Austr\u00e1lia e \u00cdndia, na pr\u00f3xima Data FIFA, ser\u00e1 realizada na sede da CBF, no Rio de Janeiro, na pr\u00f3xima quarta-feira, 9 de setembro, \u00e0s 15h (de Bras\u00edlia). O evento ter\u00e1 transmiss\u00e3o ao vivo da CBF TV.<\/p>\n<p class=\"wp-block-paragraph\">Na ocasi\u00e3o, o t\u00e9cnico Carlo Ancelotti vai divulgar os 26 atletas que formar\u00e3o o grupo que iniciar\u00e1 a caminhada rumo \u00e0 Copa do Mundo de 2030. O primeiro desafio ser\u00e1 j\u00e1 em setembro, na chamada Super Data Fifa, com tr\u00eas duelos internacionais. Ainda em 2026 haver\u00e1 outra Data Fifa, em novembro.<\/p>\n<p class=\"wp-block-paragraph\">Esta ser\u00e1 a primeira convoca\u00e7\u00e3o da Amarelinha desde a participa\u00e7\u00e3o no \u00faltimo Mundial. O Brasil ter\u00e1 dois compromissos com a Austr\u00e1lia. No dia 25 de setembro, \u00e0s 7h de Bras\u00edlia (20h no hor\u00e1rio local) enfrenta os australianos no est\u00e1dio Queensland Country Bank, em Townsville. Em seguida, no dia 29, tamb\u00e9m \u00e0s 7h de Bras\u00edlia (20h no hor\u00e1rio local) encara novamente os donos da casa, desta vez no est\u00e1dio Suncorp, em Brisbane.<\/p>\n<p class=\"wp-block-paragraph\">Ap\u00f3s enfrentar os australianos, a Sele\u00e7\u00e3o far\u00e1 seu primeiro jogo contra a \u00cdndia. Este encontro in\u00e9dito acontecer\u00e1 no dia 3 de outubro, \u00e0s 11h de Bras\u00edlia (19h30 no hor\u00e1rio local) no est\u00e1dio Salt Lake, na cidade de Calcut\u00e1.<\/p>\n<h2 id=\"h-observacao-para-amistosos\" class=\"wp-block-heading\">Observa\u00e7\u00e3o para amistosos<\/h2>\n<p class=\"wp-block-paragraph\">Para definir a lista de convocados, o treinador Carlo Ancelotti, sua comiss\u00e3o t\u00e9cnica e os demais profissionais do Departamento de Sele\u00e7\u00f5es Masculinas t\u00eam observado jogos do Campeonato Brasileiro, Copa do Brasil, Copa Libertadores, Copa Sul-Americana e de campeonatos europeus.<\/p>\n<p class=\"wp-block-paragraph\">Ao mesmo tempo, Ancelotti tem trabalhado o fortalecimento da integra\u00e7\u00e3o da Sele\u00e7\u00e3o Principal com as de base, trabalho que j\u00e1 foi iniciado com a sua chegada e que agora j\u00e1 acontece em maior intensidade, de olho tamb\u00e9m nos compromissos dessas sele\u00e7\u00f5es, como a Copa do Mundo Sub-17, em novembro, no Qatar, e a constru\u00e7\u00e3o de uma base para o pr\u00f3ximo ciclo ol\u00edmpico, cuja tarefa est\u00e1 nas m\u00e3os de Paulo Victor, treinador tamb\u00e9m da Sele\u00e7\u00e3o Sub-20.<\/p>\n<\/div>\n","protected":false},"excerpt":{"rendered":"<p>Carlo Ancelotti | Foto: Cah\u00ea Mota \/ ge A convoca\u00e7\u00e3o da Sele\u00e7\u00e3o Brasileira para os<\/p>\n","protected":false},"author":1,"featured_media":148532,"comment_status":"closed","ping_status":"closed","sticky":false,"template":"","format":"gallery","meta":{"footnotes":""},"categories":[8,9,6,57,56,10],"tags":[],"class_list":["post-148531","post","type-post","status-publish","format-gallery","has-post-thumbnail","hentry","category-bahia","category-brasil","category-feira-de-santana","category-mundo","category-policia","category-politica","post_format-post-format-gallery"],"featured_image_urls":{"full":["https:\/\/noticiasbahia360.com.br\/wp-content\/uploads\/2026\/09\/Carlo-Ancelotti-250825.jpg",1200,676,false],"thumbnail":["https:\/\/noticiasbahia360.com.br\/wp-content\/uploads\/2026\/09\/Carlo-Ancelotti-250825-150x150.jpg",150,150,true],"medium":["https:\/\/noticiasbahia360.com.br\/wp-content\/uploads\/2026\/09\/Carlo-Ancelotti-250825-300x169.jpg",300,169,true],"medium_large":["https:\/\/noticiasbahia360.com.br\/wp-content\/uploads\/2026\/09\/Carlo-Ancelotti-250825-768x433.jpg",640,361,true],"large":["https:\/\/noticiasbahia360.com.br\/wp-content\/uploads\/2026\/09\/Carlo-Ancelotti-250825-1024x577.jpg",640,361,true],"1536x1536":["https:\/\/noticiasbahia360.com.br\/wp-content\/uploads\/2026\/09\/Carlo-Ancelotti-250825.jpg",1200,676,false],"2048x2048":["https:\/\/noticiasbahia360.com.br\/wp-content\/uploads\/2026\/09\/Carlo-Ancelotti-250825.jpg",1200,676,false],"chromenews-featured":["https:\/\/noticiasbahia360.com.br\/wp-content\/uploads\/2026\/09\/Carlo-Ancelotti-250825-1024x577.jpg",1024,577,true],"chromenews-large":["https:\/\/noticiasbahia360.com.br\/wp-content\/uploads\/2026\/09\/Carlo-Ancelotti-250825-825x575.jpg",825,575,true],"chromenews-medium":["https:\/\/noticiasbahia360.com.br\/wp-content\/uploads\/2026\/09\/Carlo-Ancelotti-250825-590x410.jpg",590,410,true]},"author_info":{"display_name":"noticiasbahia360.com.br","author_link":"https:\/\/noticiasbahia360.com.br\/?author=1"},"category_info":"<a href=\"https:\/\/noticiasbahia360.com.br\/?cat=8\" rel=\"category\">Bahia<\/a> <a href=\"https:\/\/noticiasbahia360.com.br\/?cat=9\" rel=\"category\">Brasil<\/a> <a href=\"https:\/\/noticiasbahia360.com.br\/?cat=6\" rel=\"category\">Feira de Santana<\/a> <a href=\"https:\/\/noticiasbahia360.com.br\/?cat=57\" rel=\"category\">Mundo<\/a> <a href=\"https:\/\/noticiasbahia360.com.br\/?cat=56\" rel=\"category\">Pol\u00edcia<\/a> <a href=\"https:\/\/noticiasbahia360.com.br\/?cat=10\" rel=\"category\">Pol\u00edtica<\/a>","tag_info":"Pol\u00edtica","comment_count":"0","_links":{"self":[{"href":"https:\/\/noticiasbahia360.com.br\/index.php?rest_route=\/wp\/v2\/posts\/148531","targetHints":{"allow":["GET"]}}],"collection":[{"href":"https:\/\/noticiasbahia360.com.br\/index.php?rest_route=\/wp\/v2\/posts"}],"about":[{"href":"https:\/\/noticiasbahia360.com.br\/index.php?rest_route=\/wp\/v2\/types\/post"}],"author":[{"embeddable":true,"href":"https:\/\/noticiasbahia360.com.br\/index.php?rest_route=\/wp\/v2\/users\/1"}],"replies":[{"embeddable":true,"href":"https:\/\/noticiasbahia360.com.br\/index.php?rest_route=%2Fwp%2Fv2%2Fcomments&post=148531"}],"version-history":[{"count":0,"href":"https:\/\/noticiasbahia360.com.br\/index.php?rest_route=\/wp\/v2\/posts\/148531\/revisions"}],"wp:featuredmedia":[{"embeddable":true,"href":"https:\/\/noticiasbahia360.com.br\/index.php?rest_route=\/wp\/v2\/media\/148532"}],"wp:attachment":[{"href":"https:\/\/noticiasbahia360.com.br\/index.php?rest_route=%2Fwp%2Fv2%2Fmedia&parent=148531"}],"wp:term":[{"taxonomy":"category","embeddable":true,"href":"https:\/\/noticiasbahia360.com.br\/index.php?rest_route=%2Fwp%2Fv2%2Fcategories&post=148531"},{"taxonomy":"post_tag","embeddable":true,"href":"https:\/\/noticiasbahia360.com.br\/index.php?rest_route=%2Fwp%2Fv2%2Ftags&post=148531"}],"curies":[{"name":"wp","href":"https:\/\/api.w.org\/{rel}","templated":true}]}}